{"id":242049,"date":"2024-10-23T15:00:20","date_gmt":"2024-10-23T13:00:20","guid":{"rendered":"https:\/\/www.ifun.de\/?p=242049"},"modified":"2024-10-23T15:14:35","modified_gmt":"2024-10-23T13:14:35","slug":"ipad-mini-2024-zum-verkaufsstart-bereits-mit-preisnachlass","status":"publish","type":"post","link":"https:\/\/www.ifun.de\/ipad-mini-2024-zum-verkaufsstart-bereits-mit-preisnachlass-242049\/","title":{"rendered":"iPad mini 2024: Zum Verkaufsstart bereits mit Preisnachlass"},"content":{"rendered":"<p>Das in der vergangenen Woche vorgestellte <a href=\"https:\/\/apple.sjv.io\/Mm03JM\">neue iPad mini<\/a> ist jetzt erh\u00e4ltlich. Vorbesteller d\u00fcrfen damit rechnen, dass sie das Apple-Tablet heute bereits geliefert bekommen. Wer sich kurzfristig entscheidet, kann das neue iPad mini nicht nur zur kurzfristigen Lieferung <a href=\"https:\/\/apple.sjv.io\/Mm03JM\">bei Apple bestellen<\/a>, sondern auch in einem der deutschen Apple-Ladengesch\u00e4fte zur Abholung reservieren. Ebenso sollte das Tablet jetzt in den 16 deutschen Apple Stores auch zum Ausprobieren verf\u00fcgbar sein.<\/p>\n<p><a href=\"https:\/\/images.ifun.de\/wp-content\/uploads\/2024\/10\/ipad-mini-farben.jpg\"><img loading=\"lazy\" decoding=\"async\" src=\"https:\/\/images.ifun.de\/wp-content\/uploads\/2024\/10\/ipad-mini-farben-500x392.jpg\" alt=\"Ipad Mini Farben\" width=\"500\" height=\"392\" class=\"alignnone size-medium wp-image-242053\" srcset=\"https:\/\/images.ifun.de\/wp-content\/uploads\/2024\/10\/ipad-mini-farben-500x392.jpg 500w, https:\/\/images.ifun.de\/wp-content\/uploads\/2024\/10\/ipad-mini-farben-700x548.jpg 700w, https:\/\/images.ifun.de\/wp-content\/uploads\/2024\/10\/ipad-mini-farben-768x602.jpg 768w, https:\/\/images.ifun.de\/wp-content\/uploads\/2024\/10\/ipad-mini-farben.jpg 826w\" sizes=\"auto, (max-width: 500px) 100vw, 500px\" \/><\/a><\/p>\n<p>Zeitgleich mit der Verf\u00fcgbarkeit im Apple Store l\u00e4sst sich das neue Tablet auch bei den Vertriebspartnern von Apple bestellen. W\u00e4hrend sich Anbieter wie <a href=\"https:\/\/pvn.mediamarkt.de\/trck\/eclick\/fc83c8529e5e66bc7c3bdbde43dccfa1\" title=\"\u201eMehrwertsteuer geschenkt\u201c-Aktion\">MediaMarkt<\/a> oder <a href=\"https:\/\/clk.tradedoubler.com\/click?p=302027&amp;a=747172&amp;url=https%3A%2F%2Fwww.galaxus.de%2Fde%2F\" title=\"Onlineshop von Galaxus\">Galaxus<\/a> noch an die offizielle Preisempfehlung halten, gibt es das neue iPad mini <a rel=\"noindex, nofollow\" href=\"http:\/\/www.ifun.de\/amzn\/B0DK3Z3S7T\">bei Amazon bereits mit Rabatt<\/a>. Dieser f\u00e4llt zum Produktstart allerdings noch sehr verhalten aus.<\/p>\n<p>In der g\u00fcnstigeren WLAN-Version und mit der Basisausstattung von 128 GB Speicher bezahlt man f\u00fcr das iPad mini 2024 bei Amazon 590 Euro statt 599 Euro. Das Modell WiFi &#8211; Cellular wird bei Amazon ab 760 Euro und damit ebenfalls 9 Euro unter dem Apple-Preis angeboten.<\/p>\n<h2>Aufpassen: GPS nur mit dem Cellular-Modell<\/h2>\n<p>Wenn wir von den unterschiedlichen Varianten iPad mini Wi-Fi und iPad mini Wi-Fi + Cellular sprechen, wollten wir gleich nochmal daran erinnern, dass weiterhin nur die Cellular-Modelle der iPads \u00fcber einen integrierten GPS-Empf\u00e4nger verf\u00fcgen. Das hat sich auch bei den neusten Ger\u00e4ten in dieser Kategorie nicht ge\u00e4ndert.<\/p>\n<p><a href=\"https:\/\/images.ifun.de\/wp-content\/uploads\/2024\/10\/ipad-mini-gps.jpg\"><img loading=\"lazy\" decoding=\"async\" src=\"https:\/\/images.ifun.de\/wp-content\/uploads\/2024\/10\/ipad-mini-gps-700x384.jpg\" alt=\"Ipad Mini Gps\" width=\"700\" height=\"384\" class=\"alignnone size-large wp-image-242052\" srcset=\"https:\/\/images.ifun.de\/wp-content\/uploads\/2024\/10\/ipad-mini-gps-700x384.jpg 700w, https:\/\/images.ifun.de\/wp-content\/uploads\/2024\/10\/ipad-mini-gps-500x274.jpg 500w, https:\/\/images.ifun.de\/wp-content\/uploads\/2024\/10\/ipad-mini-gps-768x421.jpg 768w, https:\/\/images.ifun.de\/wp-content\/uploads\/2024\/10\/ipad-mini-gps.jpg 943w\" sizes=\"auto, (max-width: 700px) 100vw, 700px\" \/><\/a><\/p>\n<p>Wer also das iPad mini auch zur Navigation verwenden will, kommt an der teureren Cellular-Variante nicht vorbei. Die GPS-Funktion steht hier unabh\u00e4ngig davon zur Verf\u00fcgung, ob man das Ger\u00e4t mit einem Mobilfunkvertrag benutzt oder nicht.<\/p>\n<p>Und noch eine Info, die an vielen Nutzern vorbeigegangen ist. Die mit LTE- und 5G-Netzen kompatible Cellular-Version iPad mini verf\u00fcgt in der aktuellen Version auch \u00fcber keine Schublade f\u00fcr die SIM-Karte mehr. Das Ger\u00e4t l\u00e4sst sich ausschlie\u00dflich mit einer eSIM nutzen. Deren Bereitstellung sollte heutzutage jedoch bei keinem Anbieter mehr ein Problem sein.<br \/>\n<img loading=\"lazy\" decoding=\"async\" src=\"https:\/\/vg04.met.vgwort.de\/na\/2492f3c9546a45df93505b943287e0c5\" width=\"1\" height=\"1\" no-lazy class=\"tracking\"><\/p>\n<script>\r\n  function open_amazon(link) {\r\n    if (navigator.userAgent.indexOf(\"Firefox\") != -1) {\r\n      window.open(link, '_blank');\r\n    } else {\r\n      var tag = document.createElement('a');\r\n      tag.setAttribute('href', link);\r\n      tag.innerHTML = \"amzn\";\r\n      tag.click();\r\n    }\r\n  }\r\n<\/script>\r\n    <div id=\"article-single-amazon-preview\" onclick=\"return open_amazon('https:\/\/www.amazon.de\/dp\/B0DK3Z3S7T?tag=musicweb02&linkCode=ogi&th=1&psc=1');\">\n  <div id=\"article-single-amazon-preview-header\">\n    <span class=\"title\">Produkthinweis<\/span>\n      <\/div>\n  <div id=\"article-single-amazon-preview-content\">\n    <div id=\"article-single-amazon-preview-img\" style=\"background: url('https:\/\/m.media-amazon.com\/images\/I\/41D48sDgKwL.jpg') center center no-repeat; background-size: cover;\"><\/div>\n    <div id=\"article-single-amazon-preview-desc\">\n      <span class=\"bezeichnung\"><a href=\"https:\/\/www.amazon.de\/dp\/B0DK3Z3S7T?tag=musicweb02&linkCode=ogi&th=1&psc=1\" style=\"text-decoration: none; border-bottom: 0px; box-shadow: none;\">Apple iPad mini (A17 Pro): 8,3'' Liquid Retina Display, 128 GB, WLAN 6E, 12 MP Front \/12 R\u00fcckkamera, Touch ID, Batterie...<\/a><\/span>\n      <span class=\"preis--aktuell\">499,00 EUR<\/span>\n      <span class=\"preis--alt\">549,00 EUR<\/span>\n    <\/div>\n  <\/div>\n<\/div>\n","protected":false},"excerpt":{"rendered":"<a href=\"https:\/\/www.ifun.de\/ipad-mini-2024-zum-verkaufsstart-bereits-mit-preisnachlass-242049\/\"><img width=\"150\" height=\"150\" src=\"https:\/\/images.ifun.de\/wp-content\/uploads\/2024\/10\/ipad-mini-gps-150x150.jpg\" class=\"alignright tfe wp-post-image\" alt=\"Ipad Mini Gps\" decoding=\"async\" loading=\"lazy\" \/><\/a><p>Das in der vergangenen Woche vorgestellte neue iPad mini ist jetzt erh\u00e4ltlich. Vorbesteller d\u00fcrfen damit rechnen, dass sie das Apple-Tablet heute bereits geliefert bekommen. Wer sich kurzfristig entscheidet, kann das neue iPad mini nicht nur zur kurzfristigen Lieferung bei Apple bestellen, sondern auch in einem der deutschen Apple-Ladengesch\u00e4fte zur Abholung reservieren. Ebenso sollte das Tablet [&hellip;]<\/p>\n","protected":false},"author":2,"featured_media":242052,"comment_status":"open","ping_status":"closed","sticky":false,"template":"","format":"standard","meta":{"_acf_changed":false,"footnotes":""},"categories":[10],"tags":[1335],"class_list":["post-242049","post","type-post","status-publish","format-standard","has-post-thumbnail","hentry","category-ipad","tag-ipad-mini"],"acf":[],"aioseo_notices":[],"featured_image":["https:\/\/images.ifun.de\/wp-content\/uploads\/2024\/10\/ipad-mini-2024-feature-2.jpg"],"subheadline":["Ab heute erh\u00e4ltlich"],"rest_api_enabler":{"featured_image":"https:\/\/images.ifun.de\/wp-content\/uploads\/2024\/10\/ipad-mini-2024-feature-2.jpg","subheadline":"Ab heute erh\u00e4ltlich"},"_links":{"self":[{"href":"https:\/\/www.ifun.de\/apiv2\/wp\/v2\/posts\/242049","targetHints":{"allow":["GET"]}}],"collection":[{"href":"https:\/\/www.ifun.de\/apiv2\/wp\/v2\/posts"}],"about":[{"href":"https:\/\/www.ifun.de\/apiv2\/wp\/v2\/types\/post"}],"author":[{"embeddable":true,"href":"https:\/\/www.ifun.de\/apiv2\/wp\/v2\/users\/2"}],"replies":[{"embeddable":true,"href":"https:\/\/www.ifun.de\/apiv2\/wp\/v2\/comments?post=242049"}],"version-history":[{"count":10,"href":"https:\/\/www.ifun.de\/apiv2\/wp\/v2\/posts\/242049\/revisions"}],"predecessor-version":[{"id":242070,"href":"https:\/\/www.ifun.de\/apiv2\/wp\/v2\/posts\/242049\/revisions\/242070"}],"wp:featuredmedia":[{"embeddable":true,"href":"https:\/\/www.ifun.de\/apiv2\/wp\/v2\/media\/242052"}],"wp:attachment":[{"href":"https:\/\/www.ifun.de\/apiv2\/wp\/v2\/media?parent=242049"}],"wp:term":[{"taxonomy":"category","embeddable":true,"href":"https:\/\/www.ifun.de\/apiv2\/wp\/v2\/categories?post=242049"},{"taxonomy":"post_tag","embeddable":true,"href":"https:\/\/www.ifun.de\/apiv2\/wp\/v2\/tags?post=242049"}],"curies":[{"name":"wp","href":"https:\/\/api.w.org\/{rel}","templated":true}]}}