{"id":241924,"date":"2024-10-22T06:57:04","date_gmt":"2024-10-22T04:57:04","guid":{"rendered":"https:\/\/www.ifun.de\/?p=241924"},"modified":"2024-10-22T06:57:04","modified_gmt":"2024-10-22T04:57:04","slug":"neue-macs-haben-dieses-jahr-wohl-auch-usb-c-eingabegeraete-im-gepaeck","status":"publish","type":"post","link":"https:\/\/www.ifun.de\/neue-macs-haben-dieses-jahr-wohl-auch-usb-c-eingabegeraete-im-gepaeck-241924\/","title":{"rendered":"Neue Macs haben dieses Jahr wohl auch USB-C-Eingabeger\u00e4te im Gep\u00e4ck"},"content":{"rendered":"<p>Ab dem 28. Dezember m\u00fcssen nicht nur Mobiltelefone, Tablets und Kameras, die in der EU verkauft werden, sondern auch kabellose Eingabeger\u00e4te wie M\u00e4use und Tastaturen mit einem USB-C-Anschluss f\u00fcr Ladekabel und Netzteile ausgestattet sein. Aus diesem Grund haben wir schon bei Vorstellung der mit M2- und M3-Prozessoren ausgestatteten MacBook-Pro-Modelle im vergangenen Jahr erwartet, dass Apple eine \u00fcberarbeitete Version seiner Eingabeger\u00e4te vorstellen w\u00fcrde. In diesem Jahr wird nun wohl kein Weg daran vorbei f\u00fchren.<\/p>\n<h2>Hinweise im Quellcode<\/h2>\n<p>Die gestern ver\u00f6ffentlichte <a href=\"https:\/\/www.iphone-ticker.de\/ios-18-1-release-candidate-hoergeraetefunktion-und-fehlerbehebungen-im-fokus-244087\/\" title=\"iOS 18.1 Release Candidate: H\u00f6rger\u00e4tefunktion und Fehlerbehebungen im Fokus\">RC-Version von iOS 18.1<\/a> scheint dies zu best\u00e4tigen. Der Blogger Aaron Perris macht darauf aufmerksam, dass sich im Quellcode des neuen Betriebssystems Hinweise auf neue Versionen der Magic Mouse, des Magic Trackpad und der verschiedenen von Apple angebotenen Tastaturen finden.<\/p>\n<blockquote class=\"twitter-tweet\">\n<p lang=\"en\" dir=\"ltr\">iOS 18.1 RC reveals upcoming Magic Mouse, Magic Trackpad, and Magic Keyboard models! <a href=\"https:\/\/t.co\/FEkIkEfhK9\">pic.twitter.com\/FEkIkEfhK9<\/a><\/p>\n<p>&mdash; Aaron (@aaronp613) <a href=\"https:\/\/twitter.com\/aaronp613\/status\/1848424029507432670?ref_src=twsrc%5Etfw\">October 21, 2024<\/a><\/p><\/blockquote>\n<p> <script async src=\"https:\/\/platform.twitter.com\/widgets.js\" charset=\"utf-8\"><\/script><\/p>\n<p>Ein Upgrade f\u00fcr Apples Eingabeger\u00e4te passt thematisch nat\u00fcrlich perfekt zu der f\u00fcr diesen Monat erwarteten Vorstellung neuer Mac-Modelle, wobei wir au\u00dfer dem Tausch der Lightning- durch eine USB-C-Buchse wohl nicht zu viel erwarten sollten. Mit dem n\u00e4herr\u00fcckenden Monatsende stellt sich nat\u00fcrlich auch die Frage, in welcher Form Apple die Produktank\u00fcndigungen in diesem Jahr durchf\u00fchren will. Letztes Jahr gab es ja das zu ungew\u00f6hnlicher Uhrzeit am Abend (bei uns in der Nacht) vor Halloween durchgef\u00fchrte <a href=\"https:\/\/www.ifun.de\/event-splitter-touchbar-peripheriegeraete-prozessor-verschlechterungen-221583\/\">\u201eScary Fast\u201c-Event<\/a>.<\/p>\n<h2>In diesem Jahr kein Mac-Event?<\/h2>\n<p>In diesem Jahr sieht es mehr und mehr danach aus, als plane Apple f\u00fcr die Vorstellung der neuen Mac- und Zubeh\u00f6rmodelle keine gesonderte Veranstaltung, sondern werde die Ger\u00e4te \u00e4hnlich wie <a href=\"https:\/\/www.ifun.de\/apple-stellt-neues-ipad-mini-vor-241493\/\" title=\"Apple stellt neue Version des iPad mini vor\">in der vergangenen Woche<\/a> das neue iPad mini schlicht in Form einer Pressemeldung pr\u00e4sentieren. <\/p>\n<blockquote class=\"twitter-tweet\">\n<p lang=\"en\" dir=\"ltr\">I&#39;ve seen no evidence to suggest Apple will hold a full-scale, iPhone like event at its headquarters with press. Instead, I&#39;d anticipate the announcement to be online-focused with press hands-on opportunities, not too dissimilar from Scary Fast last year. <a href=\"https:\/\/t.co\/sb95Sj6I9l\">https:\/\/t.co\/sb95Sj6I9l<\/a><\/p>\n<p>&mdash; Mark Gurman (@markgurman) <a href=\"https:\/\/twitter.com\/markgurman\/status\/1848433594555133970?ref_src=twsrc%5Etfw\">October 21, 2024<\/a><\/p><\/blockquote>\n<p> <script async src=\"https:\/\/platform.twitter.com\/widgets.js\" charset=\"utf-8\"><\/script><\/p>\n<p>Aber auch, wenn es bislang noch keinerlei Hinweise auf ein bevorstehendes Apple-Event gibt, bei dem der Mac im Fokus steht: Ausschlie\u00dfen w\u00fcrden wir dergleichen noch nicht. Die im vergangenen Jahr Ende Oktober angek\u00fcndigte Mac-Pr\u00e4sentation mit dem Titel \u201eScary Fast\u201c wurde mit vergleichsweise kurzem Vorlauf nur f\u00fcnf Tage vorab angek\u00fcndigt. Falls sich Apple erneut f\u00fcr eine Pr\u00e4sentation am 30. Oktober entscheidet, w\u00e4re das in diesem Jahr der Mittwoch der n\u00e4chsten Woche.<img loading=\"lazy\" decoding=\"async\" src=\"https:\/\/vg04.met.vgwort.de\/na\/f5c15fd6e46442dea2bbc23c82ab48b6\" width=\"1\" height=\"1\" no-lazy class=\"tracking\"><\/p>\n","protected":false},"excerpt":{"rendered":"<a href=\"https:\/\/www.ifun.de\/neue-macs-haben-dieses-jahr-wohl-auch-usb-c-eingabegeraete-im-gepaeck-241924\/\"><img decoding=\"async\" width=\"150\" src=\"https:\/\/vg04.met.vgwort.de\/na\/f5c15fd6e46442dea2bbc23c82ab48b6\" class=\"alignright wp-post-image tfe\" alt=\"\" title=\"\" \/><\/a><p>Ab dem 28. Dezember m\u00fcssen nicht nur Mobiltelefone, Tablets und Kameras, die in der EU verkauft werden, sondern auch kabellose Eingabeger\u00e4te wie M\u00e4use und Tastaturen mit einem USB-C-Anschluss f\u00fcr Ladekabel und Netzteile ausgestattet sein. Aus diesem Grund haben wir schon bei Vorstellung der mit M2- und M3-Prozessoren ausgestatteten MacBook-Pro-Modelle im vergangenen Jahr erwartet, dass Apple [&hellip;]<\/p>\n","protected":false},"author":2,"featured_media":0,"comment_status":"open","ping_status":"closed","sticky":false,"template":"","format":"standard","meta":{"_acf_changed":false,"footnotes":""},"categories":[16],"tags":[6321,2650],"class_list":["post-241924","post","type-post","status-publish","format-standard","hentry","category-mac","tag-mac","tag-usb-c"],"acf":[],"aioseo_notices":[],"featured_image":["https:\/\/images.ifun.de\/wp-content\/uploads\/2023\/10\/unheimlich-schnell-mac-feature.jpg"],"subheadline":["Neues Trackpad, Maus und Tastaturen"],"rest_api_enabler":{"featured_image":"https:\/\/images.ifun.de\/wp-content\/uploads\/2023\/10\/unheimlich-schnell-mac-feature.jpg","subheadline":"Neues Trackpad, Maus und Tastaturen"},"_links":{"self":[{"href":"https:\/\/www.ifun.de\/apiv2\/wp\/v2\/posts\/241924","targetHints":{"allow":["GET"]}}],"collection":[{"href":"https:\/\/www.ifun.de\/apiv2\/wp\/v2\/posts"}],"about":[{"href":"https:\/\/www.ifun.de\/apiv2\/wp\/v2\/types\/post"}],"author":[{"embeddable":true,"href":"https:\/\/www.ifun.de\/apiv2\/wp\/v2\/users\/2"}],"replies":[{"embeddable":true,"href":"https:\/\/www.ifun.de\/apiv2\/wp\/v2\/comments?post=241924"}],"version-history":[{"count":5,"href":"https:\/\/www.ifun.de\/apiv2\/wp\/v2\/posts\/241924\/revisions"}],"predecessor-version":[{"id":241929,"href":"https:\/\/www.ifun.de\/apiv2\/wp\/v2\/posts\/241924\/revisions\/241929"}],"wp:attachment":[{"href":"https:\/\/www.ifun.de\/apiv2\/wp\/v2\/media?parent=241924"}],"wp:term":[{"taxonomy":"category","embeddable":true,"href":"https:\/\/www.ifun.de\/apiv2\/wp\/v2\/categories?post=241924"},{"taxonomy":"post_tag","embeddable":true,"href":"https:\/\/www.ifun.de\/apiv2\/wp\/v2\/tags?post=241924"}],"curies":[{"name":"wp","href":"https:\/\/api.w.org\/{rel}","templated":true}]}}