{"id":241795,"date":"2024-10-18T09:48:14","date_gmt":"2024-10-18T07:48:14","guid":{"rendered":"https:\/\/www.ifun.de\/?p=241795"},"modified":"2024-10-18T09:48:14","modified_gmt":"2024-10-18T07:48:14","slug":"minderungsrecht-bei-zu-langsamem-internet-weiterhin-zu-schwammig","status":"publish","type":"post","link":"https:\/\/www.ifun.de\/minderungsrecht-bei-zu-langsamem-internet-weiterhin-zu-schwammig-241795\/","title":{"rendered":"Minderungsrecht bei zu langsamem Internet weiterhin zu schwammig"},"content":{"rendered":"<p>Angesichts der unter dem Namen \u201eTelekommunikations-Netzausbau-Beschleunigungsgesetz\u201c (TK-Nabeg) anstehenden Novelle des Telekommunikationsgesetzes wiederholt der <a href=\"https:\/\/www.vzbv.de\/\">Bundesverband der Verbraucherzentralen<\/a> seine Forderungen nach einer verbraucherfreundlichen Umsetzung des Minderungsrechts bei zu geringer Bandbreite. Auch drei Jahre nach dem Inkrafttreten dieses mit der vorangegangenen \u00dcberarbeitung des Gesetzes eingef\u00fchrten Verbraucherrechts l\u00e4sst die Umsetzung in der Praxis zu w\u00fcnschen \u00fcbrig.<\/p>\n<p><a href=\"https:\/\/images.ifun.de\/wp-content\/uploads\/2020\/10\/glasfaser-kabel.jpg\"><img loading=\"lazy\" decoding=\"async\" src=\"https:\/\/images.ifun.de\/wp-content\/uploads\/2020\/10\/glasfaser-kabel-500x197.jpg\" alt=\"Glasfaser Kabel\" width=\"500\" height=\"197\" class=\"alignnone size-medium wp-image-160522\" srcset=\"https:\/\/images.ifun.de\/wp-content\/uploads\/2020\/10\/glasfaser-kabel-500x197.jpg 500w, https:\/\/images.ifun.de\/wp-content\/uploads\/2020\/10\/glasfaser-kabel-700x276.jpg 700w, https:\/\/images.ifun.de\/wp-content\/uploads\/2020\/10\/glasfaser-kabel-768x302.jpg 768w, https:\/\/images.ifun.de\/wp-content\/uploads\/2020\/10\/glasfaser-kabel.jpg 960w\" sizes=\"auto, (max-width: 500px) 100vw, 500px\" \/><\/a><\/p>\n<p>Der Verbraucherzentrale Bundesverband ist der Meinung, dass das Minderungsrecht bei zu geringer Bandbreite grundlegend reformiert werden muss. Bislang habe sich damit noch kein wirksames Instrument f\u00fcr mehr Verbraucherschutz im Telekommunikationsmarkt gefunden. Die Verbrauchersch\u00fctzer beanstanden weiterhin die Tatsache, dass die Anbieter mit unterschiedlichen und intransparenten Berechnungsmodellen arbeiten, wenn es um die H\u00f6he der Minderung des Tarifpreises geht.<\/p>\n<h2>Berechnungsgrundlagen unklar<\/h2>\n<p>F\u00fcr Verbraucher sei dabei oft v\u00f6llig unklar, wie eine festgesetzte Minderungsh\u00f6he zustande kommt. Zumal hier h\u00e4ufig nicht der gesamte Tarifpreis, sondern nur vom Anbieter einseitig festgelegte Bestandteile des Tarifs als Berechnungsgrundlage dienen.<\/p>\n<p>Unter anderem schl\u00e4gt der Verbraucherschutzverband daher eine monatliche Entsch\u00e4digungspauschale von 15 Euro vor, sofern eine erhebliche, kontinuierliche oder regelm\u00e4\u00dfige Abweichung der Internetgeschwindigkeit vorliegt.<\/p>\n<h2>Gesetz in der Entwurfsphase<\/h2>\n<p>Das TK-Nabeg liegt als Gesetzentwurf vor und durchl\u00e4uft derzeit die Phase der Beratung, in deren Rahmen der Ausschuss f\u00fcr Digitales des Deutschen<\/p>\n<p>Bundestages in dieser Woche auch eine <a href=\"https:\/\/www.bundestag.de\/dokumente\/textarchiv\/2024\/kw42-pa-digitales-netzausbau-1022612\">\u00f6ffentliche Anh\u00f6rung<\/a> durchgef\u00fchrt hat. Eine ausf\u00fchrliche Stellungnahme der Verbrauchersch\u00fctzer liegt <a href=\"https:\/\/www.vzbv.de\/sites\/default\/files\/2024-10\/24-10-11_vzbv_Fragenkatalog_Anh%C3%B6rung_TK_Nabeg.pdf\">hier als PDF<\/a> vor.<img loading=\"lazy\" decoding=\"async\" src=\"https:\/\/vg04.met.vgwort.de\/na\/5f061e63ccb242efbf3430b9ecc1956f\" width=\"1\" height=\"1\" no-lazy class=\"tracking\"><\/p>\n","protected":false},"excerpt":{"rendered":"<a href=\"https:\/\/www.ifun.de\/minderungsrecht-bei-zu-langsamem-internet-weiterhin-zu-schwammig-241795\/\"><img width=\"150\" height=\"150\" src=\"https:\/\/images.ifun.de\/wp-content\/uploads\/2024\/10\/glasfaser-150x150.jpg\" class=\"alignright tfe wp-post-image\" alt=\"Glasfaser\" decoding=\"async\" loading=\"lazy\" \/><\/a><p>Angesichts der unter dem Namen \u201eTelekommunikations-Netzausbau-Beschleunigungsgesetz\u201c (TK-Nabeg) anstehenden Novelle des Telekommunikationsgesetzes wiederholt der Bundesverband der Verbraucherzentralen seine Forderungen nach einer verbraucherfreundlichen Umsetzung des Minderungsrechts bei zu geringer Bandbreite. Auch drei Jahre nach dem Inkrafttreten dieses mit der vorangegangenen \u00dcberarbeitung des Gesetzes eingef\u00fchrten Verbraucherrechts l\u00e4sst die Umsetzung in der Praxis zu w\u00fcnschen \u00fcbrig. Der Verbraucherzentrale Bundesverband [&hellip;]<\/p>\n","protected":false},"author":2,"featured_media":241798,"comment_status":"open","ping_status":"closed","sticky":false,"template":"","format":"standard","meta":{"_acf_changed":false,"footnotes":""},"categories":[1],"tags":[118,2583],"class_list":["post-241795","post","type-post","status-publish","format-standard","has-post-thumbnail","hentry","category-news","tag-internet","tag-verbraucherschutz"],"acf":[],"aioseo_notices":[],"featured_image":["https:\/\/images.ifun.de\/wp-content\/uploads\/2022\/05\/unifi-router-unsplash-feature.jpg"],"subheadline":["Verbrauchersch\u00fctzer fordern klare Ansage"],"rest_api_enabler":{"featured_image":"https:\/\/images.ifun.de\/wp-content\/uploads\/2022\/05\/unifi-router-unsplash-feature.jpg","subheadline":"Verbrauchersch\u00fctzer fordern klare Ansage"},"_links":{"self":[{"href":"https:\/\/www.ifun.de\/apiv2\/wp\/v2\/posts\/241795","targetHints":{"allow":["GET"]}}],"collection":[{"href":"https:\/\/www.ifun.de\/apiv2\/wp\/v2\/posts"}],"about":[{"href":"https:\/\/www.ifun.de\/apiv2\/wp\/v2\/types\/post"}],"author":[{"embeddable":true,"href":"https:\/\/www.ifun.de\/apiv2\/wp\/v2\/users\/2"}],"replies":[{"embeddable":true,"href":"https:\/\/www.ifun.de\/apiv2\/wp\/v2\/comments?post=241795"}],"version-history":[{"count":4,"href":"https:\/\/www.ifun.de\/apiv2\/wp\/v2\/posts\/241795\/revisions"}],"predecessor-version":[{"id":241801,"href":"https:\/\/www.ifun.de\/apiv2\/wp\/v2\/posts\/241795\/revisions\/241801"}],"wp:featuredmedia":[{"embeddable":true,"href":"https:\/\/www.ifun.de\/apiv2\/wp\/v2\/media\/241798"}],"wp:attachment":[{"href":"https:\/\/www.ifun.de\/apiv2\/wp\/v2\/media?parent=241795"}],"wp:term":[{"taxonomy":"category","embeddable":true,"href":"https:\/\/www.ifun.de\/apiv2\/wp\/v2\/categories?post=241795"},{"taxonomy":"post_tag","embeddable":true,"href":"https:\/\/www.ifun.de\/apiv2\/wp\/v2\/tags?post=241795"}],"curies":[{"name":"wp","href":"https:\/\/api.w.org\/{rel}","templated":true}]}}