{"id":241785,"date":"2024-10-18T07:59:03","date_gmt":"2024-10-18T05:59:03","guid":{"rendered":"https:\/\/www.ifun.de\/?p=241785"},"modified":"2024-10-18T07:59:03","modified_gmt":"2024-10-18T05:59:03","slug":"a17-pro-im-ipad-mini-ein-grafik-kern-weniger-als-im-iphone-15-pro","status":"publish","type":"post","link":"https:\/\/www.ifun.de\/a17-pro-im-ipad-mini-ein-grafik-kern-weniger-als-im-iphone-15-pro-241785\/","title":{"rendered":"A17 Pro im iPad mini: Ein Grafik-Kern weniger als im iPhone 15 Pro"},"content":{"rendered":"<p>Als Apple am Dienstag das <a href=\"https:\/\/apple.sjv.io\/a4E1M\" title=\"iPad mini\">neue iPad mini<\/a> vorgestellt hat, war beim Blick auf die technischen Daten zwar nicht vom neusten Apple-Prozessor f\u00fcr Mobilger\u00e4te die Rede, doch hat das Ger\u00e4t den aus dem vergangenen Jahr stammenden A17 Pro an Bord. Der Sprung von dem im vorigen Modell des iPad mini verbauten A15 Bionic soll Apple zufolge f\u00fcr deutliche Leistungssteigerungen sorgen und das Ger\u00e4t zudem f\u00fcr die Integration von Apples KI-Funktionen \u201eApple Intelligence\u201c bereitmachen.<\/p>\n<p>Dabei wurde zun\u00e4chst allerdings \u00fcbersehen, dass Apple im neuen iPad mini zwar einen Prozessor vom Typ A17 Pro verbaut, dieser jedoch nicht identisch mit der im letzten Jahr mit dem iPhone 15 Pro vorgestellten Variante des Prozessors ist. Im iPad mini findet sich, wenn man so will, eine abgespeckte Variante davon, die zwar ebenfalls \u00fcber zwei Performance- und vier Effizienz-Kerne verf\u00fcgt, jedoch nur f\u00fcnf anstelle von sechs Grafikkernen an Bord hat.<\/p>\n<p><a href=\"https:\/\/images.ifun.de\/wp-content\/uploads\/2024\/10\/ipad-mini-a17-pro.jpg\"><img loading=\"lazy\" decoding=\"async\" src=\"https:\/\/images.ifun.de\/wp-content\/uploads\/2024\/10\/ipad-mini-a17-pro-700x163.jpg\" alt=\"Ipad Mini A17 Pro\" width=\"700\" height=\"163\" class=\"alignnone size-large wp-image-241792\" srcset=\"https:\/\/images.ifun.de\/wp-content\/uploads\/2024\/10\/ipad-mini-a17-pro-700x163.jpg 700w, https:\/\/images.ifun.de\/wp-content\/uploads\/2024\/10\/ipad-mini-a17-pro-500x116.jpg 500w, https:\/\/images.ifun.de\/wp-content\/uploads\/2024\/10\/ipad-mini-a17-pro-768x179.jpg 768w, https:\/\/images.ifun.de\/wp-content\/uploads\/2024\/10\/ipad-mini-a17-pro.jpg 1350w\" sizes=\"auto, (max-width: 700px) 100vw, 700px\" \/><\/a><\/p>\n<p>Als Grund f\u00fcr diese Eigenheit kommt das sogenannte \u201eProzessor-Binning\u201c in Frage. Nicht nur Apple, auch andere Chip-Hersteller m\u00fcssen sich mit dem Umstand arrangieren, dass bei der Fertigung ihrer Prozessoren auch Ausschuss anf\u00e4llt. Darunter finden sich auch ansonsten fehlerfreie und entsprechend leistungsf\u00e4hige Varianten, die nur in einzelnen Bereichen die Anforderungen an ein perfektes Produkt nicht erf\u00fcllen.<\/p>\n<p>Anstatt diese Prozessoren wegzuwerfen, versuchen die Hersteller nun, sie an anderer Stelle zu verwerten. Es ist anzunehmen, dass die im neuen iPad mini verbauten Versionen des A17 Pro zumindest teilweise bei der Produktion der iPhone-Pro-Modelle aus dem vergangenen Jahr abgefallen sind.<\/p>\n<h2>\u201eChip-Binning\u201c auch bei anderen Apple-Ger\u00e4ten praktiziert<\/h2>\n<p>F\u00fcr Apple ist diese Praxis keinesfalls Neuland. Wir haben dergleichen beispielsweise schon <a href=\"https:\/\/www.ifun.de\/ifixit-oeffnet-m1-macbooks-aenderungen-ueberraschend-unspektakulaer-162665\/\" title=\"ifixit \u00f6ffnet M1-MacBooks: \u00c4nderungen \u00fcberraschend unspektakul\u00e4r\">vor vier Jahren<\/a> gesehen, als Apple das MacBook Air in Varianten mit sieben oder acht Prozessorkernen verkauft hat. Beide Modelle waren mit dem gleichen Basisprozessor ausgestattet, bei der g\u00fcnstigeren Variante war allerdings nur ein Prozessorkern weniger aktiviert.<\/p>\n<p>Diese Vorgehensweise hat durchaus ihre Berechtigung, so erm\u00f6glicht das \u201eChip-Binning\u201c nicht nur eine nachhaltigere Produktion, sondern d\u00fcrfte zudem dazu f\u00fchren, dass leistungsf\u00e4hige Prozessoren mit einem gewissen Preisvorteil angeboten werden k\u00f6nnen.<img loading=\"lazy\" decoding=\"async\" src=\"https:\/\/vg04.met.vgwort.de\/na\/7677a4a334eb422d8bfc57fc27dd42f0\" width=\"1\" height=\"1\" no-lazy class=\"tracking\"><\/p>\n","protected":false},"excerpt":{"rendered":"<a href=\"https:\/\/www.ifun.de\/a17-pro-im-ipad-mini-ein-grafik-kern-weniger-als-im-iphone-15-pro-241785\/\"><img width=\"150\" height=\"150\" src=\"https:\/\/images.ifun.de\/wp-content\/uploads\/2024\/10\/ipad-mini-feature-1-150x150.jpg\" class=\"alignright tfe wp-post-image\" alt=\"Ipad Mini Feature\" decoding=\"async\" loading=\"lazy\" \/><\/a><p>Als Apple am Dienstag das neue iPad mini vorgestellt hat, war beim Blick auf die technischen Daten zwar nicht vom neusten Apple-Prozessor f\u00fcr Mobilger\u00e4te die Rede, doch hat das Ger\u00e4t den aus dem vergangenen Jahr stammenden A17 Pro an Bord. Der Sprung von dem im vorigen Modell des iPad mini verbauten A15 Bionic soll Apple [&hellip;]<\/p>\n","protected":false},"author":2,"featured_media":241790,"comment_status":"open","ping_status":"closed","sticky":false,"template":"","format":"standard","meta":{"_acf_changed":false,"footnotes":""},"categories":[10],"tags":[4968,1335],"class_list":["post-241785","post","type-post","status-publish","format-standard","has-post-thumbnail","hentry","category-ipad","tag-apple-prozessoren","tag-ipad-mini"],"acf":[],"aioseo_notices":[],"featured_image":["https:\/\/images.ifun.de\/wp-content\/uploads\/2024\/10\/ipad-mini-feature-1.jpg"],"subheadline":["Wohl \"Chip-Binning\" als Basis"],"rest_api_enabler":{"featured_image":"https:\/\/images.ifun.de\/wp-content\/uploads\/2024\/10\/ipad-mini-feature-1.jpg","subheadline":"Wohl \"Chip-Binning\" als Basis"},"_links":{"self":[{"href":"https:\/\/www.ifun.de\/apiv2\/wp\/v2\/posts\/241785","targetHints":{"allow":["GET"]}}],"collection":[{"href":"https:\/\/www.ifun.de\/apiv2\/wp\/v2\/posts"}],"about":[{"href":"https:\/\/www.ifun.de\/apiv2\/wp\/v2\/types\/post"}],"author":[{"embeddable":true,"href":"https:\/\/www.ifun.de\/apiv2\/wp\/v2\/users\/2"}],"replies":[{"embeddable":true,"href":"https:\/\/www.ifun.de\/apiv2\/wp\/v2\/comments?post=241785"}],"version-history":[{"count":5,"href":"https:\/\/www.ifun.de\/apiv2\/wp\/v2\/posts\/241785\/revisions"}],"predecessor-version":[{"id":241793,"href":"https:\/\/www.ifun.de\/apiv2\/wp\/v2\/posts\/241785\/revisions\/241793"}],"wp:featuredmedia":[{"embeddable":true,"href":"https:\/\/www.ifun.de\/apiv2\/wp\/v2\/media\/241790"}],"wp:attachment":[{"href":"https:\/\/www.ifun.de\/apiv2\/wp\/v2\/media?parent=241785"}],"wp:term":[{"taxonomy":"category","embeddable":true,"href":"https:\/\/www.ifun.de\/apiv2\/wp\/v2\/categories?post=241785"},{"taxonomy":"post_tag","embeddable":true,"href":"https:\/\/www.ifun.de\/apiv2\/wp\/v2\/tags?post=241785"}],"curies":[{"name":"wp","href":"https:\/\/api.w.org\/{rel}","templated":true}]}}