{"id":241182,"date":"2024-10-10T06:58:04","date_gmt":"2024-10-10T04:58:04","guid":{"rendered":"https:\/\/www.ifun.de\/?p=241182"},"modified":"2024-10-16T19:28:10","modified_gmt":"2024-10-16T17:28:10","slug":"dan-riccio-langjaehriger-hardware-entwicklungschef-verlaesst-apple","status":"publish","type":"post","link":"https:\/\/www.ifun.de\/dan-riccio-langjaehriger-hardware-entwicklungschef-verlaesst-apple-241182\/","title":{"rendered":"Dan Riccio: Langj\u00e4hriger Hardware-Entwicklungschef verl\u00e4sst Apple"},"content":{"rendered":"<p>Mit Dan Riccio verliert Apple einen weiteren langj\u00e4hrigen Mitarbeiter. Einem <a href=\"https:\/\/www.bloomberg.com\/news\/articles\/2024-10-09\/apple-s-dan-riccio-key-executive-in-both-the-jobs-and-cook-eras-to-retire\">Bloomberg-Bericht<\/a> zufolge verl\u00e4sst Riccio das Unternehmen in Richtung Ruhestand, nachdem er zuletzt damit betraut war, die Entwicklung der Mixed-Reality-Brille Vision Pro voranzutreiben.<\/p>\n<p>Riccio hat vor 26 Jahren als Leiter des Produktdesignteams bei Apple begonnen und hat 2010 noch unter Steve Jobs die Verantwortung f\u00fcr die iPad-Entwicklung \u00fcbernommen. Von 2012 bis 2021 hatte Riccio dann die komplette Hardware-Entwicklung bei Apple unter sich, bevor er diesen Posten an den potenziellen Nachfolger von Tim Cook, John Ternus abgetreten hat.<\/p>\n<h2>Hardware-Chef bei der Apple Vision Pro<\/h2>\n<p>Seither war Riccio in f\u00fchrender Position f\u00fcr die Entwicklung der Apple Vision Pro t\u00e4tig. Diese war bei seinem Wechsel in die neue Abteilung vor drei Jahren noch nicht offiziell. Dementsprechend war bei Apple damals lediglich die Rede von einer neuen Rolle, in der er sich auf ein neues Projekt konzentriert und direkt an den Firmenchef Tim Cook berichtet. Offenbar sieht der im Jahr 1963 Geborene die nun erfolgte Markteinf\u00fchrung der Vision Pro als den Abschluss seiner Karriere bei Apple.<\/p>\n<p>Zuvor war Riccio an zahlreichen erfolgreichen Apple-Produkten der vergangenen Jahre beteiligt. Tim Cook hat dessen Engagement mit den Worten gelobt, \u201ejede Innovation von Apple, bei deren Entwicklung Dan mitgeholfen hat, hat uns zu einem noch innovativeren Unternehmen gemacht\u201c. Allerdings musste Riccio bei Apple auch R\u00fcckschl\u00e4ge einstecken und beispielsweise das Aus f\u00fcr das Projekt &#8222;AirPower&#8220; eingestehen. Dem Vernehmen nach war Riccio auch in f\u00fchrender Rolle am mittlerweile wohl eingestellten Auto-Projekt von Apple beteiligt.<\/p>\n<p><a href=\"https:\/\/images.ifun.de\/wp-content\/uploads\/2024\/10\/riccio-ipad-air-2013.jpg\"><img loading=\"lazy\" decoding=\"async\" src=\"https:\/\/images.ifun.de\/wp-content\/uploads\/2024\/10\/riccio-ipad-air-2013-700x390.jpg\" alt=\"Riccio Ipad Air 2013\" width=\"700\" height=\"390\" class=\"alignnone size-large wp-image-241184\" srcset=\"https:\/\/images.ifun.de\/wp-content\/uploads\/2024\/10\/riccio-ipad-air-2013-700x390.jpg 700w, https:\/\/images.ifun.de\/wp-content\/uploads\/2024\/10\/riccio-ipad-air-2013-500x279.jpg 500w, https:\/\/images.ifun.de\/wp-content\/uploads\/2024\/10\/riccio-ipad-air-2013-768x428.jpg 768w, https:\/\/images.ifun.de\/wp-content\/uploads\/2024\/10\/riccio-ipad-air-2013.jpg 1400w\" sizes=\"auto, (max-width: 700px) 100vw, 700px\" \/><\/a><\/p>\n<h6>Dan Riccio bei der Pr\u00e4sentation des iPad Air 2013<\/h6>\n<h2>\u201eArbeit bei Apple die Chance meines Lebens\u201c<\/h2>\n<p>Riccio selbst bezeichnet seine Arbeit f\u00fcr Apple als die Chance seines Lebens. Man k\u00f6nne dort die besten Produkte der Welt mit den talentiertesten Menschen entwickeln, die man sich vorstellen kann.<\/p>\n<p>Der anstehende Weggang Riccios ist ein weiterer Beleg f\u00fcr den derzeitigen Umschwung bei Apple. Viele langj\u00e4hrige und schon als Weggef\u00e4hrten von Steve Jobs bei Apple t\u00e4tige Mitarbeiter verlassen das Unternehmen derzeit, um sich aus dem Arbeitsleben zur\u00fcckzuziehen oder sich neuen Projekten zu widmen. Apple steht vor der gro\u00dfen Herausforderung, kompetenten Ersatz f\u00fcr die mit diesen Personen verbundene Erfahrung und deren Innovationsgeist zu finden.<img loading=\"lazy\" decoding=\"async\" src=\"https:\/\/vg04.met.vgwort.de\/na\/02c36acdcce347ad9ac920503e837931\" width=\"1\" height=\"1\" no-lazy class=\"tracking\"><\/p>\n","protected":false},"excerpt":{"rendered":"<a href=\"https:\/\/www.ifun.de\/dan-riccio-langjaehriger-hardware-entwicklungschef-verlaesst-apple-241182\/\"><img width=\"150\" height=\"150\" src=\"https:\/\/images.ifun.de\/wp-content\/uploads\/2024\/10\/riccio-ipad-air-2013-150x150.jpg\" class=\"alignright tfe wp-post-image\" alt=\"Riccio Ipad Air 2013\" decoding=\"async\" loading=\"lazy\" \/><\/a><p>Mit Dan Riccio verliert Apple einen weiteren langj\u00e4hrigen Mitarbeiter. Einem Bloomberg-Bericht zufolge verl\u00e4sst Riccio das Unternehmen in Richtung Ruhestand, nachdem er zuletzt damit betraut war, die Entwicklung der Mixed-Reality-Brille Vision Pro voranzutreiben. Riccio hat vor 26 Jahren als Leiter des Produktdesignteams bei Apple begonnen und hat 2010 noch unter Steve Jobs die Verantwortung f\u00fcr die [&hellip;]<\/p>\n","protected":false},"author":2,"featured_media":241184,"comment_status":"open","ping_status":"closed","sticky":false,"template":"","format":"standard","meta":{"_acf_changed":false,"footnotes":""},"categories":[3,1783],"tags":[4736,6627],"class_list":["post-241182","post","type-post","status-publish","format-standard","has-post-thumbnail","hentry","category-apple","category-feature","tag-apple","tag-dan-riccio"],"acf":[],"aioseo_notices":[],"featured_image":["https:\/\/images.ifun.de\/wp-content\/uploads\/2024\/10\/dan-riccio-feature.jpg"],"subheadline":["Vision Pro als letztes Projekt"],"rest_api_enabler":{"featured_image":"https:\/\/images.ifun.de\/wp-content\/uploads\/2024\/10\/dan-riccio-feature.jpg","subheadline":"Vision Pro als letztes Projekt"},"_links":{"self":[{"href":"https:\/\/www.ifun.de\/apiv2\/wp\/v2\/posts\/241182","targetHints":{"allow":["GET"]}}],"collection":[{"href":"https:\/\/www.ifun.de\/apiv2\/wp\/v2\/posts"}],"about":[{"href":"https:\/\/www.ifun.de\/apiv2\/wp\/v2\/types\/post"}],"author":[{"embeddable":true,"href":"https:\/\/www.ifun.de\/apiv2\/wp\/v2\/users\/2"}],"replies":[{"embeddable":true,"href":"https:\/\/www.ifun.de\/apiv2\/wp\/v2\/comments?post=241182"}],"version-history":[{"count":4,"href":"https:\/\/www.ifun.de\/apiv2\/wp\/v2\/posts\/241182\/revisions"}],"predecessor-version":[{"id":241188,"href":"https:\/\/www.ifun.de\/apiv2\/wp\/v2\/posts\/241182\/revisions\/241188"}],"wp:featuredmedia":[{"embeddable":true,"href":"https:\/\/www.ifun.de\/apiv2\/wp\/v2\/media\/241184"}],"wp:attachment":[{"href":"https:\/\/www.ifun.de\/apiv2\/wp\/v2\/media?parent=241182"}],"wp:term":[{"taxonomy":"category","embeddable":true,"href":"https:\/\/www.ifun.de\/apiv2\/wp\/v2\/categories?post=241182"},{"taxonomy":"post_tag","embeddable":true,"href":"https:\/\/www.ifun.de\/apiv2\/wp\/v2\/tags?post=241182"}],"curies":[{"name":"wp","href":"https:\/\/api.w.org\/{rel}","templated":true}]}}