{"id":241039,"date":"2024-10-08T10:13:57","date_gmt":"2024-10-08T08:13:57","guid":{"rendered":"https:\/\/www.ifun.de\/?p=241039"},"modified":"2024-10-08T10:13:57","modified_gmt":"2024-10-08T08:13:57","slug":"icloud-com-mit-neuen-farben-und-optionen","status":"publish","type":"post","link":"https:\/\/www.ifun.de\/icloud-com-mit-neuen-farben-und-optionen-241039\/","title":{"rendered":"iCloud.com mit neuen Farben und Optionen"},"content":{"rendered":"<p>Apple hat <a href=\"https:\/\/www.icloud.com\/\">iCloud.com<\/a> \u00fcberarbeitet. Die f\u00fcr den Zugriff per Webbrowser optimierte Sammlung von iCloud-Funktionen steht von heute an mit neuen Darstellungsoptionen und verschiedenen Funktionserweiterungen zur Verf\u00fcgung. Nutzer mit einem aktiven Apple-Konto k\u00f6nnen \u00fcber die Internetadresse <a href=\"https:\/\/www.icloud.com\/\">www.iCloud.com<\/a> auf das Angebot zugreifen.<\/p>\n<p><a href=\"https:\/\/images.ifun.de\/wp-content\/uploads\/2024\/10\/icloud-com-neu-oktober-2024.jpg\"><img loading=\"lazy\" decoding=\"async\" src=\"https:\/\/images.ifun.de\/wp-content\/uploads\/2024\/10\/icloud-com-neu-oktober-2024-500x298.jpg\" alt=\"Icloud Com Neu Oktober 2024\" width=\"500\" height=\"298\" class=\"alignnone size-medium wp-image-241042\" srcset=\"https:\/\/images.ifun.de\/wp-content\/uploads\/2024\/10\/icloud-com-neu-oktober-2024-500x298.jpg 500w, https:\/\/images.ifun.de\/wp-content\/uploads\/2024\/10\/icloud-com-neu-oktober-2024-700x417.jpg 700w, https:\/\/images.ifun.de\/wp-content\/uploads\/2024\/10\/icloud-com-neu-oktober-2024-768x458.jpg 768w, https:\/\/images.ifun.de\/wp-content\/uploads\/2024\/10\/icloud-com-neu-oktober-2024.jpg 1111w\" sizes=\"auto, (max-width: 500px) 100vw, 500px\" \/><\/a><\/p>\n<p>Apple wirbt im Zusammenhang mit den Neuerungen vor allem damit, dass iCloud.com jetzt auch f\u00fcr den Dunkelmodus von Apple-Ger\u00e4ten angepasst ist. Der Wechsel zwischen der hellen und der dunklen Darstellung der Webseite kann abh\u00e4ngig von den Einstellungen auf dem jeweiligen Ger\u00e4t manuell erfolgen oder findet automatisch statt.<\/p>\n<h2>Andere Farben als Blau<\/h2>\n<p>Zudem haben Nutzer von iCloud.com jetzt auch die M\u00f6glichkeit, die Hintergrundfarbe der Webseite zu ver\u00e4ndern. Mit Lila, Gr\u00fcn, Rot, Orange und Gelb stehen nun f\u00fcnf farbliche Alternativen zum Standardblau von iCloud.com zur Auswahl bereit. Der Farbw\u00e4hler zeigt sich, wenn man zun\u00e4chst ganz unten auf der Seite auf \u201eAnpassen\u201c klickt und dann im oberen Bereich die Option \u201eHintergrundfarbe ausw\u00e4hlen\u201c anklickt.<\/p>\n<p><a href=\"https:\/\/images.ifun.de\/wp-content\/uploads\/2024\/10\/icloud-com-neue-farben.jpg\"><img loading=\"lazy\" decoding=\"async\" src=\"https:\/\/images.ifun.de\/wp-content\/uploads\/2024\/10\/icloud-com-neue-farben-700x224.jpg\" alt=\"Icloud Com Neue Farben\" width=\"700\" height=\"224\" class=\"alignnone size-large wp-image-241040\" srcset=\"https:\/\/images.ifun.de\/wp-content\/uploads\/2024\/10\/icloud-com-neue-farben-700x224.jpg 700w, https:\/\/images.ifun.de\/wp-content\/uploads\/2024\/10\/icloud-com-neue-farben-500x160.jpg 500w, https:\/\/images.ifun.de\/wp-content\/uploads\/2024\/10\/icloud-com-neue-farben-768x246.jpg 768w, https:\/\/images.ifun.de\/wp-content\/uploads\/2024\/10\/icloud-com-neue-farben.jpg 1098w\" sizes=\"auto, (max-width: 700px) 100vw, 700px\" \/><\/a><\/p>\n<p>Nutzer von iCloud.com haben jetzt die M\u00f6glichkeit, wichtige Notizen f\u00fcr den schnellen Zugriff an oberster Stelle in der Notiz-App anzuheften. Die Funktion \u201eNotiz anpinnen\u201c findet sich im erweiterten Men\u00fc zu den einzelnen Notizen. <\/p>\n<h2>Mehr Optionen f\u00fcr iCloud Drive und Fotos<\/h2>\n<p>Apple hat dar\u00fcber hinaus zahlreiche optische und kleinere Verbesserungen in die auf iCloud.com verf\u00fcgbaren App-Bereiche integriert. So wurde etwa die Darstellung des Kalenders verbessert. Beim Aufruf von iCloud Drive \u00fcber iCloud.com kann man jetzt auf eine erweiterte Ansicht zugreifen und Objekte, die von anderen Nutzern geteilt wurden, in einem separaten Tab anzeigen.<\/p>\n<p>Falls ihr Apples iCloud Fotos verwendet, d\u00fcrfte euch die hier nun verbesserte Navigation gelegen kommen. \u00dcber das Kalendersymbol kann man nun schnell zu den in einem bestimmten Monat oder Jahr aufgenommenen Bildern springen. Wenn n\u00f6tig, l\u00e4sst sich jetzt auch das Datum, die Uhrzeit und der Aufnahmeort der Bilder beim Zugriff \u00fcber iCloud.com anpassen.<img loading=\"lazy\" decoding=\"async\" src=\"https:\/\/vg04.met.vgwort.de\/na\/4aa5b66e5e1b47588a17b7d7a144d90b\" width=\"1\" height=\"1\" no-lazy class=\"tracking\"><\/p>\n","protected":false},"excerpt":{"rendered":"<a href=\"https:\/\/www.ifun.de\/icloud-com-mit-neuen-farben-und-optionen-241039\/\"><img width=\"150\" height=\"150\" src=\"https:\/\/images.ifun.de\/wp-content\/uploads\/2024\/10\/icloud-com-feature-150x150.jpg\" class=\"alignright tfe wp-post-image\" alt=\"Icloud Com Feature\" decoding=\"async\" loading=\"lazy\" \/><\/a><p>Apple hat iCloud.com \u00fcberarbeitet. Die f\u00fcr den Zugriff per Webbrowser optimierte Sammlung von iCloud-Funktionen steht von heute an mit neuen Darstellungsoptionen und verschiedenen Funktionserweiterungen zur Verf\u00fcgung. Nutzer mit einem aktiven Apple-Konto k\u00f6nnen \u00fcber die Internetadresse www.iCloud.com auf das Angebot zugreifen. Apple wirbt im Zusammenhang mit den Neuerungen vor allem damit, dass iCloud.com jetzt auch f\u00fcr [&hellip;]<\/p>\n","protected":false},"author":2,"featured_media":241043,"comment_status":"open","ping_status":"closed","sticky":false,"template":"","format":"standard","meta":{"_acf_changed":false,"footnotes":""},"categories":[1],"tags":[3133],"class_list":["post-241039","post","type-post","status-publish","format-standard","has-post-thumbnail","hentry","category-news","tag-icloud-com"],"acf":[],"aioseo_notices":[],"featured_image":["https:\/\/images.ifun.de\/wp-content\/uploads\/2024\/10\/icloud-com-feature.jpg"],"subheadline":["Apple erweitert sein Web-Portal"],"rest_api_enabler":{"featured_image":"https:\/\/images.ifun.de\/wp-content\/uploads\/2024\/10\/icloud-com-feature.jpg","subheadline":"Apple erweitert sein Web-Portal"},"_links":{"self":[{"href":"https:\/\/www.ifun.de\/apiv2\/wp\/v2\/posts\/241039","targetHints":{"allow":["GET"]}}],"collection":[{"href":"https:\/\/www.ifun.de\/apiv2\/wp\/v2\/posts"}],"about":[{"href":"https:\/\/www.ifun.de\/apiv2\/wp\/v2\/types\/post"}],"author":[{"embeddable":true,"href":"https:\/\/www.ifun.de\/apiv2\/wp\/v2\/users\/2"}],"replies":[{"embeddable":true,"href":"https:\/\/www.ifun.de\/apiv2\/wp\/v2\/comments?post=241039"}],"version-history":[{"count":2,"href":"https:\/\/www.ifun.de\/apiv2\/wp\/v2\/posts\/241039\/revisions"}],"predecessor-version":[{"id":241045,"href":"https:\/\/www.ifun.de\/apiv2\/wp\/v2\/posts\/241039\/revisions\/241045"}],"wp:featuredmedia":[{"embeddable":true,"href":"https:\/\/www.ifun.de\/apiv2\/wp\/v2\/media\/241043"}],"wp:attachment":[{"href":"https:\/\/www.ifun.de\/apiv2\/wp\/v2\/media?parent=241039"}],"wp:term":[{"taxonomy":"category","embeddable":true,"href":"https:\/\/www.ifun.de\/apiv2\/wp\/v2\/categories?post=241039"},{"taxonomy":"post_tag","embeddable":true,"href":"https:\/\/www.ifun.de\/apiv2\/wp\/v2\/tags?post=241039"}],"curies":[{"name":"wp","href":"https:\/\/api.w.org\/{rel}","templated":true}]}}