{"id":240979,"date":"2024-10-07T15:19:30","date_gmt":"2024-10-07T13:19:30","guid":{"rendered":"https:\/\/www.ifun.de\/?p=240979"},"modified":"2024-10-07T15:21:50","modified_gmt":"2024-10-07T13:21:50","slug":"video-zeigt-angeblich-macbook-pro-mit-m4-prozessor","status":"publish","type":"post","link":"https:\/\/www.ifun.de\/video-zeigt-angeblich-macbook-pro-mit-m4-prozessor-240979\/","title":{"rendered":"Video zeigt angeblich MacBook Pro mit M4-Prozessor"},"content":{"rendered":"<p><a href=\"https:\/\/www.ifun.de\/neue-macs-ab-anfang-november-apples-neuveroeffentlichungen-im-ueberblick240944-240944\/\" title=\"Neue Macs ab Anfang November: Apples Neuver\u00f6ffentlichungen\">Es soll zwar noch etwas dauern<\/a>, bis Apple die f\u00fcr dieses Jahr noch erwarteten neuen Mac-Modelle pr\u00e4sentiert. Ein russischer YouTube-Channel gibt nun allerdings vor, das kommende, mit einem M4-Prozessor ausgestattete MacBook Pro bereits in den H\u00e4nden zu halten. Auf YouTube findet sich bereits ein Unboxing-Video des neuen Ger\u00e4ts.<\/p>\n<p>Nat\u00fcrlich wird kontrovers diskutiert, ob die pr\u00e4sentierte Hardware authentisch ist oder es sich lediglich um einen gut produzierten Fake handelt. F\u00fcr die gr\u00f6\u00dfte Verunsicherung sorgt die Tatsache, dass die Vorderseite der Box genauso aussieht, wie bei dem vor einem Jahr von Apple vorgestellten Modell. Das auf dem Karton abgebildete MacBook Pro hat exakt das gleiche Hintergrundbild, wie auf der Verpackung der im vergangenen Oktober vorgestellten Ger\u00e4te zu sehen war.<\/p>\n<p><div class=\"responsive-video\"><iframe loading=\"lazy\" title=\"\u041c\u0438\u0440\u043e\u0432\u0430\u044f \u043f\u0440\u0435\u043c\u044c\u0435\u0440\u0430 \u0440\u0430\u043d\u044c\u0448\u0435 Apple! \u041c\u041d\u0415 \u041f\u041e\u0414\u041a\u0418\u041d\u0423\u041b\u0418 MACBOOK PRO \u041d\u0410 M4!\" width=\"500\" height=\"281\" src=\"https:\/\/www.youtube-nocookie.com\/embed\/V4E8716KFgw?feature=oembed\" frameborder=\"0\" allow=\"accelerometer; autoplay; clipboard-write; encrypted-media; gyroscope; picture-in-picture; web-share\" referrerpolicy=\"strict-origin-when-cross-origin\" allowfullscreen><\/iframe><\/div><\/p>\n<p>Zur Herkunft des Ger\u00e4ts gibt es nur sp\u00e4rliche Angaben. Angeblich wurde das noch nicht offiziell erh\u00e4ltliche MacBook Pro mit M4-Prozessor in einer privaten Facebook-Gruppe zum Kauf angeboten. Ausgeschlossen scheint jedenfalls, dass ein solches Angebot auch nur ansatzweise legalen Ursprungs ist.<\/p>\n<h2>16 GB RAM und 3 Thunderbolt-Anschl\u00fcsse<\/h2>\n<p>Das auf der Packung aufgedruckte Etikett k\u00f6nnte euch bekannt vorkommen. <a href=\"https:\/\/www.ifun.de\/macbook-pro-m4-endlich-mit-mindestens-16-gb-ram-an-bord-240622\/\" title=\"MacBook Pro M4 endlich mit mindestens 16 GB RAM an Bord?\">Vor einer Woche<\/a> hat das Bild einer solchen (oder wom\u00f6glich der gleichen Verpackung) die Runde gemacht und zugleich auch die Hoffnung geweckt, dass Apple seine Pro-Notebooks k\u00fcnftig bereits in der Basisvariante mit mehr Arbeitsspeicher ausstattet.<\/p>\n<p><a href=\"https:\/\/images.ifun.de\/wp-content\/uploads\/2024\/09\/bild-kleber-macbook-pro-m4-vielleicht.jpg\"><img loading=\"lazy\" decoding=\"async\" src=\"https:\/\/images.ifun.de\/wp-content\/uploads\/2024\/09\/bild-kleber-macbook-pro-m4-vielleicht-700x408.jpg\" alt=\"Bild Kleber Macbook Pro M4 Vielleicht\" width=\"700\" height=\"408\" class=\"alignnone size-large wp-image-240626\" srcset=\"https:\/\/images.ifun.de\/wp-content\/uploads\/2024\/09\/bild-kleber-macbook-pro-m4-vielleicht-700x408.jpg 700w, https:\/\/images.ifun.de\/wp-content\/uploads\/2024\/09\/bild-kleber-macbook-pro-m4-vielleicht-500x292.jpg 500w, https:\/\/images.ifun.de\/wp-content\/uploads\/2024\/09\/bild-kleber-macbook-pro-m4-vielleicht-768x448.jpg 768w, https:\/\/images.ifun.de\/wp-content\/uploads\/2024\/09\/bild-kleber-macbook-pro-m4-vielleicht.jpg 1432w\" sizes=\"auto, (max-width: 700px) 100vw, 700px\" \/><\/a><\/p>\n<p>Statt bislang 8 Gigabyte sind in der kleinsten Ausf\u00fchrung des MacBook Pro mit M4-Prozessor k\u00fcnftig angeblich 16 GB verbaut. Das im Video gezeigte Notebook scheint zudem zu best\u00e4tigen, dass Apple das Basismodell des MacBook Pro k\u00fcnftig mit drei statt bislang zwei Thunderbolt-4-Anschl\u00fcssen ausstattet.<\/p>\n<h2>Laut Geekbench bis zu 25% schneller<\/h2>\n<p>Im Video wird zudem eine Geekbench-Geschwindigkeitsmessung des neuen Ger\u00e4ts angezeigt, die sich auch <a href=\"https:\/\/browser.geekbench.com\/v6\/cpu\/8171874\">\u00fcber die Geekbench-Webseite abrufen l\u00e4sst<\/a>. Geekbench verkn\u00fcpft das gezeigte MacBook Pro mit der internen Apple-Modellnummer Mac16,1 und die gezeigten Ergebnisse sprechen daf\u00fcr, dass der verbaute M4-Prozessor bis zu 25 Prozent schneller arbeitet als sein Vorg\u00e4nger.<img loading=\"lazy\" decoding=\"async\" src=\"http:\/\/vg08.met.vgwort.de\/na\/319e4dd22eb64e2eb92968f5d2907043\" width=\"1\" height=\"1\" no-lazy class=\"tracking\"><\/p>\n","protected":false},"excerpt":{"rendered":"<a href=\"https:\/\/www.ifun.de\/video-zeigt-angeblich-macbook-pro-mit-m4-prozessor-240979\/\"><img width=\"150\" height=\"150\" src=\"https:\/\/images.ifun.de\/wp-content\/uploads\/2024\/10\/mbp-video-feature-150x150.jpg\" class=\"alignright tfe wp-post-image\" alt=\"Mbp Video Feature\" decoding=\"async\" loading=\"lazy\" \/><\/a><p>Es soll zwar noch etwas dauern, bis Apple die f\u00fcr dieses Jahr noch erwarteten neuen Mac-Modelle pr\u00e4sentiert. Ein russischer YouTube-Channel gibt nun allerdings vor, das kommende, mit einem M4-Prozessor ausgestattete MacBook Pro bereits in den H\u00e4nden zu halten. Auf YouTube findet sich bereits ein Unboxing-Video des neuen Ger\u00e4ts. Nat\u00fcrlich wird kontrovers diskutiert, ob die pr\u00e4sentierte [&hellip;]<\/p>\n","protected":false},"author":2,"featured_media":240982,"comment_status":"open","ping_status":"closed","sticky":false,"template":"","format":"standard","meta":{"_acf_changed":false,"footnotes":""},"categories":[16],"tags":[224],"class_list":["post-240979","post","type-post","status-publish","format-standard","has-post-thumbnail","hentry","category-mac","tag-macbook-pro"],"acf":[],"aioseo_notices":[],"featured_image":["https:\/\/images.ifun.de\/wp-content\/uploads\/2024\/10\/mbp-video-feature.jpg"],"subheadline":["Wochen vor der Pr\u00e4sentation?"],"rest_api_enabler":{"featured_image":"https:\/\/images.ifun.de\/wp-content\/uploads\/2024\/10\/mbp-video-feature.jpg","subheadline":"Wochen vor der Pr\u00e4sentation?"},"_links":{"self":[{"href":"https:\/\/www.ifun.de\/apiv2\/wp\/v2\/posts\/240979","targetHints":{"allow":["GET"]}}],"collection":[{"href":"https:\/\/www.ifun.de\/apiv2\/wp\/v2\/posts"}],"about":[{"href":"https:\/\/www.ifun.de\/apiv2\/wp\/v2\/types\/post"}],"author":[{"embeddable":true,"href":"https:\/\/www.ifun.de\/apiv2\/wp\/v2\/users\/2"}],"replies":[{"embeddable":true,"href":"https:\/\/www.ifun.de\/apiv2\/wp\/v2\/comments?post=240979"}],"version-history":[{"count":4,"href":"https:\/\/www.ifun.de\/apiv2\/wp\/v2\/posts\/240979\/revisions"}],"predecessor-version":[{"id":240986,"href":"https:\/\/www.ifun.de\/apiv2\/wp\/v2\/posts\/240979\/revisions\/240986"}],"wp:featuredmedia":[{"embeddable":true,"href":"https:\/\/www.ifun.de\/apiv2\/wp\/v2\/media\/240982"}],"wp:attachment":[{"href":"https:\/\/www.ifun.de\/apiv2\/wp\/v2\/media?parent=240979"}],"wp:term":[{"taxonomy":"category","embeddable":true,"href":"https:\/\/www.ifun.de\/apiv2\/wp\/v2\/categories?post=240979"},{"taxonomy":"post_tag","embeddable":true,"href":"https:\/\/www.ifun.de\/apiv2\/wp\/v2\/tags?post=240979"}],"curies":[{"name":"wp","href":"https:\/\/api.w.org\/{rel}","templated":true}]}}