{"id":240622,"date":"2024-09-30T09:40:26","date_gmt":"2024-09-30T07:40:26","guid":{"rendered":"https:\/\/www.ifun.de\/?p=240622"},"modified":"2024-10-08T17:30:35","modified_gmt":"2024-10-08T15:30:35","slug":"macbook-pro-m4-endlich-mit-mindestens-16-gb-ram-an-bord","status":"publish","type":"post","link":"https:\/\/www.ifun.de\/macbook-pro-m4-endlich-mit-mindestens-16-gb-ram-an-bord-240622\/","title":{"rendered":"MacBook Pro M4 endlich mit mindestens 16 GB RAM an Bord?"},"content":{"rendered":"<p>Durch die sozialen Netzwerke geistert gerade ein Bild, das angeblich das Verpackungsetikett eines kommenden MacBook Pro mit 14 Zoll Bildschirmgr\u00f6\u00dfe und Apples neuem M4-Prozessor zeigt. Als Diskussionsgrundlage sind die hier genannten Daten sicherlich interessant. Allerdings muss man auch darauf hinweisen, dass es berechtigte Zweifel an der Authentizit\u00e4t des Aufklebers gibt.<\/p>\n<blockquote class=\"twitter-tweet\">\n<p lang=\"en\" dir=\"ltr\">M4 14\u201d Macbook Pro ? <br \/>Not confirmed, take it with a pin of salt. I got sent this. <a href=\"https:\/\/t.co\/kbIRYurndw\">pic.twitter.com\/kbIRYurndw<\/a><\/p>\n<p>&mdash; ShrimpApplePro &#x1f364; \u305a\u3063\u3068\u771f\u591c\u4e2d\u3067\u3044\u3044\u306e\u306b (@VNchocoTaco) <a href=\"https:\/\/twitter.com\/VNchocoTaco\/status\/1840300722958807270?ref_src=twsrc%5Etfw\">September 29, 2024<\/a><\/p><\/blockquote>\n<p> <script async src=\"https:\/\/platform.twitter.com\/widgets.js\" charset=\"utf-8\"><\/script><\/p>\n<p>Das Bild wurde vom Twitter\/X-Nutzer ShrimpApplePro ver\u00f6ffentlicht, der an sich als seri\u00f6se Quelle bekannt ist, in diesem Fall aber selbst sagt, er habe die Aufnahme nur erhalten und k\u00f6nne die Authentizit\u00e4t nicht best\u00e4tigen. Zudem irritieren ein Schreibfehler und zum Teil auch die Schreibweise, allerdings hat Apple hier \u00fcber die vergangenen Jahre hinweg selbst oft genug Details ge\u00e4ndert, beispielsweise, wenn es um das hier fehlende Leerzeichen zwischen der Speicherzahl und der Einheit \u201eGB\u201c geht.<\/p>\n<p>Kommen wir zu den Fakten: Die laut dem Aufkleber angebotene Ausstattung mit 16 GB Arbeitsspeicher und einer 512 GB gro\u00dfen SSD spricht daf\u00fcr, dass Apple die Mindestausstattung mit RAM diesmal tats\u00e4chlich auf 16 GB erh\u00f6ht.<\/p>\n<h2>Apples 8 GB RAM sind nicht mehr zeitgem\u00e4\u00df<\/h2>\n<p>Apple bietet das MacBook Pro aktuell noch mit einer Mindestausstattung von 8 GB Arbeitsspeicher an, was keinesfalls mehr zeitgem\u00e4\u00df ist. Schon seit einigen Jahren empfehlen wir generell, hier mindestens 16 GB zu bestellen. Mit Blick auf Apples KI-Pl\u00e4ne scheint eine Variante mit 8 GB RAM inzwischen g\u00e4nzlich \u00fcberholt. Apple ist in diesem Jahr auch beim iPhone dazu \u00fcbergegangen, die Mindestausstattung mit Arbeitsspeicher anzuheben, hier werden jetzt generell <a href=\"https:\/\/www.iphone-ticker.de\/ob-pro-oder-nicht-alle-iphone-16-modelle-mit-8-gb-ram-241967\/\" title=\"Ob Pro oder nicht: Alle iPhone-16-Modelle mit 8 GB RAM\">mindestens 8 GB<\/a> verbaut.<\/p>\n<p><a href=\"https:\/\/images.ifun.de\/wp-content\/uploads\/2024\/09\/bild-kleber-macbook-pro-m4-vielleicht.jpg\"><img loading=\"lazy\" decoding=\"async\" src=\"https:\/\/images.ifun.de\/wp-content\/uploads\/2024\/09\/bild-kleber-macbook-pro-m4-vielleicht-700x408.jpg\" alt=\"Bild Kleber Macbook Pro M4 Vielleicht\" width=\"700\" height=\"408\" class=\"alignnone size-large wp-image-240626\" srcset=\"https:\/\/images.ifun.de\/wp-content\/uploads\/2024\/09\/bild-kleber-macbook-pro-m4-vielleicht-700x408.jpg 700w, https:\/\/images.ifun.de\/wp-content\/uploads\/2024\/09\/bild-kleber-macbook-pro-m4-vielleicht-500x292.jpg 500w, https:\/\/images.ifun.de\/wp-content\/uploads\/2024\/09\/bild-kleber-macbook-pro-m4-vielleicht-768x448.jpg 768w, https:\/\/images.ifun.de\/wp-content\/uploads\/2024\/09\/bild-kleber-macbook-pro-m4-vielleicht.jpg 1432w\" sizes=\"auto, (max-width: 700px) 100vw, 700px\" \/><\/a><\/p>\n<p>Ein kleiner Hinweis: In der abgebildeten Form werden die Speicherangaben nur bei den Standardmodellen aufgedruckt. Dementsprechend ist auszuschlie\u00dfen, dass es sich um einen Aufkleber f\u00fcr manuell konfigurierte Ger\u00e4te handelt.<\/p>\n<p>Interessant ist auch, dass hier die Rede von drei Thunderbolt-4-Anschl\u00fcssen ist. Bislang verbaut Apple beim kleinen MacBook-Pro lediglich zwei dieser Ports. Der verbaute M4-Prozessor w\u00fcrde den Angaben zufolge auch wie erwartet mit jeweils zehn Rechen- und Grafikkernen kommen.<\/p>\n<h2>Zweifel sind angebracht<\/h2>\n<p>Kommen wir zu den Details, die eher Zweifel an der Authentizit\u00e4t des Aufklebers hervorrufen. So wird im Kleingedruckten der Begriff \u201eApple ID\u201c benutzt, Apple hat diese Bezeichnung jedoch unl\u00e4ngst durch den Begriff \u201eApple Account\u201c ersetzt.<\/p>\n<p>Vermutlich wissen wir in wenigen Wochen mehr. Es ist davon auszugehen, dass Apple noch in diesem Monat mehrere neue Mac-Modelle als letzte Hardware-Erweiterung f\u00fcr das aktuelle Jahr ank\u00fcndigt.<img loading=\"lazy\" decoding=\"async\" src=\"https:\/\/vg01.met.vgwort.de\/na\/6e0614bfb8354343af80671c5a5da41b\" width=\"1\" height=\"1\" no-lazy class=\"tracking\"><\/p>\n","protected":false},"excerpt":{"rendered":"<a href=\"https:\/\/www.ifun.de\/macbook-pro-m4-endlich-mit-mindestens-16-gb-ram-an-bord-240622\/\"><img width=\"150\" height=\"150\" src=\"https:\/\/images.ifun.de\/wp-content\/uploads\/2024\/09\/bild-kleber-macbook-pro-m4-vielleicht-150x150.jpg\" class=\"alignright tfe wp-post-image\" alt=\"Bild Kleber Macbook Pro M4 Vielleicht\" decoding=\"async\" loading=\"lazy\" \/><\/a><p>Durch die sozialen Netzwerke geistert gerade ein Bild, das angeblich das Verpackungsetikett eines kommenden MacBook Pro mit 14 Zoll Bildschirmgr\u00f6\u00dfe und Apples neuem M4-Prozessor zeigt. Als Diskussionsgrundlage sind die hier genannten Daten sicherlich interessant. Allerdings muss man auch darauf hinweisen, dass es berechtigte Zweifel an der Authentizit\u00e4t des Aufklebers gibt. M4 14\u201d Macbook Pro ? [&hellip;]<\/p>\n","protected":false},"author":2,"featured_media":240626,"comment_status":"open","ping_status":"closed","sticky":false,"template":"","format":"standard","meta":{"_acf_changed":false,"footnotes":""},"categories":[16,1783],"tags":[224,795],"class_list":["post-240622","post","type-post","status-publish","format-standard","has-post-thumbnail","hentry","category-mac","category-feature","tag-macbook-pro","tag-ram"],"acf":[],"aioseo_notices":[],"featured_image":["https:\/\/images.ifun.de\/wp-content\/uploads\/2021\/10\/macbook-pro-praegung-feature.jpg"],"subheadline":["\"Packungskleber\" macht Hoffnungen"],"rest_api_enabler":{"featured_image":"https:\/\/images.ifun.de\/wp-content\/uploads\/2021\/10\/macbook-pro-praegung-feature.jpg","subheadline":"\"Packungskleber\" macht Hoffnungen"},"_links":{"self":[{"href":"https:\/\/www.ifun.de\/apiv2\/wp\/v2\/posts\/240622","targetHints":{"allow":["GET"]}}],"collection":[{"href":"https:\/\/www.ifun.de\/apiv2\/wp\/v2\/posts"}],"about":[{"href":"https:\/\/www.ifun.de\/apiv2\/wp\/v2\/types\/post"}],"author":[{"embeddable":true,"href":"https:\/\/www.ifun.de\/apiv2\/wp\/v2\/users\/2"}],"replies":[{"embeddable":true,"href":"https:\/\/www.ifun.de\/apiv2\/wp\/v2\/comments?post=240622"}],"version-history":[{"count":6,"href":"https:\/\/www.ifun.de\/apiv2\/wp\/v2\/posts\/240622\/revisions"}],"predecessor-version":[{"id":240631,"href":"https:\/\/www.ifun.de\/apiv2\/wp\/v2\/posts\/240622\/revisions\/240631"}],"wp:featuredmedia":[{"embeddable":true,"href":"https:\/\/www.ifun.de\/apiv2\/wp\/v2\/media\/240626"}],"wp:attachment":[{"href":"https:\/\/www.ifun.de\/apiv2\/wp\/v2\/media?parent=240622"}],"wp:term":[{"taxonomy":"category","embeddable":true,"href":"https:\/\/www.ifun.de\/apiv2\/wp\/v2\/categories?post=240622"},{"taxonomy":"post_tag","embeddable":true,"href":"https:\/\/www.ifun.de\/apiv2\/wp\/v2\/tags?post=240622"}],"curies":[{"name":"wp","href":"https:\/\/api.w.org\/{rel}","templated":true}]}}