{"id":2403,"date":"2006-09-15T08:37:18","date_gmt":"2010-12-02T20:31:24","guid":{"rendered":""},"modified":"2010-12-02T20:31:24","modified_gmt":"2010-12-02T20:31:24","slug":"ipod-nano-jetzt-mit-audioaufnahme","status":"publish","type":"post","link":"https:\/\/www.ifun.de\/ipod-nano-jetzt-mit-audioaufnahme-2403\/","title":{"rendered":"iPod nano jetzt mit Audioaufnahme"},"content":{"rendered":"<p><img decoding=\"async\" src=\"http:\/\/images.ifun.de\/wp-content\/mosimages\/images\/stories\/2006_09\/belkin_micro.jpg\">Ein interessantes neues Feature der zweiten iPod nano-Generation ging im Rummel um die iPod-Ugrades bisher etwas unter: mit dem Nano kann man nun wie mit dem gro\u00dfen iPod Audioaufnahmen in Stereoqualit\u00e4t machen. Als erster Zubeh\u00f6rhersteller hat Belkin die Kompatibilit\u00e4t seines iPod-Mikros TuneTalk mit dem iPod nano best\u00e4tigt.<\/p>\n","protected":false},"excerpt":{"rendered":"<a href=\"https:\/\/www.ifun.de\/ipod-nano-jetzt-mit-audioaufnahme-2403\/\"><img decoding=\"async\" width=\"150\" src=\"http:\/\/images.ifun.de\/wp-content\/mosimages\/images\/stories\/2006_09\/belkin_micro.jpg\" class=\"alignright wp-post-image tfe\" alt=\"\" title=\"\" \/><\/a><p>Ein interessantes neues Feature der zweiten iPod nano-Generation ging im Rummel um die iPod-Ugrades bisher etwas unter: mit dem Nano kann man nun wie mit dem gro\u00dfen iPod Audioaufnahmen in Stereoqualit\u00e4t machen. Als erster Zubeh\u00f6rhersteller hat Belkin die Kompatibilit\u00e4t seines iPod-Mikros TuneTalk mit dem iPod nano best\u00e4tigt.<\/p>\n","protected":false},"author":1,"featured_media":0,"comment_status":"open","ping_status":"open","sticky":false,"template":"","format":"standard","meta":{"_acf_changed":false,"footnotes":""},"categories":[],"tags":[],"class_list":["post-2403","post","type-post","status-publish","format-standard","hentry"],"acf":[],"aioseo_notices":[],"rest_api_enabler":[],"_links":{"self":[{"href":"https:\/\/www.ifun.de\/apiv2\/wp\/v2\/posts\/2403","targetHints":{"allow":["GET"]}}],"collection":[{"href":"https:\/\/www.ifun.de\/apiv2\/wp\/v2\/posts"}],"about":[{"href":"https:\/\/www.ifun.de\/apiv2\/wp\/v2\/types\/post"}],"author":[{"embeddable":true,"href":"https:\/\/www.ifun.de\/apiv2\/wp\/v2\/users\/1"}],"replies":[{"embeddable":true,"href":"https:\/\/www.ifun.de\/apiv2\/wp\/v2\/comments?post=2403"}],"version-history":[{"count":0,"href":"https:\/\/www.ifun.de\/apiv2\/wp\/v2\/posts\/2403\/revisions"}],"wp:attachment":[{"href":"https:\/\/www.ifun.de\/apiv2\/wp\/v2\/media?parent=2403"}],"wp:term":[{"taxonomy":"category","embeddable":true,"href":"https:\/\/www.ifun.de\/apiv2\/wp\/v2\/categories?post=2403"},{"taxonomy":"post_tag","embeddable":true,"href":"https:\/\/www.ifun.de\/apiv2\/wp\/v2\/tags?post=2403"}],"curies":[{"name":"wp","href":"https:\/\/api.w.org\/{rel}","templated":true}]}}