{"id":240097,"date":"2024-09-23T08:25:26","date_gmt":"2024-09-23T06:25:26","guid":{"rendered":"https:\/\/www.ifun.de\/?p=240097"},"modified":"2024-09-23T08:27:46","modified_gmt":"2024-09-23T06:27:46","slug":"inside-apple-park-einblicke-in-das-hauptquartier-von-apple","status":"publish","type":"post","link":"https:\/\/www.ifun.de\/inside-apple-park-einblicke-in-das-hauptquartier-von-apple-240097\/","title":{"rendered":"Inside Apple Park: Einblicke und Antworten aus Apples Hauptquartier"},"content":{"rendered":"<p>Apple Park, das kreisrunde Hauptquartier Apples in Cupertino, ist nicht nur Arbeitsplatz <a href=\"https:\/\/www.ifun.de\/der-pacific-chair-apples-buerostuhl-fuer-das-neue-hauptquartier-117121\/\">f\u00fcr tausende Mitarbeiter<\/a> und zentraler Veranstaltungsort der meisten Apple-Events, sondern inzwischen auch ein architektonisches Wahrzeichen, das viele Fragen aufwirft. <\/p>\n<p><a href=\"https:\/\/images.ifun.de\/wp-content\/uploads\/2019\/05\/apple-park-party-einweihung.jpg\"><img loading=\"lazy\" decoding=\"async\" class=\"aligncenter size-medium wp-image-137828\" src=\"https:\/\/images.ifun.de\/wp-content\/uploads\/2019\/05\/apple-park-party-einweihung-500x333.jpg\" alt=\"Apple Park Party Einweihung\" width=\"500\" height=\"333\" srcset=\"https:\/\/images.ifun.de\/wp-content\/uploads\/2019\/05\/apple-park-party-einweihung-500x333.jpg 500w, https:\/\/images.ifun.de\/wp-content\/uploads\/2019\/05\/apple-park-party-einweihung.jpg 700w\" sizes=\"auto, (max-width: 500px) 100vw, 500px\" \/><\/a><\/p>\n<p><a href=\"https:\/\/www.youtube.com\/watch?v=vd5tYTWYjQM\">In einem aktuellen Video<\/a> auf dem YouTube-Kanal &#8222;The Studio&#8220; beantworten die beiden Technikjournalisten, Marques Brownlee und Brandon Havard, Fragen zu dem beeindruckenden Campus und geben <a href=\"https:\/\/www.ifun.de\/lesetipp-apple-park-im-inneren-der-neuen-firmenzentrale-107528\/\">seltene Einblicke<\/a> hinter die Kulissen.<\/p>\n<h2>Zugang und Besucherzentrum<\/h2>\n<p>Der Zugang zu Apple Park ist stark reglementiert. Die \u00d6ffentlichkeit kann nur das Besucherzentrum betreten, das sich nicht im ringf\u00f6rmigen Hauptgeb\u00e4ude, sondern gegen\u00fcber befindet. Dort gibt es einen Store mit exklusiven Apple-Produkten, die nur an diesem Ort erh\u00e4ltlich sind. Die beiden Videomacher betonen, dass der Zutritt zum Hauptkomplex f\u00fcr Besucher nur im Rahmen spezieller Presseveranstaltungen m\u00f6glich sei, zu denen man von Apple aktiv eingeladen werden muss.<\/p>\n<h2>Glas und Architektur<\/h2>\n<p>Apple Park ist ber\u00fchmt f\u00fcr seine Glasarchitektur, was auch den hohen Reinigungsaufwand erkl\u00e4rt. So seien zahlreiche Mitarbeiter ausschlie\u00dflich damit besch\u00e4ftigt, die Glasfl\u00e4chen zu reinigen. Damit Besucher nicht versehentlich gegen die Glasw\u00e4nde laufen, sind diese teilweise mit Markierungen versehen. Ein weiteres Highlight ist das Steve Jobs Theater, dessen Dach aus einer speziellen, leichten Kohlefaserstruktur besteht und von vier Glasplatten getragen wird, die insgesamt 80 Tonnen Gewicht tragen sollen.<br \/>\n<center><\/p>\n<blockquote class=\"twitter-tweet\" data-media-max-width=\"560\">\n<p dir=\"ltr\" lang=\"en\">Should I be scared? <a href=\"https:\/\/t.co\/9oPeo4hPxW\">pic.twitter.com\/9oPeo4hPxW<\/a><\/p>\n<p>\u2014 The Studio (@TheStudio) <a href=\"https:\/\/twitter.com\/TheStudio\/status\/1837157189246476413?ref_src=twsrc%5Etfw\">September 20, 2024<\/a><\/p><\/blockquote>\n<p><\/center><br \/>\n<script async src=\"https:\/\/platform.twitter.com\/widgets.js\" charset=\"utf-8\"><\/script><\/p>\n<h2>Klimatisierung und Beleuchtung<\/h2>\n<p>Die klimatischen Bedingungen im Steve Jobs Theater werden durch Luftausl\u00e4sse im Boden reguliert, da herk\u00f6mmliche Klimaanlagen in der Glasstruktur keinen Platz finden. Die Lichtversorgung bleibt ein R\u00e4tsel, da kaum sichtbare Kabel vorhanden sind. Es wird vermutet, dass die Stromzufuhr entweder durch minimalistische Verkabelung zwischen den Glasscheiben oder durch Solarpanels auf dem Dach realisiert wird.<\/p>\n<h2>Parkpl\u00e4tze und Kantine<\/h2>\n<p>Die Parkm\u00f6glichkeiten sind auf das N\u00f6tigste reduziert, um die \u00c4sthetik des Gel\u00e4ndes nicht zu beeintr\u00e4chtigen. Viele Autos werden direkt in unterirdische Parkh\u00e4user geleitet, was den Eindruck einer weitl\u00e4ufigen, gr\u00fcnen Landschaft bewahrt. In der Kantine von Apple Park wird eine Vielzahl an Gerichten angeboten, die regionale und internationale Spezialit\u00e4ten umfassen. Die Qualit\u00e4t der Speisen wird jedoch unterschiedlich bewertet.<\/p>\n<h2>Wi-Fi und Murmeln<\/h2>\n<p>Die Wi-Fi-Abdeckung auf dem Gel\u00e4nde scheint hervorragend zu sein, dennoch kann es w\u00e4hrend gr\u00f6\u00dferer Events, bei denen zahlreiche G\u00e4ste und Medienvertreter anwesend sind, zu Engp\u00e4ssen kommen. Kurios ist der Hinweis auf spezielle Designelemente wie die Treppen, die \u00fcber handgeschnitzte Handl\u00e4ufe verf\u00fcgen und angeblich perfekt zum Herunterrollen von Murmeln geeignet sind.<\/p>\n<p>Ein insgesamt sehenswertes Video.<\/p>\n<p><div class=\"responsive-video\"><iframe loading=\"lazy\" title=\"Inside Apple Park - Answering All Your Questions\" width=\"500\" height=\"281\" src=\"https:\/\/www.youtube-nocookie.com\/embed\/vd5tYTWYjQM?feature=oembed\" frameborder=\"0\" allow=\"accelerometer; autoplay; clipboard-write; encrypted-media; gyroscope; picture-in-picture; web-share\" referrerpolicy=\"strict-origin-when-cross-origin\" allowfullscreen><\/iframe><\/div><\/p>\n<p><img loading=\"lazy\" decoding=\"async\" src=\"https:\/\/vg05.met.vgwort.de\/na\/7ea0be7f78644c8cb07aa43206adbf53\" width=\"1\" height=\"1\" no-lazy class=\"tracking\"><\/p>\n","protected":false},"excerpt":{"rendered":"<a href=\"https:\/\/www.ifun.de\/inside-apple-park-einblicke-in-das-hauptquartier-von-apple-240097\/\"><img decoding=\"async\" width=\"150\" src=\"https:\/\/images.ifun.de\/wp-content\/uploads\/2019\/05\/apple-park-party-einweihung-500x333.jpg\" class=\"alignright wp-post-image tfe\" alt=\"Apple Park Party Einweihung\" title=\"\" \/><\/a><p>Apple Park, das kreisrunde Hauptquartier Apples in Cupertino, ist nicht nur Arbeitsplatz f\u00fcr tausende Mitarbeiter und zentraler Veranstaltungsort der meisten Apple-Events, sondern inzwischen auch ein architektonisches Wahrzeichen, das viele Fragen aufwirft. In einem aktuellen Video auf dem YouTube-Kanal &#8222;The Studio&#8220; beantworten die beiden Technikjournalisten, Marques Brownlee und Brandon Havard, Fragen zu dem beeindruckenden Campus und [&hellip;]<\/p>\n","protected":false},"author":1,"featured_media":0,"comment_status":"open","ping_status":"closed","sticky":false,"template":"","format":"standard","meta":{"_acf_changed":false,"footnotes":""},"categories":[1],"tags":[4736,3620,31],"class_list":["post-240097","post","type-post","status-publish","format-standard","hentry","category-news","tag-apple","tag-apple-park","tag-video"],"acf":[],"aioseo_notices":[],"featured_image":["https:\/\/images.ifun.de\/wp-content\/uploads\/2022\/10\/apple-park-hq-ktWur2xM1hs-unsplash.jpg"],"subheadline":["Dach des Steve Jobs Theater wiegt 80 Tonnen"],"rest_api_enabler":{"featured_image":"https:\/\/images.ifun.de\/wp-content\/uploads\/2022\/10\/apple-park-hq-ktWur2xM1hs-unsplash.jpg","subheadline":"Dach des Steve Jobs Theater wiegt 80 Tonnen"},"_links":{"self":[{"href":"https:\/\/www.ifun.de\/apiv2\/wp\/v2\/posts\/240097","targetHints":{"allow":["GET"]}}],"collection":[{"href":"https:\/\/www.ifun.de\/apiv2\/wp\/v2\/posts"}],"about":[{"href":"https:\/\/www.ifun.de\/apiv2\/wp\/v2\/types\/post"}],"author":[{"embeddable":true,"href":"https:\/\/www.ifun.de\/apiv2\/wp\/v2\/users\/1"}],"replies":[{"embeddable":true,"href":"https:\/\/www.ifun.de\/apiv2\/wp\/v2\/comments?post=240097"}],"version-history":[{"count":4,"href":"https:\/\/www.ifun.de\/apiv2\/wp\/v2\/posts\/240097\/revisions"}],"predecessor-version":[{"id":240104,"href":"https:\/\/www.ifun.de\/apiv2\/wp\/v2\/posts\/240097\/revisions\/240104"}],"wp:attachment":[{"href":"https:\/\/www.ifun.de\/apiv2\/wp\/v2\/media?parent=240097"}],"wp:term":[{"taxonomy":"category","embeddable":true,"href":"https:\/\/www.ifun.de\/apiv2\/wp\/v2\/categories?post=240097"},{"taxonomy":"post_tag","embeddable":true,"href":"https:\/\/www.ifun.de\/apiv2\/wp\/v2\/tags?post=240097"}],"curies":[{"name":"wp","href":"https:\/\/api.w.org\/{rel}","templated":true}]}}