{"id":240078,"date":"2024-09-21T09:06:51","date_gmt":"2024-09-21T07:06:51","guid":{"rendered":"https:\/\/www.ifun.de\/?p=240078"},"modified":"2024-09-26T13:35:22","modified_gmt":"2024-09-26T11:35:22","slug":"ipados-18-auf-ipad-pro-mit-m4-apple-weiter-auf-fehlersuche","status":"publish","type":"post","link":"https:\/\/www.ifun.de\/ipados-18-auf-ipad-pro-mit-m4-apple-weiter-auf-fehlersuche-240078\/","title":{"rendered":"iPadOS 18 auf iPad Pro mit M4: Apple weiter auf Fehlersuche"},"content":{"rendered":"<p>Besitzer eines <a href=\"https:\/\/apple.sjv.io\/ezYjX\">iPad Pro mit M4-Prozessor<\/a>, die iPadOS 18 noch nicht installiert haben, m\u00fcssen sich weiter gedulden. Apple hatte das urspr\u00fcnglich am Montag bereitgestellte Update f\u00fcr diese Ger\u00e4te Mitte der Woche wieder <a href=\"https:\/\/www.ifun.de\/ipados-18-fuer-ipad-pro-m4-fehlerhaft-apple-zieht-update-zurueck-239869\/\" title=\"iPadOS 18 f\u00fcr iPad Pro M4 fehlerhaft: Apple zieht Update zur\u00fcck\">entfernt<\/a>, nachdem es bei der Installation zu Problemen gekommen war. Bei einem Teil jener Nutzer, die das Update angesto\u00dfen hatten, sind die iPads anschlie\u00dfend nicht mehr gestartet.<\/p>\n<p>Das zugrunde liegende Problem ist offenbar komplexer, als urspr\u00fcnglich angenommen. Apple hat diesbez\u00fcglich noch keine Hinweise f\u00fcr Endkunden und wie es scheint, gibt es bislang auch keine M\u00f6glichkeit, die betroffenen iPads selbst wieder in Gang zu bringen.<\/p>\n<p><a href=\"https:\/\/images.ifun.de\/wp-content\/uploads\/2024\/09\/ipad-pro-2024.jpg\"><img loading=\"lazy\" decoding=\"async\" src=\"https:\/\/images.ifun.de\/wp-content\/uploads\/2024\/09\/ipad-pro-2024-700x411.jpg\" alt=\"Ipad Pro 2024\" width=\"700\" height=\"411\" class=\"alignnone size-large wp-image-239875\" srcset=\"https:\/\/images.ifun.de\/wp-content\/uploads\/2024\/09\/ipad-pro-2024-700x411.jpg 700w, https:\/\/images.ifun.de\/wp-content\/uploads\/2024\/09\/ipad-pro-2024-500x293.jpg 500w, https:\/\/images.ifun.de\/wp-content\/uploads\/2024\/09\/ipad-pro-2024-768x450.jpg 768w, https:\/\/images.ifun.de\/wp-content\/uploads\/2024\/09\/ipad-pro-2024.jpg 1400w\" sizes=\"auto, (max-width: 700px) 100vw, 700px\" \/><\/a><\/p>\n<p>Das Apple-Blog <a href=\"https:\/\/www.macrumors.com\/2024\/09\/20\/apple-working-to-fix-ipados-18-m4-ipad-pro-issue\/\">MacRumors<\/a> hat ein Dokument zu Gesicht bekommen, das von Apple an \u201e<a href=\"https:\/\/support.apple.com\/de-de\/aasp-program\">autorisierte Apple Service Provider<\/a>\u201c verteilt wurde, also f\u00fcr offizielle Support-Dienstleistungen an Apple-Produkten zertifizierte Unternehmen. Darin wird der Fehler zwar best\u00e4tigt, Apple liefert jedoch keinerlei Anleitungen f\u00fcr die Beseitigung mit. Die Techniker sollen lediglich versuchen, ob sie das iPad mit einem <a href=\"https:\/\/support.apple.com\/de-de\/102642\" title=\"erzwungener Neustart\">erzwungenen Neustart<\/a> wieder zum Laufen bekommen.<\/p>\n<p>Den bislang von betroffenen Nutzern ver\u00f6ffentlichten Berichten zufolge l\u00e4sst sich das Problem damit allerdings nicht beheben. Die defekten iPads seien komplett funktionslos und werden von Apple offenbar auch problemlos ausgetauscht.<\/p>\n<p>Apple ist laut der Mitteilung an seine Reparaturpartner weiterhin dabei, die Ursache f\u00fcr das Problem zu ergr\u00fcnden und den Fehler zu beheben. Allerdings scheint derweil noch komplett offen, wann Apple eine neue Version von iPadOS 18 f\u00fcr das iPad Pro mit M4-Prozessor freigibt.<\/p>\n<h2>Nur eine begrenzte Zahl betroffener Ger\u00e4te<\/h2>\n<p>Wohlgemerkt betrifft dieser Sachverhalt ausschlie\u00dflich die Besitzer eines der im Fr\u00fchjahr vorgestellten und mit einem M4-Prozessor ausgestatteten neuen Modelle des iPad Pro. Auch erwecken die Fehlerberichte weiterhin den Eindruck, dass in besonderem Ma\u00df Nutzer betroffen sind, die zuerst iPadOS 17.7 und dann iPadOS 18 auf ihren Ger\u00e4ten installiert haben.<img loading=\"lazy\" decoding=\"async\" src=\"https:\/\/vg01.met.vgwort.de\/na\/f7a4da63c55e4d1d87e15de64b1374fd\" width=\"1\" height=\"1\" no-lazy class=\"tracking\"><\/p>\n","protected":false},"excerpt":{"rendered":"<a href=\"https:\/\/www.ifun.de\/ipados-18-auf-ipad-pro-mit-m4-apple-weiter-auf-fehlersuche-240078\/\"><img width=\"150\" height=\"150\" src=\"https:\/\/images.ifun.de\/wp-content\/uploads\/2024\/09\/m4-ipad-pro-150x150.jpg\" class=\"alignright tfe wp-post-image\" alt=\"M4 Ipad Pro\" decoding=\"async\" loading=\"lazy\" \/><\/a><p>Besitzer eines iPad Pro mit M4-Prozessor, die iPadOS 18 noch nicht installiert haben, m\u00fcssen sich weiter gedulden. Apple hatte das urspr\u00fcnglich am Montag bereitgestellte Update f\u00fcr diese Ger\u00e4te Mitte der Woche wieder entfernt, nachdem es bei der Installation zu Problemen gekommen war. Bei einem Teil jener Nutzer, die das Update angesto\u00dfen hatten, sind die iPads [&hellip;]<\/p>\n","protected":false},"author":2,"featured_media":240082,"comment_status":"open","ping_status":"closed","sticky":false,"template":"","format":"standard","meta":{"_acf_changed":false,"footnotes":""},"categories":[10],"tags":[2486,6481],"class_list":["post-240078","post","type-post","status-publish","format-standard","has-post-thumbnail","hentry","category-ipad","tag-ipad-pro","tag-ipados-18"],"acf":[],"aioseo_notices":[],"featured_image":["https:\/\/images.ifun.de\/wp-content\/uploads\/2024\/09\/ipad-pro-m4-feature.jpg"],"subheadline":["Update wurde zur\u00fcckgezogen"],"rest_api_enabler":{"featured_image":"https:\/\/images.ifun.de\/wp-content\/uploads\/2024\/09\/ipad-pro-m4-feature.jpg","subheadline":"Update wurde zur\u00fcckgezogen"},"_links":{"self":[{"href":"https:\/\/www.ifun.de\/apiv2\/wp\/v2\/posts\/240078","targetHints":{"allow":["GET"]}}],"collection":[{"href":"https:\/\/www.ifun.de\/apiv2\/wp\/v2\/posts"}],"about":[{"href":"https:\/\/www.ifun.de\/apiv2\/wp\/v2\/types\/post"}],"author":[{"embeddable":true,"href":"https:\/\/www.ifun.de\/apiv2\/wp\/v2\/users\/2"}],"replies":[{"embeddable":true,"href":"https:\/\/www.ifun.de\/apiv2\/wp\/v2\/comments?post=240078"}],"version-history":[{"count":6,"href":"https:\/\/www.ifun.de\/apiv2\/wp\/v2\/posts\/240078\/revisions"}],"predecessor-version":[{"id":240441,"href":"https:\/\/www.ifun.de\/apiv2\/wp\/v2\/posts\/240078\/revisions\/240441"}],"wp:featuredmedia":[{"embeddable":true,"href":"https:\/\/www.ifun.de\/apiv2\/wp\/v2\/media\/240082"}],"wp:attachment":[{"href":"https:\/\/www.ifun.de\/apiv2\/wp\/v2\/media?parent=240078"}],"wp:term":[{"taxonomy":"category","embeddable":true,"href":"https:\/\/www.ifun.de\/apiv2\/wp\/v2\/categories?post=240078"},{"taxonomy":"post_tag","embeddable":true,"href":"https:\/\/www.ifun.de\/apiv2\/wp\/v2\/tags?post=240078"}],"curies":[{"name":"wp","href":"https:\/\/api.w.org\/{rel}","templated":true}]}}