{"id":239869,"date":"2024-09-18T06:56:37","date_gmt":"2024-09-18T04:56:37","guid":{"rendered":"https:\/\/www.ifun.de\/?p=239869"},"modified":"2024-09-25T06:31:35","modified_gmt":"2024-09-25T04:31:35","slug":"ipados-18-fuer-ipad-pro-m4-fehlerhaft-apple-zieht-update-zurueck","status":"publish","type":"post","link":"https:\/\/www.ifun.de\/ipados-18-fuer-ipad-pro-m4-fehlerhaft-apple-zieht-update-zurueck-239869\/","title":{"rendered":"iPadOS 18 f\u00fcr iPad Pro M4 fehlerhaft: Apple zieht Update zur\u00fcck"},"content":{"rendered":"<p>Apple hat die am Montag ver\u00f6ffentlichte und f\u00fcr das neue iPad Pro mit M4-Prozessor bestimmte Version von iPadOS 18 zur\u00fcckgezogen. Die Installation der Software hat bei einem Teil der Nutzer dazu gef\u00fchrt, dass sich das iPad anschlie\u00dfend nicht mehr benutzen l\u00e4sst.<\/p>\n<p>Es ist zumindest nicht auszuschlie\u00dfen, dass hier nur iPad-Besitzer betroffen sind, die in direkter Folge zun\u00e4chst iPadOS 17.7 und dann iPadOS 18 installiert haben. Apple hatte am Montag gemeinsam mit iPadOS 18 auch iPadOS 17.7 zur Installation freigegeben.<\/p>\n<p><a href=\"https:\/\/images.ifun.de\/wp-content\/uploads\/2024\/09\/ipad-pro-2024.jpg\"><img loading=\"lazy\" decoding=\"async\" src=\"https:\/\/images.ifun.de\/wp-content\/uploads\/2024\/09\/ipad-pro-2024-700x411.jpg\" alt=\"Ipad Pro 2024\" width=\"700\" height=\"411\" class=\"alignnone size-large wp-image-239875\" srcset=\"https:\/\/images.ifun.de\/wp-content\/uploads\/2024\/09\/ipad-pro-2024-700x411.jpg 700w, https:\/\/images.ifun.de\/wp-content\/uploads\/2024\/09\/ipad-pro-2024-500x293.jpg 500w, https:\/\/images.ifun.de\/wp-content\/uploads\/2024\/09\/ipad-pro-2024-768x450.jpg 768w, https:\/\/images.ifun.de\/wp-content\/uploads\/2024\/09\/ipad-pro-2024.jpg 1400w\" sizes=\"auto, (max-width: 700px) 100vw, 700px\" \/><\/a><\/p>\n<h2>\u201eKleine Anzahl von Ger\u00e4ten betroffen\u201c<\/h2>\n<p>Apple hat das Problem in einer knappen Stellungnahme best\u00e4tigt. Gegen\u00fcber dem Apple-Blog <a href=\"https:\/\/www.macrumors.com\/2024\/09\/17\/apple-pulls-ipados-18-m4-ipad-pro\/\">Mac Rumors<\/a> lie\u00df das Unternehmen verlauten, dass das f\u00fcr das iPad Pro mit M4-Prozessor bestimmte iPadOS-Update auf Version 18 vor\u00fcbergehend nicht mehr zur Verf\u00fcgung steht. Man arbeite daran, ein Problem zu beheben, das eine kleine Anzahl von Ger\u00e4ten betrifft.<\/p>\n<p>Berichte von betroffenen iPad-Besitzern finden sich mittlerweile auf verschiedenen Internetplattformen, darunter neben <a href=\"https:\/\/www.reddit.com\/r\/iPadOS\/comments\/1figlrs\/ipados_18_bricked_my_m4_ipad\/\">Reddit<\/a> auch die offiziellen Supportforen von Apple in <a href=\"https:\/\/communities.apple.com\/de\/thread\/255759254\">Deutschland<\/a> und den <a href=\"https:\/\/discussions.apple.com\/thread\/255759309\">USA<\/a>. Die Fehlerbeschreibungen sind dabei jeweils nahezu identisch. Das iPad wird w\u00e4hrend des Aktualisierungsvorgangs ausgeschaltet und l\u00e4sst sich anschlie\u00dfend nicht mehr in Betrieb nehmen. Auch die \u00fcblichen Tricks wie ein <a href=\"https:\/\/support.apple.com\/de-de\/102642\">erzwungener Neustart<\/a> schlagen fehl.<\/p>\n<h2>Betroffene Ger\u00e4te werden teils getauscht<\/h2>\n<p>Apple hat noch keine Handlungsanweisungen f\u00fcr betroffene Nutzer bereitgestellt. Somit bleibt erstmal offen, ob sich die Ger\u00e4te auf irgendeine Weise wieder selbst reparieren lassen. Nutzer, die mit dem Problem im Apple Store vorgesprochen haben, berichten davon, dass ihre Ger\u00e4te dort als defekt deklariert und ausgetauscht wurden.<\/p>\n<p>Betroffen scheinen wie eingangs gesagt ausschlie\u00dflich die neuesten, mit einem M4-Prozessor ausgestatteten Modelle des iPad Pro. Apple hat diese Variante des iPad mit den Bildschirmgr\u00f6\u00dfen 11 Zoll und 13 Zoll vor vier Monaten auf den Markt gebracht.<img loading=\"lazy\" decoding=\"async\" src=\"https:\/\/vg09.met.vgwort.de\/na\/840dc77a19a84c9d8f598fbbbf558bc7\" width=\"1\" height=\"1\" no-lazy class=\"tracking\"><\/p>\n","protected":false},"excerpt":{"rendered":"<a href=\"https:\/\/www.ifun.de\/ipados-18-fuer-ipad-pro-m4-fehlerhaft-apple-zieht-update-zurueck-239869\/\"><img width=\"150\" height=\"150\" src=\"https:\/\/images.ifun.de\/wp-content\/uploads\/2024\/09\/ipados-18-feature-150x150.jpg\" class=\"alignright tfe wp-post-image\" alt=\"Ipados 18 Feature\" decoding=\"async\" loading=\"lazy\" \/><\/a><p>Apple hat die am Montag ver\u00f6ffentlichte und f\u00fcr das neue iPad Pro mit M4-Prozessor bestimmte Version von iPadOS 18 zur\u00fcckgezogen. Die Installation der Software hat bei einem Teil der Nutzer dazu gef\u00fchrt, dass sich das iPad anschlie\u00dfend nicht mehr benutzen l\u00e4sst. Es ist zumindest nicht auszuschlie\u00dfen, dass hier nur iPad-Besitzer betroffen sind, die in direkter [&hellip;]<\/p>\n","protected":false},"author":2,"featured_media":239873,"comment_status":"open","ping_status":"closed","sticky":false,"template":"","format":"standard","meta":{"_acf_changed":false,"footnotes":""},"categories":[10,1783],"tags":[2486,6481],"class_list":["post-239869","post","type-post","status-publish","format-standard","has-post-thumbnail","hentry","category-ipad","category-feature","tag-ipad-pro","tag-ipados-18"],"acf":[],"aioseo_notices":[],"featured_image":["https:\/\/images.ifun.de\/wp-content\/uploads\/2024\/09\/ipados-18-feature.jpg"],"subheadline":["Ger\u00e4te starten teils nicht mehr"],"rest_api_enabler":{"featured_image":"https:\/\/images.ifun.de\/wp-content\/uploads\/2024\/09\/ipados-18-feature.jpg","subheadline":"Ger\u00e4te starten teils nicht mehr"},"_links":{"self":[{"href":"https:\/\/www.ifun.de\/apiv2\/wp\/v2\/posts\/239869","targetHints":{"allow":["GET"]}}],"collection":[{"href":"https:\/\/www.ifun.de\/apiv2\/wp\/v2\/posts"}],"about":[{"href":"https:\/\/www.ifun.de\/apiv2\/wp\/v2\/types\/post"}],"author":[{"embeddable":true,"href":"https:\/\/www.ifun.de\/apiv2\/wp\/v2\/users\/2"}],"replies":[{"embeddable":true,"href":"https:\/\/www.ifun.de\/apiv2\/wp\/v2\/comments?post=239869"}],"version-history":[{"count":5,"href":"https:\/\/www.ifun.de\/apiv2\/wp\/v2\/posts\/239869\/revisions"}],"predecessor-version":[{"id":239876,"href":"https:\/\/www.ifun.de\/apiv2\/wp\/v2\/posts\/239869\/revisions\/239876"}],"wp:featuredmedia":[{"embeddable":true,"href":"https:\/\/www.ifun.de\/apiv2\/wp\/v2\/media\/239873"}],"wp:attachment":[{"href":"https:\/\/www.ifun.de\/apiv2\/wp\/v2\/media?parent=239869"}],"wp:term":[{"taxonomy":"category","embeddable":true,"href":"https:\/\/www.ifun.de\/apiv2\/wp\/v2\/categories?post=239869"},{"taxonomy":"post_tag","embeddable":true,"href":"https:\/\/www.ifun.de\/apiv2\/wp\/v2\/tags?post=239869"}],"curies":[{"name":"wp","href":"https:\/\/api.w.org\/{rel}","templated":true}]}}