{"id":23875,"date":"2012-04-03T10:25:32","date_gmt":"2012-04-03T08:25:32","guid":{"rendered":"http:\/\/www.ifun.de\/?p=23875"},"modified":"2012-04-03T10:36:01","modified_gmt":"2012-04-03T08:36:01","slug":"apple-store-stuttgart-sindelfingen","status":"publish","type":"post","link":"https:\/\/www.ifun.de\/apple-store-stuttgart-sindelfingen-23875\/","title":{"rendered":"Erster Apple Store in Baden-W\u00fcrttemberg findet wohl im &#8222;Breuningerland Sindelfingen&#8220; seinen Platz"},"content":{"rendered":"<p><img loading=\"lazy\" decoding=\"async\" src=\"http:\/\/images.ifun.de\/wp-content\/uploads\/2011\/11\/photo_city-galerie.jpg\" alt=\"\" title=\"photo_city-galerie\" width=\"230\" height=\"147\" class=\"alignright size-full wp-image-18808\" \/>Der erste schw\u00e4bische Apple Store liegt aller Wahrscheinlichkeit nach rund 17 Kilometer au\u00dferhalb des Stuttgarter Stadtzentrums. Laut Informationen der <a href=\"http:\/\/www.stuttgarter-zeitung.de\/inhalt.premiere-in-baden-wuerttemberg-apple-plant-offenbar-landesdebuet-im-breuningerland.78374019-4de1-4971-8b7c-0e0ef9def718.html\">Stuttgarter Zeitung<\/a> will Apple im Herbst eine Filiale im <a href=\"http:\/\/www.breuningerland-sindelfingen.de\/de\/seite\/home\/HOME.php\">Breuningerland Sindelfingen<\/a> er\u00f6ffnen. Das renommierte Einkaufszentrum wird von der bundesweit t\u00e4tigen Betreibergesellschaft ECE betrieben, Apple hat bereits in mehreren andern ECE-Zentren in Deutschland entsprechende Stores er\u00f6ffnet.<\/p>\n<p>Angeblich soll Apple in Sindelfingen eine 700 bis 800 Quadratmeter gro\u00dfe Ladenfl\u00e4che angemietet haben. Das Breuningerland z\u00e4hlt laut dem Zeitungsartikel rund 20.000 Besucher pro Tag.<\/p>\n<p>Es ist davon auszugehen, dass Apple \u00e4hnlich wie in Hamburg auf kurz oder lang auch in der Stuttgarter Innenstadt eine Filiale er\u00f6ffnet, sobald eine passende Lokalit\u00e4t gefunden ist.<\/p>\n","protected":false},"excerpt":{"rendered":"<a href=\"https:\/\/www.ifun.de\/apple-store-stuttgart-sindelfingen-23875\/\"><img decoding=\"async\" width=\"150\" src=\"http:\/\/images.ifun.de\/wp-content\/uploads\/2011\/11\/photo_city-galerie.jpg\" class=\"alignright wp-post-image tfe\" alt=\"\" title=\"photo_city-galerie\" \/><\/a><p>Der erste schw\u00e4bische Apple Store liegt aller Wahrscheinlichkeit nach rund 17 Kilometer au\u00dferhalb des Stuttgarter Stadtzentrums. Laut Informationen der Stuttgarter Zeitung will Apple im Herbst eine Filiale im Breuningerland Sindelfingen er\u00f6ffnen. Das renommierte Einkaufszentrum wird von der bundesweit t\u00e4tigen Betreibergesellschaft ECE betrieben, Apple hat bereits in mehreren andern ECE-Zentren in Deutschland entsprechende Stores er\u00f6ffnet. Angeblich [&hellip;]<\/p>\n","protected":false},"author":2,"featured_media":0,"comment_status":"open","ping_status":"closed","sticky":false,"template":"","format":"standard","meta":{"_acf_changed":false,"footnotes":""},"categories":[3],"tags":[49,1100,245],"class_list":["post-23875","post","type-post","status-publish","format-standard","hentry","category-apple","tag-apple-store","tag-sindelfingen","tag-stuttgart"],"acf":[],"aioseo_notices":[],"rest_api_enabler":[],"_links":{"self":[{"href":"https:\/\/www.ifun.de\/apiv2\/wp\/v2\/posts\/23875","targetHints":{"allow":["GET"]}}],"collection":[{"href":"https:\/\/www.ifun.de\/apiv2\/wp\/v2\/posts"}],"about":[{"href":"https:\/\/www.ifun.de\/apiv2\/wp\/v2\/types\/post"}],"author":[{"embeddable":true,"href":"https:\/\/www.ifun.de\/apiv2\/wp\/v2\/users\/2"}],"replies":[{"embeddable":true,"href":"https:\/\/www.ifun.de\/apiv2\/wp\/v2\/comments?post=23875"}],"version-history":[{"count":7,"href":"https:\/\/www.ifun.de\/apiv2\/wp\/v2\/posts\/23875\/revisions"}],"predecessor-version":[{"id":23882,"href":"https:\/\/www.ifun.de\/apiv2\/wp\/v2\/posts\/23875\/revisions\/23882"}],"wp:attachment":[{"href":"https:\/\/www.ifun.de\/apiv2\/wp\/v2\/media?parent=23875"}],"wp:term":[{"taxonomy":"category","embeddable":true,"href":"https:\/\/www.ifun.de\/apiv2\/wp\/v2\/categories?post=23875"},{"taxonomy":"post_tag","embeddable":true,"href":"https:\/\/www.ifun.de\/apiv2\/wp\/v2\/tags?post=23875"}],"curies":[{"name":"wp","href":"https:\/\/api.w.org\/{rel}","templated":true}]}}