{"id":238729,"date":"2024-09-02T16:55:23","date_gmt":"2024-09-02T14:55:23","guid":{"rendered":"https:\/\/www.ifun.de\/?p=238729"},"modified":"2024-09-10T10:47:39","modified_gmt":"2024-09-10T08:47:39","slug":"tim-cooks-nachfolge-hardware-chef-john-ternus-rueckt-in-den-fokus","status":"publish","type":"post","link":"https:\/\/www.ifun.de\/tim-cooks-nachfolge-hardware-chef-john-ternus-rueckt-in-den-fokus-238729\/","title":{"rendered":"Tim Cooks Nachfolge: Hardware-Chef John Ternus r\u00fcckt in den Fokus"},"content":{"rendered":"<p class=\"p1\">Dass Apples CEO Tim Cook allm\u00e4hlich seine Nachfolge vorbereitet, ist schon l\u00e4nger ein offenes Geheimnis. Inzwischen zeichnet sich ein m\u00f6glicher \u00dcbergang allerdings immer deutlicher ab. Insbesondere <a href=\"https:\/\/www.ifun.de\/tim-cooks-nachfolge-ploetzlich-ist-john-ternus-im-gespraech-232342\/\">die Rolle von John Ternus<\/a>, dem derzeitigen Leiter der Hardwareentwicklung, r\u00fcckt dabei immer mehr in den Fokus. Beobachter sehen in Ternus inzwischen den wahrscheinlichen Nachfolger Cooks, wenn dieser sich in den kommenden Jahren aus dem operativen Gesch\u00e4ft zur\u00fcckziehen sollte.<\/p>\n<p><a href=\"https:\/\/images.ifun.de\/wp-content\/uploads\/2021\/04\/john-ternus-apple.jpg\"><img loading=\"lazy\" decoding=\"async\" class=\"aligncenter size-medium wp-image-168511\" src=\"https:\/\/images.ifun.de\/wp-content\/uploads\/2021\/04\/john-ternus-apple-500x360.jpg\" alt=\"John Ternus Apple\" width=\"500\" height=\"360\" srcset=\"https:\/\/images.ifun.de\/wp-content\/uploads\/2021\/04\/john-ternus-apple-500x360.jpg 500w, https:\/\/images.ifun.de\/wp-content\/uploads\/2021\/04\/john-ternus-apple-700x504.jpg 700w, https:\/\/images.ifun.de\/wp-content\/uploads\/2021\/04\/john-ternus-apple-768x553.jpg 768w, https:\/\/images.ifun.de\/wp-content\/uploads\/2021\/04\/john-ternus-apple.jpg 1000w\" sizes=\"auto, (max-width: 500px) 100vw, 500px\" \/><\/a><\/p>\n<p class=\"p1\">Es wird spekuliert, dass Cook, der Apple seit 2011 f\u00fchrt, dann m\u00f6glicherweise die Position des Executive Chairman \u00fcbernehmen k\u00f6nnte, um weiterhin eine beratende Funktion auszu\u00fcben, w\u00e4hrend Ternus als neuer CEO das Tagesgesch\u00e4ft \u00fcbernimmt.<\/p>\n<h2>Gem\u00e4chlicher Austausch der Chefetage<\/h2>\n<p class=\"p1\">Der m\u00f6gliche \u00dcbergang von Cook zu Ternus ist Teil einer umfassenderen Strategie, die Cook seit Jahren verfolgt: Ver\u00e4nderungen zu erm\u00f6glichen, ohne die Kontinuit\u00e4t im Unternehmen dabei zu beeintr\u00e4chtigen. So tauschen Cook wichtige F\u00fchrungskr\u00e4fte nicht einfach aus, sondern l\u00e4sst deren Verantwortungsbereiche schrittweise an die n\u00e4chste Generation \u00fcbergeben. Dabei achtet der Jobs-Z\u00f6gling darauf, dass erfahrene Top-Manager weiterhin im Unternehmen bleiben, selbst wenn diese Kernbereiche ihrer bisherigen Zust\u00e4ndigkeiten abgeben.<\/p>\n<p class=\"p1\">Diese Strategie k\u00f6nnte demn\u00e4chst auch bei anderen hochrangigen Managern wie Jeff Williams, dem Chief Operating Officer, und Eddy Cue, der f\u00fcr den Bereich Services verantwortlich ist, greifen. Beide k\u00f6nnten in naher Zukunft ihre derzeitigen Rollen abgeben, aber weiterhin in reduzierter Funktion bei Apple t\u00e4tig bleiben, <a href=\"https:\/\/www.bloomberg.com\/news\/newsletters\/2024-09-01\/apple-s-succession-strategy-m4-mac-mini-cheaper-ipad-magic-keyboard-m0jkdrx5\">spekuliert der Wirtschaftsnachrichten-Dienst<\/a> Bloomberg.<\/p>\n<p><a href=\"https:\/\/images.ifun.de\/wp-content\/uploads\/2024\/05\/john-ternus-event.jpg\"><img loading=\"lazy\" decoding=\"async\" class=\"aligncenter size-large wp-image-232344\" src=\"https:\/\/images.ifun.de\/wp-content\/uploads\/2024\/05\/john-ternus-event-700x395.jpg\" alt=\"John Ternus Event\" width=\"700\" height=\"395\" srcset=\"https:\/\/images.ifun.de\/wp-content\/uploads\/2024\/05\/john-ternus-event-700x395.jpg 700w, https:\/\/images.ifun.de\/wp-content\/uploads\/2024\/05\/john-ternus-event-500x282.jpg 500w, https:\/\/images.ifun.de\/wp-content\/uploads\/2024\/05\/john-ternus-event-768x433.jpg 768w, https:\/\/images.ifun.de\/wp-content\/uploads\/2024\/05\/john-ternus-event-1536x866.jpg 1536w, https:\/\/images.ifun.de\/wp-content\/uploads\/2024\/05\/john-ternus-event.jpg 1591w\" sizes=\"auto, (max-width: 700px) 100vw, 700px\" \/><\/a><\/p>\n<p class=\"p1\">Cooks Ansatz, erfahrene F\u00fchrungskr\u00e4fte nach deren R\u00fcckzug im Unternehmen zu halten, soll die Stabilit\u00e4t sichern und das Vertrauen von Mitarbeitern und Aktion\u00e4ren in das Unternehmen festigen. Indem Schl\u00fcsselpersonen wie Luca Maestri, <a href=\"https:\/\/www.ifun.de\/personalie-apple-wechselt-finanzchef-luca-maestri-aus-238314\/\">der scheidende Finanzchef<\/a>, in beratenden Rollen weiterarbeiten, stellt Cook sicher, dass das Wissen und die Expertise dieser F\u00fchrungskr\u00e4fte dem Unternehmen erhalten bleiben. Diese Strategie der schrittweisen \u00dcbergabe und des Verbleibs im Unternehmen hat sich bereits in der Vergangenheit bew\u00e4hrt, etwa bei Bob Mansfield und Jony Ive. Der \u00dcbergang von Cook zu Ternus k\u00f6nnte schon bald ein weiterer logischer Schritt und Teil dieser Strategie sein.<\/p>\n<p class=\"p1\">Allerdings birgt diese Vorgehensweise auch Risiken. Kritiker innerhalb Apples sehen die Gefahr, dass durch das Festhalten an langj\u00e4hrigen F\u00fchrungskr\u00e4ften frische Ideen und eine notwendige Erneuerung des Unternehmens ausgebremst werden k\u00f6nnten.<\/p>\n<p><img loading=\"lazy\" decoding=\"async\" src=\"https:\/\/vg05.met.vgwort.de\/na\/00e494f563544f3a9cd6d2dfa3ef4716\" width=\"1\" height=\"1\" no-lazy class=\"tracking\"><\/p>\n","protected":false},"excerpt":{"rendered":"<a href=\"https:\/\/www.ifun.de\/tim-cooks-nachfolge-hardware-chef-john-ternus-rueckt-in-den-fokus-238729\/\"><img decoding=\"async\" width=\"150\" src=\"https:\/\/images.ifun.de\/wp-content\/uploads\/2021\/04\/john-ternus-apple-500x360.jpg\" class=\"alignright wp-post-image tfe\" alt=\"John Ternus Apple\" title=\"\" \/><\/a><p>Dass Apples CEO Tim Cook allm\u00e4hlich seine Nachfolge vorbereitet, ist schon l\u00e4nger ein offenes Geheimnis. Inzwischen zeichnet sich ein m\u00f6glicher \u00dcbergang allerdings immer deutlicher ab. Insbesondere die Rolle von John Ternus, dem derzeitigen Leiter der Hardwareentwicklung, r\u00fcckt dabei immer mehr in den Fokus. Beobachter sehen in Ternus inzwischen den wahrscheinlichen Nachfolger Cooks, wenn dieser sich [&hellip;]<\/p>\n","protected":false},"author":1,"featured_media":0,"comment_status":"open","ping_status":"closed","sticky":false,"template":"","format":"standard","meta":{"_acf_changed":false,"footnotes":""},"categories":[1,1783],"tags":[4736,5338,6030,614],"class_list":["post-238729","post","type-post","status-publish","format-standard","hentry","category-news","category-feature","tag-apple","tag-john-ternus","tag-personalie","tag-tim-cook"],"acf":[],"aioseo_notices":[],"featured_image":["https:\/\/images.ifun.de\/wp-content\/uploads\/2021\/01\/ternus-feature.jpg"],"subheadline":["Gem\u00e4chlicher Austausch der Chefetage"],"rest_api_enabler":{"featured_image":"https:\/\/images.ifun.de\/wp-content\/uploads\/2021\/01\/ternus-feature.jpg","subheadline":"Gem\u00e4chlicher Austausch der Chefetage"},"_links":{"self":[{"href":"https:\/\/www.ifun.de\/apiv2\/wp\/v2\/posts\/238729","targetHints":{"allow":["GET"]}}],"collection":[{"href":"https:\/\/www.ifun.de\/apiv2\/wp\/v2\/posts"}],"about":[{"href":"https:\/\/www.ifun.de\/apiv2\/wp\/v2\/types\/post"}],"author":[{"embeddable":true,"href":"https:\/\/www.ifun.de\/apiv2\/wp\/v2\/users\/1"}],"replies":[{"embeddable":true,"href":"https:\/\/www.ifun.de\/apiv2\/wp\/v2\/comments?post=238729"}],"version-history":[{"count":2,"href":"https:\/\/www.ifun.de\/apiv2\/wp\/v2\/posts\/238729\/revisions"}],"predecessor-version":[{"id":238733,"href":"https:\/\/www.ifun.de\/apiv2\/wp\/v2\/posts\/238729\/revisions\/238733"}],"wp:attachment":[{"href":"https:\/\/www.ifun.de\/apiv2\/wp\/v2\/media?parent=238729"}],"wp:term":[{"taxonomy":"category","embeddable":true,"href":"https:\/\/www.ifun.de\/apiv2\/wp\/v2\/categories?post=238729"},{"taxonomy":"post_tag","embeddable":true,"href":"https:\/\/www.ifun.de\/apiv2\/wp\/v2\/tags?post=238729"}],"curies":[{"name":"wp","href":"https:\/\/api.w.org\/{rel}","templated":true}]}}