{"id":238538,"date":"2024-08-29T08:59:28","date_gmt":"2024-08-29T06:59:28","guid":{"rendered":"https:\/\/www.ifun.de\/?p=238538"},"modified":"2024-08-29T08:59:28","modified_gmt":"2024-08-29T06:59:28","slug":"ki-statt-kollegen-klarna-plant-massiven-stellenabbau","status":"publish","type":"post","link":"https:\/\/www.ifun.de\/ki-statt-kollegen-klarna-plant-massiven-stellenabbau-238538\/","title":{"rendered":"KI statt Kollegen: Klarna plant massiven Stellenabbau"},"content":{"rendered":"<p>Der schwedische Zahlungsdienstleister Klarna plant, die Zahl seiner Mitarbeiter auf rund 2.000 zu reduzieren und damit nahezu zu halbieren. Dabei helfen soll der verst\u00e4rkte Einsatz von K\u00fcnstlicher Intelligenz (KI) in Bereichen wie Kundenservice und Marketing.<\/p>\n<p><a href=\"https:\/\/images.ifun.de\/wp-content\/uploads\/2022\/09\/klarna-rechnung.jpg\"><img loading=\"lazy\" decoding=\"async\" class=\"aligncenter size-medium wp-image-195512\" src=\"https:\/\/images.ifun.de\/wp-content\/uploads\/2022\/09\/klarna-rechnung-500x333.jpg\" alt=\"Klarna Rechnung\" width=\"500\" height=\"333\" srcset=\"https:\/\/images.ifun.de\/wp-content\/uploads\/2022\/09\/klarna-rechnung-500x333.jpg 500w, https:\/\/images.ifun.de\/wp-content\/uploads\/2022\/09\/klarna-rechnung-700x467.jpg 700w, https:\/\/images.ifun.de\/wp-content\/uploads\/2022\/09\/klarna-rechnung-768x512.jpg 768w, https:\/\/images.ifun.de\/wp-content\/uploads\/2022\/09\/klarna-rechnung.jpg 1080w\" sizes=\"auto, (max-width: 500px) 100vw, 500px\" \/><\/a><\/p>\n<h2>Jede zweite Stelle in Gefahr<\/h2>\n<p>Dies berichtet die Financial Times und erinnert <a href=\"https:\/\/www.ft.com\/content\/bfd9af3d-d607-4877-9571-078ab82a837e\">im gleichen Atemzug daran<\/a>, dass Klarna seine Belegschaft bereits in den letzten zw\u00f6lf Monaten von anfangs 5.000 auf nur noch 3.800 reduziert hat, ohne aktive Entlassungen durchzuf\u00fchren. Der Abbau erfolgte durch nat\u00fcrliche Fluktuation und einen Einstellungsstopp f\u00fcr vakante Positionen.<\/p>\n<p>Klarna-CEO Sebastian Siemiatkowski betont den Einsatz von K\u00fcnstlicher Intelligenz, der es dem Unternehmen erm\u00f6glicht habe, mit weniger Personal dieselben oder sogar bessere Ergebnisse zu erzielen. Der starke Fokus auf K\u00fcnstliche Intelligenz sei Teil einer umfassenderen Strategie, die auf Kostensenkung und Effizienzsteigerung abzielt, w\u00e4hrend sich Klarna auf einen geplanten B\u00f6rsengang vorbereitet. Dieser k\u00f6nnte bereits in der ersten H\u00e4lfte des kommenden Jahres stattfinden.<\/p>\n<p><a href=\"https:\/\/images.ifun.de\/wp-content\/uploads\/2023\/07\/download_url-Klarna_DE_PR_Search-1-scaled.jpg\"><img loading=\"lazy\" decoding=\"async\" class=\"aligncenter size-large wp-image-213548\" src=\"https:\/\/images.ifun.de\/wp-content\/uploads\/2023\/07\/download_url-Klarna_DE_PR_Search-1-700x467.jpg\" alt=\"Download Url Klarna DE PR Search 1\" width=\"700\" height=\"467\" srcset=\"https:\/\/images.ifun.de\/wp-content\/uploads\/2023\/07\/download_url-Klarna_DE_PR_Search-1-700x467.jpg 700w, https:\/\/images.ifun.de\/wp-content\/uploads\/2023\/07\/download_url-Klarna_DE_PR_Search-1-500x333.jpg 500w, https:\/\/images.ifun.de\/wp-content\/uploads\/2023\/07\/download_url-Klarna_DE_PR_Search-1-768x512.jpg 768w, https:\/\/images.ifun.de\/wp-content\/uploads\/2023\/07\/download_url-Klarna_DE_PR_Search-1-1536x1024.jpg 1536w, https:\/\/images.ifun.de\/wp-content\/uploads\/2023\/07\/download_url-Klarna_DE_PR_Search-1-2048x1365.jpg 2048w\" sizes=\"auto, (max-width: 700px) 100vw, 700px\" \/><\/a><\/p>\n<h2>Jahresumsatz pro Mitarbeiter steigt<\/h2>\n<p>Laut Siemiatkowski werde Klarna weiterhin in hochqualifizierte Mitarbeiter investieren. Dabei werde der Fokus jedoch auf einer h\u00f6heren Effizienz pro Mitarbeiter liegen, um gleichzeitig die Gesamtkosten zu senken und die Qualit\u00e4t der Arbeitskr\u00e4fte zu steigern.<\/p>\n<p>Im zweiten Quartal 2024 konnte Klarna seinen Nettoverlust erheblich reduzieren, von 75 Millionen Euro im Vorjahr auf nur noch knapp eine Million Euro. Der durchschnittliche Jahresumsatz pro Mitarbeiter stieg im gleichen Zeitraum von 360.000 Euro auf 630.000 Euro. Diese Entwicklung wird ebenfalls auf die zunehmende Automatisierung durch K\u00fcnstliche Intelligenz zur\u00fcckgef\u00fchrt.<\/p>\n<p>Zuletzt hatte Klarna das Klarna Bankkonto umbenannt und bietet dieses seitdem als \u201eKlarna Guthaben\u201c mit Cashback <a href=\"https:\/\/www.iphone-ticker.de\/klarna-guthaben-cashback-und-neue-konto-funktionen-240122\/\">und neuen Konto-Funktionen an<\/a>.<\/p>\n<blockquote class=\"wp-embedded-content\" data-secret=\"PetfNal0Fc\"><p><a href=\"https:\/\/www.iphone-ticker.de\/klarna-guthaben-cashback-und-neue-konto-funktionen-240122\/\">&#8222;Klarna Guthaben&#8220;: Cashback und neue Konto-Funktionen<\/a><\/p><\/blockquote>\n<p><div class=\"responsive-embed\"><iframe loading=\"lazy\" class=\"wp-embedded-content\" sandbox=\"allow-scripts\" security=\"restricted\" style=\"position: absolute; visibility: hidden;\" title=\"&#8222;&#8222;Klarna Guthaben&#8220;: Cashback und neue Konto-Funktionen&#8220; &#8212; iphone-ticker.de\" src=\"https:\/\/www.iphone-ticker.de\/klarna-guthaben-cashback-und-neue-konto-funktionen-240122\/embed\/#?secret=5F3adpS6uZ#?secret=PetfNal0Fc\" data-secret=\"PetfNal0Fc\" width=\"500\" height=\"282\" frameborder=\"0\" marginwidth=\"0\" marginheight=\"0\" scrolling=\"no\"><\/iframe><\/div><\/p>\n<p><img loading=\"lazy\" decoding=\"async\" src=\"https:\/\/vg05.met.vgwort.de\/na\/8883f4b0ffa04c0f99750f78fb6cc216\" width=\"1\" height=\"1\" no-lazy class=\"tracking\"><\/p>\n","protected":false},"excerpt":{"rendered":"<a href=\"https:\/\/www.ifun.de\/ki-statt-kollegen-klarna-plant-massiven-stellenabbau-238538\/\"><img decoding=\"async\" width=\"150\" src=\"https:\/\/images.ifun.de\/wp-content\/uploads\/2022\/09\/klarna-rechnung-500x333.jpg\" class=\"alignright wp-post-image tfe\" alt=\"Klarna Rechnung\" title=\"\" \/><\/a><p>Der schwedische Zahlungsdienstleister Klarna plant, die Zahl seiner Mitarbeiter auf rund 2.000 zu reduzieren und damit nahezu zu halbieren. Dabei helfen soll der verst\u00e4rkte Einsatz von K\u00fcnstlicher Intelligenz (KI) in Bereichen wie Kundenservice und Marketing. Jede zweite Stelle in Gefahr Dies berichtet die Financial Times und erinnert im gleichen Atemzug daran, dass Klarna seine Belegschaft [&hellip;]<\/p>\n","protected":false},"author":1,"featured_media":0,"comment_status":"open","ping_status":"closed","sticky":false,"template":"","format":"standard","meta":{"_acf_changed":false,"footnotes":""},"categories":[1],"tags":[3536,5633,6065],"class_list":["post-238538","post","type-post","status-publish","format-standard","hentry","category-news","tag-ki","tag-klarna","tag-kuenstliche-intelligenz"],"acf":[],"aioseo_notices":[],"featured_image":["https:\/\/images.ifun.de\/wp-content\/uploads\/2023\/07\/klarna-app.jpg"],"subheadline":["Halbierung der Belegschaft angestrebt"],"rest_api_enabler":{"featured_image":"https:\/\/images.ifun.de\/wp-content\/uploads\/2023\/07\/klarna-app.jpg","subheadline":"Halbierung der Belegschaft angestrebt"},"_links":{"self":[{"href":"https:\/\/www.ifun.de\/apiv2\/wp\/v2\/posts\/238538","targetHints":{"allow":["GET"]}}],"collection":[{"href":"https:\/\/www.ifun.de\/apiv2\/wp\/v2\/posts"}],"about":[{"href":"https:\/\/www.ifun.de\/apiv2\/wp\/v2\/types\/post"}],"author":[{"embeddable":true,"href":"https:\/\/www.ifun.de\/apiv2\/wp\/v2\/users\/1"}],"replies":[{"embeddable":true,"href":"https:\/\/www.ifun.de\/apiv2\/wp\/v2\/comments?post=238538"}],"version-history":[{"count":2,"href":"https:\/\/www.ifun.de\/apiv2\/wp\/v2\/posts\/238538\/revisions"}],"predecessor-version":[{"id":238540,"href":"https:\/\/www.ifun.de\/apiv2\/wp\/v2\/posts\/238538\/revisions\/238540"}],"wp:attachment":[{"href":"https:\/\/www.ifun.de\/apiv2\/wp\/v2\/media?parent=238538"}],"wp:term":[{"taxonomy":"category","embeddable":true,"href":"https:\/\/www.ifun.de\/apiv2\/wp\/v2\/categories?post=238538"},{"taxonomy":"post_tag","embeddable":true,"href":"https:\/\/www.ifun.de\/apiv2\/wp\/v2\/tags?post=238538"}],"curies":[{"name":"wp","href":"https:\/\/api.w.org\/{rel}","templated":true}]}}