{"id":238517,"date":"2024-08-29T06:38:55","date_gmt":"2024-08-29T04:38:55","guid":{"rendered":"https:\/\/www.ifun.de\/?p=238517"},"modified":"2024-08-29T07:45:03","modified_gmt":"2024-08-29T05:45:03","slug":"telegram-chef-durov-unter-aufsicht-in-frankreich","status":"publish","type":"post","link":"https:\/\/www.ifun.de\/telegram-chef-durov-unter-aufsicht-in-frankreich-238517\/","title":{"rendered":"Ausreiseverbot f\u00fcr Telegram-Chef Durov: Unter Aufsicht in Frankreich"},"content":{"rendered":"<p>Pavel Durov, der Gr\u00fcnder und CEO des Messenger-Dienstes Telegram, wurde aus der Untersuchungshaft entlassen, steht in Frankreich aber weiterhin unter richterlicher Aufsicht. Wie berichtet wurde der 39-j\u00e4hrige am Samstag bei seiner Ankunft am Flughafen Le Bourget bei Paris festgenommen, wurde nach vier Tagen intensiver Befragung nun aber wieder auf freien Fu\u00df gesetzt.<\/p>\n<p><a href=\"https:\/\/images.ifun.de\/wp-content\/uploads\/2024\/08\/pavel-durov.jpg\"><img loading=\"lazy\" decoding=\"async\" class=\"aligncenter size-medium wp-image-238215\" src=\"https:\/\/images.ifun.de\/wp-content\/uploads\/2024\/08\/pavel-durov-500x456.jpg\" alt=\"Pavel Durov\" width=\"500\" height=\"456\" srcset=\"https:\/\/images.ifun.de\/wp-content\/uploads\/2024\/08\/pavel-durov-500x456.jpg 500w, https:\/\/images.ifun.de\/wp-content\/uploads\/2024\/08\/pavel-durov-700x639.jpg 700w, https:\/\/images.ifun.de\/wp-content\/uploads\/2024\/08\/pavel-durov-768x701.jpg 768w, https:\/\/images.ifun.de\/wp-content\/uploads\/2024\/08\/pavel-durov.jpg 960w\" sizes=\"auto, (max-width: 500px) 100vw, 500px\" \/><\/a><\/p>\n<p>Die Pariser Staatsanwaltschaft wirft Durov unter anderem vor, nicht konsequent genug gegen illegale Aktivit\u00e4ten wie den Handel mit kinderpornografischem Material und Drogen auf der Plattform vorgegangen zu sein. Au\u00dferdem soll Telegram sich geweigert haben, mit den Beh\u00f6rden zu kooperieren.<\/p>\n<p>Als Teil der Auflagen darf Durov Frankreich nicht verlassen und muss sich zweimal pro Woche bei der Polizei melden. Zus\u00e4tzlich wurde eine Kaution in H\u00f6he von f\u00fcnf Millionen Euro festgesetzt.<\/p>\n<h2>Internationale Reaktionen und Kritik<\/h2>\n<p>Der Fall hat international f\u00fcr Aufsehen gesorgt, insbesondere in Russland, wo Durov geboren wurde und, wie in Frankreich, auch dort ebenfalls Staatsb\u00fcrger ist. Russische Offizielle bezeichneten die Anschuldigungen als politisch motiviert und als Versuch, ein gro\u00dfes Technologieunternehmen zu unterdr\u00fccken. Zur Erinnerung: 2018 hatte man in Russland <a href=\"https:\/\/www.iphone-ticker.de\/telegram-messenger-russisches-gericht-ordnet-sperrung-an-124948\/\">noch selbst versucht<\/a> die Nutzung von Telegram zu unterbinden. Auch in anderen L\u00e4ndern wie den Vereinigten Arabischen Emiraten, deren Staatsb\u00fcrger Durov ebenfalls ist, wird der Fall genau verfolgt.<\/p>\n<p>Telegram selbst <a href=\"https:\/\/tass.com\/economy\/1833657\">weist die Vorw\u00fcrfe zur\u00fcck<\/a> und betonte in einer Stellungnahmen, dass die Plattform den europ\u00e4ischen Vorschriften entspricht und die Moderation von Inhalten im Einklang mit den Branchenstandards steht. Durovs Anwalt bezeichnete die Anschuldigungen als \u201eabsurd\u201c.<\/p>\n<blockquote>\n<div><strong>Die Vorw\u00fcrfe gegen Durov:<\/strong><\/div>\n<ul>\n<li>Beihilfe \u2013 Betreiben einer Online-Plattform zur Erm\u00f6glichung illegaler Transaktionen in einer organisierten Gruppe<\/li>\n<li>Verweigerung der Herausgabe von Informationen oder Dokumenten, die f\u00fcr gesetzlich erlaubte \u00dcberwachungsma\u00dfnahmen erforderlich sind<\/li>\n<li>Beihilfe \u2013 Besitz von pornografischen Bildern von Minderj\u00e4hrigen<\/li>\n<li>Beihilfe \u2013 Verbreitung, Angebot oder Bereitstellung von pornografischen Bildern von Minderj\u00e4hrigen in einer organisierten Gruppe<\/li>\n<li>Beihilfe \u2013 Erwerb, Transport, Besitz, Angebot oder Verkauf von Bet\u00e4ubungsmitteln<\/li>\n<li>Beihilfe \u2013 Angebot, Verkauf oder Bereitstellung von Ausr\u00fcstung, Werkzeugen, Programmen oder Daten zur Sch\u00e4digung von automatisierten Datenverarbeitungssystemen ohne legitimen Grund<\/li>\n<li>Beihilfe \u2013 Organisierter Betrug<\/li>\n<li>Mitglied einer kriminellen Vereinigung zur Begehung eines Verbrechens oder Vergehens, das mit mindestens f\u00fcnf Jahren Freiheitsstrafe geahndet werden kann<\/li>\n<li>Geldw\u00e4sche von Ertr\u00e4gen aus Straftaten und Verbrechen einer organisierten Gruppe<\/li>\n<li>Bereitstellung von Verschl\u00fcsselungstechnik zur Gew\u00e4hrleistung der Vertraulichkeit ohne zertifizierte Erkl\u00e4rung<\/li>\n<li>Bereitstellung eines Verschl\u00fcsselungstechnik, das nicht ausschlie\u00dflich der Authentifizierung oder Integrit\u00e4ts\u00fcberwachung dient, ohne vorherige Erkl\u00e4rung<\/li>\n<li>Import von Verschl\u00fcsselungstechnik zur Authentifizierung oder Integrit\u00e4ts\u00fcberwachung ohne vorherige Erkl\u00e4rung<\/li>\n<\/ul>\n<\/blockquote>\n<h2>Debatte um Verantwortung von Social-Media-Plattformen<\/h2>\n<p>Der Fall Durov wirft eine breite Diskussion \u00fcber die Verantwortung von Social-Media-Plattformen auf. Es geht um die Frage, wie Betreiber solcher Dienste mit illegalen Inhalten umgehen und inwieweit sie f\u00fcr die auf ihren Plattformen stattfindenden Aktivit\u00e4ten haftbar gemacht werden k\u00f6nnen. Die Entwicklung des Falls wird sowohl in technologischen als auch in politischen Kreisen genau beobachtet.<\/p>\n<p><img loading=\"lazy\" decoding=\"async\" src=\"https:\/\/vg05.met.vgwort.de\/na\/66c3d6261cb64bd09bf5473e555f9102\" width=\"1\" height=\"1\" no-lazy class=\"tracking\"><\/p>\n","protected":false},"excerpt":{"rendered":"<a href=\"https:\/\/www.ifun.de\/telegram-chef-durov-unter-aufsicht-in-frankreich-238517\/\"><img decoding=\"async\" width=\"150\" src=\"https:\/\/images.ifun.de\/wp-content\/uploads\/2024\/08\/pavel-durov-500x456.jpg\" class=\"alignright wp-post-image tfe\" alt=\"Pavel Durov\" title=\"\" \/><\/a><p>Pavel Durov, der Gr\u00fcnder und CEO des Messenger-Dienstes Telegram, wurde aus der Untersuchungshaft entlassen, steht in Frankreich aber weiterhin unter richterlicher Aufsicht. Wie berichtet wurde der 39-j\u00e4hrige am Samstag bei seiner Ankunft am Flughafen Le Bourget bei Paris festgenommen, wurde nach vier Tagen intensiver Befragung nun aber wieder auf freien Fu\u00df gesetzt. Die Pariser Staatsanwaltschaft [&hellip;]<\/p>\n","protected":false},"author":1,"featured_media":0,"comment_status":"open","ping_status":"closed","sticky":false,"template":"","format":"standard","meta":{"_acf_changed":false,"footnotes":""},"categories":[1],"tags":[810,553,5102],"class_list":["post-238517","post","type-post","status-publish","format-standard","hentry","category-news","tag-politik","tag-recht","tag-telegram"],"acf":[],"aioseo_notices":[],"featured_image":["https:\/\/images.ifun.de\/wp-content\/uploads\/2024\/08\/durov-dp-telegram-feature.jpg"],"subheadline":["Ermittlungsverfahren l\u00e4uft"],"rest_api_enabler":{"featured_image":"https:\/\/images.ifun.de\/wp-content\/uploads\/2024\/08\/durov-dp-telegram-feature.jpg","subheadline":"Ermittlungsverfahren l\u00e4uft"},"_links":{"self":[{"href":"https:\/\/www.ifun.de\/apiv2\/wp\/v2\/posts\/238517","targetHints":{"allow":["GET"]}}],"collection":[{"href":"https:\/\/www.ifun.de\/apiv2\/wp\/v2\/posts"}],"about":[{"href":"https:\/\/www.ifun.de\/apiv2\/wp\/v2\/types\/post"}],"author":[{"embeddable":true,"href":"https:\/\/www.ifun.de\/apiv2\/wp\/v2\/users\/1"}],"replies":[{"embeddable":true,"href":"https:\/\/www.ifun.de\/apiv2\/wp\/v2\/comments?post=238517"}],"version-history":[{"count":5,"href":"https:\/\/www.ifun.de\/apiv2\/wp\/v2\/posts\/238517\/revisions"}],"predecessor-version":[{"id":238535,"href":"https:\/\/www.ifun.de\/apiv2\/wp\/v2\/posts\/238517\/revisions\/238535"}],"wp:attachment":[{"href":"https:\/\/www.ifun.de\/apiv2\/wp\/v2\/media?parent=238517"}],"wp:term":[{"taxonomy":"category","embeddable":true,"href":"https:\/\/www.ifun.de\/apiv2\/wp\/v2\/categories?post=238517"},{"taxonomy":"post_tag","embeddable":true,"href":"https:\/\/www.ifun.de\/apiv2\/wp\/v2\/tags?post=238517"}],"curies":[{"name":"wp","href":"https:\/\/api.w.org\/{rel}","templated":true}]}}