{"id":238309,"date":"2024-08-27T07:00:09","date_gmt":"2024-08-27T05:00:09","guid":{"rendered":"https:\/\/www.ifun.de\/?p=238309"},"modified":"2024-09-04T06:01:23","modified_gmt":"2024-09-04T04:01:23","slug":"ipad-mini-kommt-das-upgrade-fuer-apple-intelligence","status":"publish","type":"post","link":"https:\/\/www.ifun.de\/ipad-mini-kommt-das-upgrade-fuer-apple-intelligence-238309\/","title":{"rendered":"iPad mini: Kommt das Upgrade f\u00fcr &#8222;Apple Intelligence&#8220;?"},"content":{"rendered":"<p>Zwei Wochen vor Apples September-Event scheint sich das <a href=\"https:\/\/www.apple.com\/de\/ipad-mini\/\">iPad mini<\/a> rar zu machen. Apples kleinstes Tablet mit 8,3 Zoll Bildschirmgr\u00f6\u00dfe wurde zuletzt im September 2021 \u00fcberarbeitet.<\/p>\n<blockquote class=\"twitter-tweet\">\n<p lang=\"en\" dir=\"ltr\">Many Apple stores are low on stock of the iPad mini in several configs, while the device is considered \u201cconstrained\u201d internally within Apple, I\u2019m told. That *could* be a sign a new one is coming. It hasn\u2019t been updated since 2021. Wouldn\u2019t be surprised to see it updated for AI.<\/p>\n<p>&mdash; Mark Gurman (@markgurman) <a href=\"https:\/\/twitter.com\/markgurman\/status\/1828188631015792709?ref_src=twsrc%5Etfw\">August 26, 2024<\/a><\/p><\/blockquote>\n<p> <script async src=\"https:\/\/platform.twitter.com\/widgets.js\" charset=\"utf-8\"><\/script><\/p>\n<p>In zahlreichen amerikanischen Apple-Ladengesch\u00e4ften sei das kleine iPad in verschiedenen Konfigurationen nur noch eingeschr\u00e4nkt verf\u00fcgbar. Dieser Verf\u00fcgbarkeitsstatus kann bei Apple darauf hindeuten, dass ein neues Modell in den Startl\u00f6chern steht.<\/p>\n<p>Auch wenn bislang sonst nichts darauf hingedeutet hat, dass Tim Cook beim diesj\u00e4hrigen iPhone-Event auch neue iPad-Modelle aus der Tasche zaubert, sollte man diese Option zumindest nicht ausschlie\u00dfen. Das derzeit noch aktuelle iPad mini der sechsten Generation wurde ebenfalls gemeinsam mit neuen iPhone-Modellen enth\u00fcllt. Im September 2021 hatte Apple neben den iPhone-13-Modellen und der Apple Watch Series 7 auch neue Versionen des iPad mini und des Standard-iPad pr\u00e4sentiert. Das einfache iPad wurde allerdings schon ein Jahr sp\u00e4ter erneut \u00fcberarbeitet und in der bis heute erh\u00e4ltlichen zehnten Generation vorgestellt.<\/p>\n<p><a href=\"https:\/\/images.ifun.de\/wp-content\/uploads\/2021\/09\/ipad-mini-im-apple-store-feature.jpg\"><img loading=\"lazy\" decoding=\"async\" src=\"https:\/\/images.ifun.de\/wp-content\/uploads\/2021\/09\/ipad-mini-im-apple-store-feature-700x276.jpg\" alt=\"Ipad Mini Im Apple Store Feature\" width=\"700\" height=\"276\" class=\"alignnone size-large wp-image-176154\" srcset=\"https:\/\/images.ifun.de\/wp-content\/uploads\/2021\/09\/ipad-mini-im-apple-store-feature-700x276.jpg 700w, https:\/\/images.ifun.de\/wp-content\/uploads\/2021\/09\/ipad-mini-im-apple-store-feature-500x197.jpg 500w, https:\/\/images.ifun.de\/wp-content\/uploads\/2021\/09\/ipad-mini-im-apple-store-feature-768x302.jpg 768w, https:\/\/images.ifun.de\/wp-content\/uploads\/2021\/09\/ipad-mini-im-apple-store-feature.jpg 960w\" sizes=\"auto, (max-width: 700px) 100vw, 700px\" \/><\/a><\/p>\n<h2>Sprung auf A17 und \u201eApple Intelligence\u201c?<\/h2>\n<p>Eine \u00dcberarbeitung des iPad mini w\u00e4re nach drei Jahren durchaus wieder an der Zeit. Mit dem Upgrade von der f\u00fcnften auf die sechste Generation des kleinen Tablets hatte Apple zwischen M\u00e4rz 2019 und September 2021 nur zweieinhalb Jahre gewartet und damals mit dem Wechsel von einem A12- auf einen A15-Prozessor zwei Chip-Generationen \u00fcbersprungen.<\/p>\n<p>Ein vergleichbares Upgrade technischen Bereich k\u00f6nnte die wichtigste Neuerung beim n\u00e4chsten iPad mini darstellen. Man darf annehmen, dass Apple eine neue Generation des iPad mini auch mit seiner KI-Technologie \u201eApple Intelligence\u201c kompatibel machen will. Hierf\u00fcr wird nach aktuellem Stand mindestens ein A17-Prozessor vorausgesetzt. Ohne diesen und damit die Unterst\u00fctzung f\u00fcr \u201eApple Intelligence\u201c an Bord, w\u00e4re eine neue Generation des iPad mini Apples Kundschaft wohl kaum vermittelbar.<img loading=\"lazy\" decoding=\"async\" src=\"https:\/\/vg04.met.vgwort.de\/na\/d8cae3cfb46c4099a9942ea3d31e213b\" width=\"1\" height=\"1\" no-lazy class=\"tracking\"><\/p>\n","protected":false},"excerpt":{"rendered":"<a href=\"https:\/\/www.ifun.de\/ipad-mini-kommt-das-upgrade-fuer-apple-intelligence-238309\/\"><img decoding=\"async\" width=\"150\" src=\"https:\/\/images.ifun.de\/wp-content\/uploads\/2021\/09\/ipad-mini-im-apple-store-feature-700x276.jpg\" class=\"alignright wp-post-image tfe\" alt=\"Ipad Mini Im Apple Store Feature\" title=\"\" \/><\/a><p>Zwei Wochen vor Apples September-Event scheint sich das iPad mini rar zu machen. Apples kleinstes Tablet mit 8,3 Zoll Bildschirmgr\u00f6\u00dfe wurde zuletzt im September 2021 \u00fcberarbeitet. Many Apple stores are low on stock of the iPad mini in several configs, while the device is considered \u201cconstrained\u201d internally within Apple, I\u2019m told. That *could* be a [&hellip;]<\/p>\n","protected":false},"author":2,"featured_media":0,"comment_status":"open","ping_status":"closed","sticky":false,"template":"","format":"standard","meta":{"_acf_changed":false,"footnotes":""},"categories":[10,1783],"tags":[6537,1335],"class_list":["post-238309","post","type-post","status-publish","format-standard","hentry","category-ipad","category-feature","tag-apple-intelligence","tag-ipad-mini"],"acf":[],"aioseo_notices":[],"featured_image":["https:\/\/images.ifun.de\/wp-content\/uploads\/2021\/12\/ipad-mini-feature.jpg"],"subheadline":["Lieferengp\u00e4sse in den USA"],"rest_api_enabler":{"featured_image":"https:\/\/images.ifun.de\/wp-content\/uploads\/2021\/12\/ipad-mini-feature.jpg","subheadline":"Lieferengp\u00e4sse in den USA"},"_links":{"self":[{"href":"https:\/\/www.ifun.de\/apiv2\/wp\/v2\/posts\/238309","targetHints":{"allow":["GET"]}}],"collection":[{"href":"https:\/\/www.ifun.de\/apiv2\/wp\/v2\/posts"}],"about":[{"href":"https:\/\/www.ifun.de\/apiv2\/wp\/v2\/types\/post"}],"author":[{"embeddable":true,"href":"https:\/\/www.ifun.de\/apiv2\/wp\/v2\/users\/2"}],"replies":[{"embeddable":true,"href":"https:\/\/www.ifun.de\/apiv2\/wp\/v2\/comments?post=238309"}],"version-history":[{"count":3,"href":"https:\/\/www.ifun.de\/apiv2\/wp\/v2\/posts\/238309\/revisions"}],"predecessor-version":[{"id":238312,"href":"https:\/\/www.ifun.de\/apiv2\/wp\/v2\/posts\/238309\/revisions\/238312"}],"wp:attachment":[{"href":"https:\/\/www.ifun.de\/apiv2\/wp\/v2\/media?parent=238309"}],"wp:term":[{"taxonomy":"category","embeddable":true,"href":"https:\/\/www.ifun.de\/apiv2\/wp\/v2\/categories?post=238309"},{"taxonomy":"post_tag","embeddable":true,"href":"https:\/\/www.ifun.de\/apiv2\/wp\/v2\/tags?post=238309"}],"curies":[{"name":"wp","href":"https:\/\/api.w.org\/{rel}","templated":true}]}}