{"id":237983,"date":"2024-08-21T07:02:48","date_gmt":"2024-08-21T05:02:48","guid":{"rendered":"https:\/\/www.ifun.de\/?p=237983"},"modified":"2024-08-21T07:02:48","modified_gmt":"2024-08-21T05:02:48","slug":"verlaengerung-applecare-bis-zu-45-tage-nach-ablauf-moeglich","status":"publish","type":"post","link":"https:\/\/www.ifun.de\/verlaengerung-applecare-bis-zu-45-tage-nach-ablauf-moeglich-237983\/","title":{"rendered":"Verl\u00e4ngerung AppleCare+ bis zu 45 Tage nach Ablauf m\u00f6glich"},"content":{"rendered":"<p>Apple gibt seinen Kunden jetzt bis zu 45 Tage Zeit, um die Ger\u00e4teversicherung <a href=\"https:\/\/support.apple.com\/de-de\/104941\">AppleCare+<\/a> zu verl\u00e4ngern. Damit wurde diese Frist wieder ein St\u00fcck weit in Richtung der urspr\u00fcnglichen Konditionen verl\u00e4ngert. Anfangs hatte man hier noch 60 Tage \u201eBedenkzeit\u201c, vor vier Jahren hat Apple diese Frist dann auf 30 Tage halbiert.<\/p>\n<p>Im Detail erl\u00e4utert Apple die Konditionen rund um die Verl\u00e4ngerung von AppleCare+ <a href=\"https:\/\/support.apple.com\/de-de\/101560\">in diesem Support-Dokument<\/a>. In der deutschsprachigen Fassung ist allerdings noch von 30 Tagen die Rede. Das <a href=\"https:\/\/support.apple.com\/en-us\/101560\">amerikanische Original<\/a> weist bereits auf den nun verl\u00e4ngerten Zeitraum von 45 Tagen hin. Diese \u00c4nderung gilt \u00fcber die USA hinaus auch f\u00fcr Deutschland, Australien, \u00d6sterreich, Kanada, D\u00e4nemark, Finnland, Frankreich, Irland, Italien, Japan, Niederlande, Neuseeland, Norwegen, Spanien, Schweden, die Schweiz und Gro\u00dfbritannien.<\/p>\n<p><a href=\"https:\/\/images.ifun.de\/wp-content\/uploads\/2024\/08\/apple-care-produkte-2024.png\"><img loading=\"lazy\" decoding=\"async\" src=\"https:\/\/images.ifun.de\/wp-content\/uploads\/2024\/08\/apple-care-produkte-2024-700x395.png\" alt=\"Apple Care Produkte 2024\" width=\"700\" height=\"395\" class=\"alignnone size-large wp-image-237986\" srcset=\"https:\/\/images.ifun.de\/wp-content\/uploads\/2024\/08\/apple-care-produkte-2024-700x395.png 700w, https:\/\/images.ifun.de\/wp-content\/uploads\/2024\/08\/apple-care-produkte-2024-500x282.png 500w, https:\/\/images.ifun.de\/wp-content\/uploads\/2024\/08\/apple-care-produkte-2024-768x434.png 768w, https:\/\/images.ifun.de\/wp-content\/uploads\/2024\/08\/apple-care-produkte-2024.png 822w\" sizes=\"auto, (max-width: 700px) 100vw, 700px\" \/><\/a><\/p>\n<p>Die grunds\u00e4tzlichen Bedingungen f\u00fcr \u201eAppleCare+\u201c-Versicherungen sowie die Voraussetzungen f\u00fcr deren Verl\u00e4ngerung bleiben im Rahmen dieser \u00c4nderung unver\u00e4ndert. Die Zusatzversicherung von Apple l\u00e4sst sich abh\u00e4ngig vom jeweiligen Ger\u00e4t generell entweder mit einer festen Laufzeit von 24 oder 36 Monaten erwerben oder auf monatlicher oder j\u00e4hrlicher Basis mit der M\u00f6glichkeit zur Verl\u00e4ngerung im gleichen Rhythmus buchen.<\/p>\n<p>Beim Mac wird die Abdeckung durch AppleCare+ generell j\u00e4hrlich verl\u00e4ngert, bei einem iPhone, iPad oder einer Apple Watch hat man die M\u00f6glichkeit, zwischen monatlicher und j\u00e4hrlicher Verl\u00e4ngerung zu w\u00e4hlen. Die Bezahlung erfolgt stets im Voraus.<\/p>\n<h2>Kombi aus Garantieverl\u00e4ngerung und Unfallschutz<\/h2>\n<p>Details rund um die von Apple angebotene Versicherung lassen sich in den <a href=\"https:\/\/www.apple.com\/de\/legal\/sales-support\/applecare\/applecareplus\/\">Vertragsbedingungen von AppleCare+<\/a> nachlesen. Generell kann man das Angebot als Mix aus einer kostenpflichtigen Garantieverl\u00e4ngerung und einem Unfallschutz bezeichnen. Beispielsweise sind hier auch bis zu zwei selbst verschuldete, aber unabsichtlich verursachte Sch\u00e4den pro Jahr wie ein kaputtes Display abgedeckt. Im Schadensfall f\u00e4llt dann zwar zus\u00e4tzlich eine Servicegeb\u00fchr an, die allerdings deutlich niedriger ist als die Kosten einer Reparatur ohne AppleCare+.<img loading=\"lazy\" decoding=\"async\" src=\"https:\/\/vg06.met.vgwort.de\/na\/00396bc61e2845e289b120b97ee260ed\" width=\"1\" height=\"1\" no-lazy class=\"tracking\"><\/p>\n","protected":false},"excerpt":{"rendered":"<a href=\"https:\/\/www.ifun.de\/verlaengerung-applecare-bis-zu-45-tage-nach-ablauf-moeglich-237983\/\"><img width=\"150\" height=\"150\" src=\"https:\/\/images.ifun.de\/wp-content\/uploads\/2024\/08\/apple-care-produkte-2024-150x150.png\" class=\"alignright tfe wp-post-image\" alt=\"Apple Care Produkte 2024\" decoding=\"async\" loading=\"lazy\" \/><\/a><p>Apple gibt seinen Kunden jetzt bis zu 45 Tage Zeit, um die Ger\u00e4teversicherung AppleCare+ zu verl\u00e4ngern. Damit wurde diese Frist wieder ein St\u00fcck weit in Richtung der urspr\u00fcnglichen Konditionen verl\u00e4ngert. Anfangs hatte man hier noch 60 Tage \u201eBedenkzeit\u201c, vor vier Jahren hat Apple diese Frist dann auf 30 Tage halbiert. Im Detail erl\u00e4utert Apple die [&hellip;]<\/p>\n","protected":false},"author":2,"featured_media":237986,"comment_status":"open","ping_status":"closed","sticky":false,"template":"","format":"standard","meta":{"_acf_changed":false,"footnotes":""},"categories":[1],"tags":[4099,2020],"class_list":["post-237983","post","type-post","status-publish","format-standard","has-post-thumbnail","hentry","category-news","tag-applecare","tag-versicherung"],"acf":[],"aioseo_notices":[],"featured_image":["https:\/\/images.ifun.de\/wp-content\/uploads\/2024\/08\/applecare-feature.jpg"],"subheadline":["Apple erweitert die Frist"],"rest_api_enabler":{"featured_image":"https:\/\/images.ifun.de\/wp-content\/uploads\/2024\/08\/applecare-feature.jpg","subheadline":"Apple erweitert die Frist"},"_links":{"self":[{"href":"https:\/\/www.ifun.de\/apiv2\/wp\/v2\/posts\/237983","targetHints":{"allow":["GET"]}}],"collection":[{"href":"https:\/\/www.ifun.de\/apiv2\/wp\/v2\/posts"}],"about":[{"href":"https:\/\/www.ifun.de\/apiv2\/wp\/v2\/types\/post"}],"author":[{"embeddable":true,"href":"https:\/\/www.ifun.de\/apiv2\/wp\/v2\/users\/2"}],"replies":[{"embeddable":true,"href":"https:\/\/www.ifun.de\/apiv2\/wp\/v2\/comments?post=237983"}],"version-history":[{"count":4,"href":"https:\/\/www.ifun.de\/apiv2\/wp\/v2\/posts\/237983\/revisions"}],"predecessor-version":[{"id":237989,"href":"https:\/\/www.ifun.de\/apiv2\/wp\/v2\/posts\/237983\/revisions\/237989"}],"wp:featuredmedia":[{"embeddable":true,"href":"https:\/\/www.ifun.de\/apiv2\/wp\/v2\/media\/237986"}],"wp:attachment":[{"href":"https:\/\/www.ifun.de\/apiv2\/wp\/v2\/media?parent=237983"}],"wp:term":[{"taxonomy":"category","embeddable":true,"href":"https:\/\/www.ifun.de\/apiv2\/wp\/v2\/categories?post=237983"},{"taxonomy":"post_tag","embeddable":true,"href":"https:\/\/www.ifun.de\/apiv2\/wp\/v2\/tags?post=237983"}],"curies":[{"name":"wp","href":"https:\/\/api.w.org\/{rel}","templated":true}]}}