{"id":237388,"date":"2024-08-09T08:52:08","date_gmt":"2024-08-09T06:52:08","guid":{"rendered":"https:\/\/www.ifun.de\/?p=237388"},"modified":"2024-08-19T14:56:42","modified_gmt":"2024-08-19T12:56:42","slug":"wieviele-display-unterstuetzt-das-macbook-pro","status":"publish","type":"post","link":"https:\/\/www.ifun.de\/wieviele-display-unterstuetzt-das-macbook-pro-237388\/","title":{"rendered":"Wieviele Displays unterst\u00fctzt das MacBook Pro?"},"content":{"rendered":"<p>Mit macOS 14.6 hat Apple den Leistungsumfang seiner Laptop-Computer dahingehend erweitert, dass man an allen mit einem M3-Prozessor ausgestatteten MacBook-Modellen zwei Bildschirme betreiben kann. Zuvor hatte das seit letztem Jahr erh\u00e4ltliche MacBook Pro mit 14 Zoll Gr\u00f6\u00dfe lediglich einen externen Bildschirm unterst\u00fctzt.<\/p>\n<p>Wir <a href=\"https:\/\/www.ifun.de\/macbook-pro-m3-unterstuetzt-jetzt-zwei-externe-bildschirme-236834\/\">berichteten<\/a> bereits im Anschluss an die Freigabe von macOS 14.6 \u00fcber diesen Sachverhalt. Jetzt hat auch Apple ausf\u00fchrliche Informationen dazu ver\u00f6ffentlicht und das Support-Dokument mit dem Titel \u201e<a href=\"https:\/\/support.apple.com\/de-de\/101571\">Wie viele Displays k\u00f6nnen mit dem MacBook Pro verbunden werden?<\/a>\u201c komplett \u00fcberarbeitet.<\/p>\n<p><a href=\"https:\/\/images.ifun.de\/wp-content\/uploads\/2024\/07\/macbook-air-m3-clamshell-modus.jpg\"><img loading=\"lazy\" decoding=\"async\" src=\"https:\/\/images.ifun.de\/wp-content\/uploads\/2024\/07\/macbook-air-m3-clamshell-modus-700x374.jpg\" alt=\"Macbook Air M3 Clamshell Modus\" width=\"700\" height=\"374\" class=\"alignnone size-large wp-image-236838\" srcset=\"https:\/\/images.ifun.de\/wp-content\/uploads\/2024\/07\/macbook-air-m3-clamshell-modus-700x374.jpg 700w, https:\/\/images.ifun.de\/wp-content\/uploads\/2024\/07\/macbook-air-m3-clamshell-modus-500x267.jpg 500w, https:\/\/images.ifun.de\/wp-content\/uploads\/2024\/07\/macbook-air-m3-clamshell-modus-768x410.jpg 768w, https:\/\/images.ifun.de\/wp-content\/uploads\/2024\/07\/macbook-air-m3-clamshell-modus.jpg 1029w\" sizes=\"auto, (max-width: 700px) 100vw, 700px\" \/><\/a><\/p>\n<h2>Bildschirm-Infos jetzt \u00fcbersichtlicher<\/h2>\n<p>W\u00e4hrend sich die Apple-Erl\u00e4uterungen zu diesem Thema zuvor noch direkt auf die einzelnen Modelle des MacBook Pro bezogen haben, ist im Anschluss an die letzten \u00c4nderungen im Betriebssystem eine Unterscheidung ausschlie\u00dflich auf Basis des verbauten Prozessors m\u00f6glich. Damit gestaltet sich dieser Sachverhalt vor allem f\u00fcr Endkunden \u00fcbersichtlicher.<\/p>\n<p>Konkret ge\u00e4ndert haben sich hier die Informationen rund um das MacBook Pro mit einem einfachen M3-Prozessor. Bisher schon konnte man daran zus\u00e4tzlich zum integrierten Bildschirm noch entweder ein Display mit 6K-Aufl\u00f6sung einer Bildwiederholrate von 60 Hz \u00fcber Thunderbolt oder ein Display mit 4K-Aufl\u00f6sung und einer Bildwiederholrate von 144 Hz \u00fcber HDMI betreiben.<\/p>\n<p>Beim Anschluss von zwei externen Bildschirmen kann man nun entweder je ein Display mit 6K und ein Display mit 5K mit maximal 60 Hz \u00fcber Thunderbolt betreiben oder stattdessen ein Display mit 6K und 60 Hz \u00fcber Thunderbolt zusammen mit einem Display mit 4K und 100 Hz \u00fcber HDMI anschlie\u00dfen.<\/p>\n<h2>M3-MacBook muss geschlossen sein<\/h2>\n<p>Eine wichtige Einschr\u00e4nkung darf man bei all dem aber nicht vergessen: Der Betrieb von zwei externen Bildschirmen ist am MacBook Pro mit einem einfachen M3-Prozessor nur m\u00f6glich, wenn der Deckel des Notebooks geschlossen ist.<\/p>\n<p>Die mit leistungsf\u00e4higeren Prozessoren vom Typ M2 Pro, M2 Max, M3 Pro oder M3 Max ausgestatteten MacBook-Pro-Modelle zeigen sich hier flexibler. Die mit diesen Ger\u00e4ten m\u00f6glichen Kombinationen finden sich ebenfalls in dem neuen Support-Artikel von Apple aufgef\u00fchrt.<img loading=\"lazy\" decoding=\"async\" src=\"https:\/\/vg02.met.vgwort.de\/na\/32251e71af33471492cd124f203a688a\" width=\"1\" height=\"1\" no-lazy class=\"tracking\"><\/p>\n","protected":false},"excerpt":{"rendered":"<a href=\"https:\/\/www.ifun.de\/wieviele-display-unterstuetzt-das-macbook-pro-237388\/\"><img decoding=\"async\" width=\"150\" src=\"https:\/\/images.ifun.de\/wp-content\/uploads\/2024\/07\/macbook-air-m3-clamshell-modus-700x374.jpg\" class=\"alignright wp-post-image tfe\" alt=\"Macbook Air M3 Clamshell Modus\" title=\"\" \/><\/a><p>Mit macOS 14.6 hat Apple den Leistungsumfang seiner Laptop-Computer dahingehend erweitert, dass man an allen mit einem M3-Prozessor ausgestatteten MacBook-Modellen zwei Bildschirme betreiben kann. Zuvor hatte das seit letztem Jahr erh\u00e4ltliche MacBook Pro mit 14 Zoll Gr\u00f6\u00dfe lediglich einen externen Bildschirm unterst\u00fctzt. Wir berichteten bereits im Anschluss an die Freigabe von macOS 14.6 \u00fcber diesen [&hellip;]<\/p>\n","protected":false},"author":2,"featured_media":0,"comment_status":"open","ping_status":"closed","sticky":false,"template":"","format":"standard","meta":{"_acf_changed":false,"footnotes":""},"categories":[16,1783],"tags":[4736,1267,6076,224],"class_list":["post-237388","post","type-post","status-publish","format-standard","hentry","category-mac","category-feature","tag-apple","tag-bildschirme","tag-m3-prozessor","tag-macbook-pro"],"acf":[],"aioseo_notices":[],"featured_image":["https:\/\/images.ifun.de\/wp-content\/uploads\/2023\/10\/macbook-pro-feature-1.jpg"],"subheadline":["Apple aktualisiert Info-Dokument"],"rest_api_enabler":{"featured_image":"https:\/\/images.ifun.de\/wp-content\/uploads\/2023\/10\/macbook-pro-feature-1.jpg","subheadline":"Apple aktualisiert Info-Dokument"},"_links":{"self":[{"href":"https:\/\/www.ifun.de\/apiv2\/wp\/v2\/posts\/237388","targetHints":{"allow":["GET"]}}],"collection":[{"href":"https:\/\/www.ifun.de\/apiv2\/wp\/v2\/posts"}],"about":[{"href":"https:\/\/www.ifun.de\/apiv2\/wp\/v2\/types\/post"}],"author":[{"embeddable":true,"href":"https:\/\/www.ifun.de\/apiv2\/wp\/v2\/users\/2"}],"replies":[{"embeddable":true,"href":"https:\/\/www.ifun.de\/apiv2\/wp\/v2\/comments?post=237388"}],"version-history":[{"count":5,"href":"https:\/\/www.ifun.de\/apiv2\/wp\/v2\/posts\/237388\/revisions"}],"predecessor-version":[{"id":237395,"href":"https:\/\/www.ifun.de\/apiv2\/wp\/v2\/posts\/237388\/revisions\/237395"}],"wp:attachment":[{"href":"https:\/\/www.ifun.de\/apiv2\/wp\/v2\/media?parent=237388"}],"wp:term":[{"taxonomy":"category","embeddable":true,"href":"https:\/\/www.ifun.de\/apiv2\/wp\/v2\/categories?post=237388"},{"taxonomy":"post_tag","embeddable":true,"href":"https:\/\/www.ifun.de\/apiv2\/wp\/v2\/tags?post=237388"}],"curies":[{"name":"wp","href":"https:\/\/api.w.org\/{rel}","templated":true}]}}