{"id":235848,"date":"2024-07-11T18:02:25","date_gmt":"2024-07-11T16:02:25","guid":{"rendered":"https:\/\/www.ifun.de\/?p=235848"},"modified":"2024-07-11T18:02:25","modified_gmt":"2024-07-11T16:02:25","slug":"apple-vision-pro-verkaufszahlen-in-den-usa-drastisch-zurueckgegangen","status":"publish","type":"post","link":"https:\/\/www.ifun.de\/apple-vision-pro-verkaufszahlen-in-den-usa-drastisch-zurueckgegangen-235848\/","title":{"rendered":"Apple Vision Pro: Verkaufszahlen in den USA drastisch zur\u00fcckgegangen"},"content":{"rendered":"<p>Der Start der <a href=\"https:\/\/www.apple.com\/de\/apple-vision-pro\/\">Apple Vision Pro<\/a> in Deutschland wird von wenig motivierenden Schlagzeilen aus den USA begleitet. Die Apple-Brille ist hierzulande ab morgen offiziell erh\u00e4ltlich. Im Heimatland von Apple sollen die Verkaufszahlen der Vision Pro dagegen vehement eingebrochen sein.<\/p>\n<p><a href=\"https:\/\/images.ifun.de\/wp-content\/uploads\/2024\/07\/apple-vision-pro-verkaufszahlen-prognose.jpg\"><img loading=\"lazy\" decoding=\"async\" src=\"https:\/\/images.ifun.de\/wp-content\/uploads\/2024\/07\/apple-vision-pro-verkaufszahlen-prognose-500x294.jpg\" alt=\"Apple Vision Pro Verkaufszahlen Prognose\" width=\"500\" height=\"294\" class=\"alignnone size-medium wp-image-235849\" srcset=\"https:\/\/images.ifun.de\/wp-content\/uploads\/2024\/07\/apple-vision-pro-verkaufszahlen-prognose-500x294.jpg 500w, https:\/\/images.ifun.de\/wp-content\/uploads\/2024\/07\/apple-vision-pro-verkaufszahlen-prognose-700x411.jpg 700w, https:\/\/images.ifun.de\/wp-content\/uploads\/2024\/07\/apple-vision-pro-verkaufszahlen-prognose-768x451.jpg 768w, https:\/\/images.ifun.de\/wp-content\/uploads\/2024\/07\/apple-vision-pro-verkaufszahlen-prognose.jpg 972w\" sizes=\"auto, (max-width: 500px) 100vw, 500px\" \/><\/a><\/p>\n<h6>Apple Vision Pro &#8211; Verkaufszahlen USA (IDG-Prognose)<\/h6>\n<p>Das Wirtschaftsmagazin <a href=\"https:\/\/www.bloomberg.com\/news\/articles\/2024-07-11\/apple-s-vision-pro-won-t-cross-500-000-sales-this-year-idc-says\">Bloomberg<\/a> beruft sich auf Zahlen der Marktforscher IDC. Demzufolge ist es unwahrscheinlich, dass Apple in diesem Jahr mehr als 500.000 Exemplare der Brille verkauft. Weder im ersten noch im zweiten Quartal des Jahres sei es gelungen, die Zahl von 100.000 St\u00fcck zu \u00fcberschreiten.<\/p>\n<p>Im ersten Halbjahr war die Apple Vision Pro ausschlie\u00dflich in den USA erh\u00e4ltlich. Die Verf\u00fcgbarkeit in weiteren L\u00e4ndern d\u00fcrfte zwar den massiven Einbruch der US-Verk\u00e4ufe abfangen, wird den IDC-Erwartungen zufolge aber auch nicht gen\u00fcgen, um die halbe Million verkaufter Brillen zu erreichen. <\/p>\n<p><a href=\"https:\/\/images.ifun.de\/wp-content\/uploads\/2023\/07\/apple-vision-pro-tim-cook.jpg\"><img loading=\"lazy\" decoding=\"async\" src=\"https:\/\/images.ifun.de\/wp-content\/uploads\/2023\/07\/apple-vision-pro-tim-cook-700x500.jpg\" alt=\"Apple Vision Pro Tim Cook\" width=\"700\" height=\"500\" class=\"alignnone size-large wp-image-213220\" srcset=\"https:\/\/images.ifun.de\/wp-content\/uploads\/2023\/07\/apple-vision-pro-tim-cook-700x500.jpg 700w, https:\/\/images.ifun.de\/wp-content\/uploads\/2023\/07\/apple-vision-pro-tim-cook-500x357.jpg 500w, https:\/\/images.ifun.de\/wp-content\/uploads\/2023\/07\/apple-vision-pro-tim-cook-768x549.jpg 768w, https:\/\/images.ifun.de\/wp-content\/uploads\/2023\/07\/apple-vision-pro-tim-cook.jpg 1400w\" sizes=\"auto, (max-width: 700px) 100vw, 700px\" \/><\/a><\/p>\n<p>Deutliche Steigerungen bei den Verkaufszahlen seien erst zu erwarten, wenn Apple ein neues und wesentlich g\u00fcnstigeres Modell an den Start bringt. Die Spekulationen wirken allerdings mutig, so ist die Rede von einem Ger\u00e4t, das gerade mal die H\u00e4lfte des aktuell f\u00fcr 4.000 Euro angebotenen Modells kostet. Eine derart drastische Preissenkung innerhalb so kurzer Zeit scheint uns nur machbar, wenn Apple auch massive Abstriche beim Leistungsumfang macht.<\/p>\n<h2>Zu klobig f\u00fcr dauerhafte Nutzung<\/h2>\n<p>Generell ist aus den USA aber weiterhin zu h\u00f6ren, dass zumindest ein Teil der K\u00e4ufer der Brille das Ger\u00e4t inzwischen nur noch ab und an verwendet. Neben fehlenden Inhalten sind Punkte wie das Gewicht der Apple Vision Pro und der fehlende Tragekomfort ein gro\u00dfer Kritikpunkt. Letzteres hat bereits verschiedene Zubeh\u00f6ranbieter auf den Plan gerufen, die Produkte wie einen \u201e<a href=\"https:\/\/annapro.com\/de\/products\/comfort-head-strap-for-apple-vision-pro\">Druckreduzierender Komfort-Kopfgurt<\/a>\u201c f\u00fcr die Apple-Brille anbieten.<\/p>\n<p>Ab morgen k\u00f6nnt ihr die Brille auch dann ausprobieren, wenn ihr keine 4.000 Euro auf den Tisch legen wollt. Gemeinsam mit dem Verkaufsstart der Apple Vision Pro in Deutschland starten die hiesigen Apple Stores auch damit, <a href=\"https:\/\/www.ifun.de\/apple-vision-pro-noch-zahlreiche-demo-termine-fuer-die-ersten-tage-frei-235154\/\" title=\"Apple Vision Pro: Noch zahlreiche Demo-Termine f\u00fcr die ersten Tage frei\">halbst\u00fcndige Hands-on-Termine f\u00fcr die Brille<\/a> anzubieten.<img loading=\"lazy\" decoding=\"async\" src=\"https:\/\/vg06.met.vgwort.de\/na\/13355e7ca32544a599da9d0195a7679b\" width=\"1\" height=\"1\" no-lazy class=\"tracking\"><\/p>\n","protected":false},"excerpt":{"rendered":"<a href=\"https:\/\/www.ifun.de\/apple-vision-pro-verkaufszahlen-in-den-usa-drastisch-zurueckgegangen-235848\/\"><img width=\"150\" height=\"150\" src=\"https:\/\/images.ifun.de\/wp-content\/uploads\/2024\/07\/apple-vision-pro-verkaufszahlen-prognose-150x150.jpg\" class=\"alignright tfe wp-post-image\" alt=\"Apple Vision Pro Verkaufszahlen Prognose\" decoding=\"async\" loading=\"lazy\" \/><\/a><p>Der Start der Apple Vision Pro in Deutschland wird von wenig motivierenden Schlagzeilen aus den USA begleitet. Die Apple-Brille ist hierzulande ab morgen offiziell erh\u00e4ltlich. Im Heimatland von Apple sollen die Verkaufszahlen der Vision Pro dagegen vehement eingebrochen sein. Apple Vision Pro &#8211; Verkaufszahlen USA (IDG-Prognose) Das Wirtschaftsmagazin Bloomberg beruft sich auf Zahlen der Marktforscher [&hellip;]<\/p>\n","protected":false},"author":2,"featured_media":235849,"comment_status":"open","ping_status":"closed","sticky":false,"template":"","format":"standard","meta":{"_acf_changed":false,"footnotes":""},"categories":[1],"tags":[6169],"class_list":["post-235848","post","type-post","status-publish","format-standard","has-post-thumbnail","hentry","category-news","tag-apple-vision-pro"],"acf":[],"aioseo_notices":[],"featured_image":["https:\/\/images.ifun.de\/wp-content\/uploads\/2023\/12\/apple-vision-pro-feature-1.jpg"],"subheadline":["Warten auf ein g\u00fcnstigeres Modell"],"rest_api_enabler":{"featured_image":"https:\/\/images.ifun.de\/wp-content\/uploads\/2023\/12\/apple-vision-pro-feature-1.jpg","subheadline":"Warten auf ein g\u00fcnstigeres Modell"},"_links":{"self":[{"href":"https:\/\/www.ifun.de\/apiv2\/wp\/v2\/posts\/235848","targetHints":{"allow":["GET"]}}],"collection":[{"href":"https:\/\/www.ifun.de\/apiv2\/wp\/v2\/posts"}],"about":[{"href":"https:\/\/www.ifun.de\/apiv2\/wp\/v2\/types\/post"}],"author":[{"embeddable":true,"href":"https:\/\/www.ifun.de\/apiv2\/wp\/v2\/users\/2"}],"replies":[{"embeddable":true,"href":"https:\/\/www.ifun.de\/apiv2\/wp\/v2\/comments?post=235848"}],"version-history":[{"count":4,"href":"https:\/\/www.ifun.de\/apiv2\/wp\/v2\/posts\/235848\/revisions"}],"predecessor-version":[{"id":235854,"href":"https:\/\/www.ifun.de\/apiv2\/wp\/v2\/posts\/235848\/revisions\/235854"}],"wp:featuredmedia":[{"embeddable":true,"href":"https:\/\/www.ifun.de\/apiv2\/wp\/v2\/media\/235849"}],"wp:attachment":[{"href":"https:\/\/www.ifun.de\/apiv2\/wp\/v2\/media?parent=235848"}],"wp:term":[{"taxonomy":"category","embeddable":true,"href":"https:\/\/www.ifun.de\/apiv2\/wp\/v2\/categories?post=235848"},{"taxonomy":"post_tag","embeddable":true,"href":"https:\/\/www.ifun.de\/apiv2\/wp\/v2\/tags?post=235848"}],"curies":[{"name":"wp","href":"https:\/\/api.w.org\/{rel}","templated":true}]}}