{"id":235496,"date":"2024-07-05T07:23:19","date_gmt":"2024-07-05T05:23:19","guid":{"rendered":"https:\/\/www.ifun.de\/?p=235496"},"modified":"2024-07-05T08:01:47","modified_gmt":"2024-07-05T06:01:47","slug":"homepod-mit-display-hinweise-verdichten-sich","status":"publish","type":"post","link":"https:\/\/www.ifun.de\/homepod-mit-display-hinweise-verdichten-sich-235496\/","title":{"rendered":"HomePod mit Display: Hinweise verdichten sich"},"content":{"rendered":"<p class=\"p1\">Die Ger\u00fcchte, Apple k\u00f6nnte sein Angebot an Smart-Home-Produkten um einen neuen HomePod mit integriertem Display erweitern, kursieren nun schon eine ganze Weile. Jetzt gibt es neue Hinweise darauf, dass Apple weiter aktiv am Ausbau der Produktkategorie \u201cWearables, Home and Accessories\u201d arbeitet.<\/p>\n<p><a href=\"https:\/\/images.ifun.de\/wp-content\/uploads\/2024\/01\/echo-show-10.jpg\"><img decoding=\"async\" class=\"alignnone size-large wp-image-226677\" src=\"https:\/\/images.ifun.de\/wp-content\/uploads\/2024\/01\/echo-show-10-700x469.jpg\" alt=\"Echo Show 10\" width=\"500\" srcset=\"https:\/\/images.ifun.de\/wp-content\/uploads\/2024\/01\/echo-show-10-700x469.jpg 700w, https:\/\/images.ifun.de\/wp-content\/uploads\/2024\/01\/echo-show-10-500x335.jpg 500w, https:\/\/images.ifun.de\/wp-content\/uploads\/2024\/01\/echo-show-10-768x515.jpg 768w, https:\/\/images.ifun.de\/wp-content\/uploads\/2024\/01\/echo-show-10.jpg 900w\" sizes=\"(max-width: 700px) 100vw, 700px\" \/><\/a><\/p>\n<h6>Vorbild? Der Echo Show von Amazon<\/h6>\n<h2 class=\"p1\">Referenzen auf ein \u201cHomeAccessory\u201d<\/h2>\n<p class=\"p1\">Erstmals sind in von Apple genutztem Code Referenzen auf ein sogenanntes \u201cHomeAccessory\u201d aufgetaucht, die als Platzhalter f\u00fcr das neue HomePod-Modell dienen k\u00f6nnten.<\/p>\n<p class=\"p1\">Wie das Apple-Blog MacRumors berichtet, das die Code-Fundst\u00fccke ausfindig <a href=\"https:\/\/www.macrumors.com\/2024\/07\/04\/leak-confirms-apples-work-on-home-accessory\/\">gemacht haben will<\/a>, gibt es Hinweise auf ein noch unver\u00f6ffentlichtes Ger\u00e4t mit dem internen Hardwarek\u00fcrzel \u201cHomeAccessory17,1\u201d. Dies w\u00e4re das erste Apple-Produkt mit einer entsprechenden Kennung, die zumindest semantisch an die Bezeichnung \u201cAudioAccessory\u201d erinnert, die Apple-intern f\u00fcr die HomePods des Unternehmens verwendet wird. Aktuell unterscheidet Apple zwischen drei AudioAccessory-Ger\u00e4ten:<\/p>\n<ul>\n<li class=\"p1\"><strong>AudioAccessory1,1<\/strong>: HomePod der 1. Generation von 2018<\/li>\n<li class=\"p1\"><strong>AudioAccessory5,1<\/strong>: HomePod mini von 2020<\/li>\n<li class=\"p1\"><strong>AudioAccessory6,1<\/strong>: HomePod der 2. Generation von 2023<\/li>\n<li><strong>HomeAccessory17,1:<\/strong> ?<\/li>\n<\/ul>\n<p class=\"p1\"><a href=\"https:\/\/www.ifun.de\/homepod-mit-display-ios-17-4-spricht-dafuer-227595\/\">Anfang des Jahres<\/a> waren Hinweise auf ein unbekanntes Apple-Ger\u00e4t mit der Bezeichnung \u201cZ314\u201d aufgetaucht, auf dem tvOS als Betriebssystem zum Einsatz kommen soll. Zudem wurde bekannt, dass Apple den Einsatz von tvOS auf dem iPad mini getestet haben soll, wohl um das System f\u00fcr den Einsatz auf kleineren Bildschirmen vorzubereiten.<\/p>\n<p class=\"p1\">Der Wirtschaftsnachrichten-Dienst Bloomberg berichtete ebenfalls dar\u00fcber, dass Apple verschiedene Ideen f\u00fcr ein neues Smart-Home-Ger\u00e4t pr\u00fcfe. Unter anderem soll der Konzern mit Ger\u00e4ten experimentieren, die HomePod, Apple TV und FaceTime-Kamera kombinieren. Auch von einer HomePod-Variante mit Display und Roboterarm war schon die Rede. Erwartet werden die neuen Ger\u00e4te jedoch nicht vor dem kommenden Jahr.<\/p>\n<ul>\n<li><strong>HomePod mit Display:<\/strong> <a href=\"https:\/\/www.ifun.de\/homepod-mit-display-schreibtischlampen-imac-als-design-grundlage-228224\/\">\u201eSchreibtischlampen-iMac\u201c als Design-Grundlage?<\/a><\/li>\n<\/ul>\n<p><img loading=\"lazy\" decoding=\"async\" src=\"https:\/\/vg06.met.vgwort.de\/na\/4aaad67c055f4876ac3ef18d6a3d0ccc\" width=\"1\" height=\"1\" no-lazy class=\"tracking\"><\/p>\n","protected":false},"excerpt":{"rendered":"<a href=\"https:\/\/www.ifun.de\/homepod-mit-display-hinweise-verdichten-sich-235496\/\"><img decoding=\"async\" width=\"150\" src=\"https:\/\/images.ifun.de\/wp-content\/uploads\/2024\/01\/echo-show-10-700x469.jpg\" class=\"alignright wp-post-image tfe\" alt=\"Echo Show 10\" title=\"\" \/><\/a><p>Die Ger\u00fcchte, Apple k\u00f6nnte sein Angebot an Smart-Home-Produkten um einen neuen HomePod mit integriertem Display erweitern, kursieren nun schon eine ganze Weile. Jetzt gibt es neue Hinweise darauf, dass Apple weiter aktiv am Ausbau der Produktkategorie \u201cWearables, Home and Accessories\u201d arbeitet. Vorbild? Der Echo Show von Amazon Referenzen auf ein \u201cHomeAccessory\u201d Erstmals sind in von [&hellip;]<\/p>\n","protected":false},"author":1,"featured_media":0,"comment_status":"open","ping_status":"closed","sticky":false,"template":"","format":"standard","meta":{"_acf_changed":false,"footnotes":""},"categories":[1],"tags":[4736,3910,3714,6322],"class_list":["post-235496","post","type-post","status-publish","format-standard","hentry","category-news","tag-apple","tag-geruechte","tag-homepod","tag-rumors"],"acf":[],"aioseo_notices":[],"featured_image":["https:\/\/images.ifun.de\/wp-content\/uploads\/2023\/10\/homepod-mit-display-mockup-feature.jpg"],"subheadline":["Referenzen auf ein \u201cHomeAccessory\u201d"],"rest_api_enabler":{"featured_image":"https:\/\/images.ifun.de\/wp-content\/uploads\/2023\/10\/homepod-mit-display-mockup-feature.jpg","subheadline":"Referenzen auf ein \u201cHomeAccessory\u201d"},"_links":{"self":[{"href":"https:\/\/www.ifun.de\/apiv2\/wp\/v2\/posts\/235496","targetHints":{"allow":["GET"]}}],"collection":[{"href":"https:\/\/www.ifun.de\/apiv2\/wp\/v2\/posts"}],"about":[{"href":"https:\/\/www.ifun.de\/apiv2\/wp\/v2\/types\/post"}],"author":[{"embeddable":true,"href":"https:\/\/www.ifun.de\/apiv2\/wp\/v2\/users\/1"}],"replies":[{"embeddable":true,"href":"https:\/\/www.ifun.de\/apiv2\/wp\/v2\/comments?post=235496"}],"version-history":[{"count":3,"href":"https:\/\/www.ifun.de\/apiv2\/wp\/v2\/posts\/235496\/revisions"}],"predecessor-version":[{"id":235502,"href":"https:\/\/www.ifun.de\/apiv2\/wp\/v2\/posts\/235496\/revisions\/235502"}],"wp:attachment":[{"href":"https:\/\/www.ifun.de\/apiv2\/wp\/v2\/media?parent=235496"}],"wp:term":[{"taxonomy":"category","embeddable":true,"href":"https:\/\/www.ifun.de\/apiv2\/wp\/v2\/categories?post=235496"},{"taxonomy":"post_tag","embeddable":true,"href":"https:\/\/www.ifun.de\/apiv2\/wp\/v2\/tags?post=235496"}],"curies":[{"name":"wp","href":"https:\/\/api.w.org\/{rel}","templated":true}]}}