{"id":235452,"date":"2024-07-04T12:18:55","date_gmt":"2024-07-04T10:18:55","guid":{"rendered":"https:\/\/www.ifun.de\/?p=235452"},"modified":"2024-07-12T05:47:01","modified_gmt":"2024-07-12T03:47:01","slug":"recht-auf-schnelles-internet-mindestbandbreite-wird-erhoeht","status":"publish","type":"post","link":"https:\/\/www.ifun.de\/recht-auf-schnelles-internet-mindestbandbreite-wird-erhoeht-235452\/","title":{"rendered":"Recht auf schnelles Internet: Mindestbandbreite wird erh\u00f6ht"},"content":{"rendered":"<p>Beim sogenannten \u201eRecht auf schnelles Internet\u201c soll nachgebessert werden. Der Digitalausschuss im Deutschen Bundestag hat einem entsprechenden Antrag der Ampelkoalition gegen die Stimmen von CDU und CSU <a href=\"https:\/\/www.bundestag.de\/presse\/hib\/kurzmeldungen-1011896\">zugestimmt<\/a> und folgt damit einer Empfehlung der Bundesnetzagentur.<\/p>\n<p>In dem von den Ampelfraktionen gestellten Antrag wird nicht nur gefordert, die Inanspruchnahme des Rechtsanspruchs auf schnelles Internet zu vereinfachen, sondern auch die zugesprochene Mindestleistung beim Download auf 15 Megabit pro Sekunde zu erh\u00f6hen &#8211; bislang liegt dieser Wert bei 10 Megabit pro Sekunde. F\u00fcr die maximale Upload-Geschwindigkeit wurde ein Mindestwert von 5 Megabit pro Sekunde anstelle der bisherigen 1,7 Megabit vorgeschlagen.<\/p>\n<p><a href=\"https:\/\/images.ifun.de\/wp-content\/uploads\/2023\/10\/mac-user-pexels.jpg\"><img loading=\"lazy\" decoding=\"async\" src=\"https:\/\/images.ifun.de\/wp-content\/uploads\/2023\/10\/mac-user-pexels-700x552.jpg\" alt=\"Mac User Pexels\" width=\"700\" height=\"552\" class=\"alignnone size-large wp-image-220502\" srcset=\"https:\/\/images.ifun.de\/wp-content\/uploads\/2023\/10\/mac-user-pexels-700x552.jpg 700w, https:\/\/images.ifun.de\/wp-content\/uploads\/2023\/10\/mac-user-pexels-500x394.jpg 500w, https:\/\/images.ifun.de\/wp-content\/uploads\/2023\/10\/mac-user-pexels-768x606.jpg 768w, https:\/\/images.ifun.de\/wp-content\/uploads\/2023\/10\/mac-user-pexels.jpg 1400w\" sizes=\"auto, (max-width: 700px) 100vw, 700px\" \/><\/a><\/p>\n<p>Um eine vereinfachte Inanspruchnahme des mit diesen Vorgaben verbundenen Rechtsanspruchs zu erm\u00f6glichen, sollen die hierf\u00fcr bereitgestellten Softwareprodukte so \u00fcberarbeitet werden, dass die Messungen einfacher und mit weniger Zeitaufwand erstellt werden k\u00f6nnen. Die hierf\u00fcr vorgesehene App \u201e<a href=\"https:\/\/www.ifun.de\/internet-zu-langsam-ab-heute-koennt-ihr-messen-und-mindern-179521\/\" title=\"Internet zu langsam? Ab heute k\u00f6nnt ihr messen und mindern\">Breitbandmessung<\/a>\u201c wurde urspr\u00fcnglich vor drei Jahren eingef\u00fchrt und erfordert es bislang, dass man an unterschiedlichen Kalendertagen jeweils zehn Messungen durchf\u00fchrt, bei denen dann jedoch noch zus\u00e4tzliche zeitliche Vorgaben zu beachten sind. Dieser Aufwand schreckt vermutlich nicht wenige Nutzer zun\u00e4chst einmal ab. Zudem wird angestrebt, das Verfahren zur Feststellung einer Unterversorgung im Gesamten zu beschleunigen.<\/p>\n<h2>Umsetzung noch in diesem Jahr angestrebt<\/h2>\n<p>Begleitend dazu soll der komplette Themenbereich verst\u00e4ndlicher und nutzerorientiert gestaltet und kommuniziert werden. Konkrete Informationen zum weiteren Verlauf stehen allerdings noch aus. Die Bundesnetzagentur hat auf eine Anfrage der SPD-Fraktion hin lediglich verlauten lassen, dass sie das Verfahren noch in diesem Jahr abschlie\u00dfen wolle.<\/p>\n<p>Der Verbraucherzentrale gehen die geplanten \u00c4nderungen weiterhin nicht weit genug. Deren Vorst\u00e4ndin Ramona Pop l\u00e4sst <a href=\"https:\/\/www.vzbv.de\/pressemitteilungen\/recht-auf-schnelles-internet-hoehere-bandbreite-nur-der-erste-schritt\">verlauten<\/a> kommentiert die Erh\u00f6hung der Mindestbandbreite als l\u00e4ngst \u00fcberf\u00e4llig und fordert, den darauf basierenden Rechtsanspruch der B\u00fcrger konsequenter und schneller umzusetzen.<img loading=\"lazy\" decoding=\"async\" src=\"https:\/\/vg02.met.vgwort.de\/na\/df959efb938442c8a28f019c14eb7c1d\" width=\"1\" height=\"1\" no-lazy class=\"tracking\"><\/p>\n","protected":false},"excerpt":{"rendered":"<a href=\"https:\/\/www.ifun.de\/recht-auf-schnelles-internet-mindestbandbreite-wird-erhoeht-235452\/\"><img decoding=\"async\" width=\"150\" src=\"https:\/\/images.ifun.de\/wp-content\/uploads\/2023\/10\/mac-user-pexels-700x552.jpg\" class=\"alignright wp-post-image tfe\" alt=\"Mac User Pexels\" title=\"\" \/><\/a><p>Beim sogenannten \u201eRecht auf schnelles Internet\u201c soll nachgebessert werden. Der Digitalausschuss im Deutschen Bundestag hat einem entsprechenden Antrag der Ampelkoalition gegen die Stimmen von CDU und CSU zugestimmt und folgt damit einer Empfehlung der Bundesnetzagentur. In dem von den Ampelfraktionen gestellten Antrag wird nicht nur gefordert, die Inanspruchnahme des Rechtsanspruchs auf schnelles Internet zu vereinfachen, [&hellip;]<\/p>\n","protected":false},"author":2,"featured_media":0,"comment_status":"open","ping_status":"closed","sticky":false,"template":"","format":"standard","meta":{"_acf_changed":false,"footnotes":""},"categories":[1,1783],"tags":[4005,118,553],"class_list":["post-235452","post","type-post","status-publish","format-standard","hentry","category-news","category-feature","tag-bundesnetzagentur","tag-internet","tag-recht"],"acf":[],"aioseo_notices":[],"featured_image":["https:\/\/images.ifun.de\/wp-content\/uploads\/2021\/04\/bundesnetzagentur-breitbandmessung.jpg"],"subheadline":["K\u00fcnftig 15 statt 10 Mbit\/s"],"rest_api_enabler":{"featured_image":"https:\/\/images.ifun.de\/wp-content\/uploads\/2021\/04\/bundesnetzagentur-breitbandmessung.jpg","subheadline":"K\u00fcnftig 15 statt 10 Mbit\/s"},"_links":{"self":[{"href":"https:\/\/www.ifun.de\/apiv2\/wp\/v2\/posts\/235452","targetHints":{"allow":["GET"]}}],"collection":[{"href":"https:\/\/www.ifun.de\/apiv2\/wp\/v2\/posts"}],"about":[{"href":"https:\/\/www.ifun.de\/apiv2\/wp\/v2\/types\/post"}],"author":[{"embeddable":true,"href":"https:\/\/www.ifun.de\/apiv2\/wp\/v2\/users\/2"}],"replies":[{"embeddable":true,"href":"https:\/\/www.ifun.de\/apiv2\/wp\/v2\/comments?post=235452"}],"version-history":[{"count":2,"href":"https:\/\/www.ifun.de\/apiv2\/wp\/v2\/posts\/235452\/revisions"}],"predecessor-version":[{"id":235455,"href":"https:\/\/www.ifun.de\/apiv2\/wp\/v2\/posts\/235452\/revisions\/235455"}],"wp:attachment":[{"href":"https:\/\/www.ifun.de\/apiv2\/wp\/v2\/media?parent=235452"}],"wp:term":[{"taxonomy":"category","embeddable":true,"href":"https:\/\/www.ifun.de\/apiv2\/wp\/v2\/categories?post=235452"},{"taxonomy":"post_tag","embeddable":true,"href":"https:\/\/www.ifun.de\/apiv2\/wp\/v2\/tags?post=235452"}],"curies":[{"name":"wp","href":"https:\/\/api.w.org\/{rel}","templated":true}]}}