{"id":235250,"date":"2024-07-01T19:41:01","date_gmt":"2024-07-01T17:41:01","guid":{"rendered":"https:\/\/www.ifun.de\/?p=235250"},"modified":"2024-07-01T19:41:59","modified_gmt":"2024-07-01T17:41:59","slug":"eu-macht-jetzt-meta-druck-werbefrei-abos-verstossen-gegen-dma","status":"publish","type":"post","link":"https:\/\/www.ifun.de\/eu-macht-jetzt-meta-druck-werbefrei-abos-verstossen-gegen-dma-235250\/","title":{"rendered":"EU macht jetzt Meta Druck: Werbefrei-Abos versto\u00dfen gegen DMA"},"content":{"rendered":"<p>Die <a href=\"https:\/\/ec.europa.eu\/commission\/presscorner\/detail\/en\/ip_24_3582\">EU-Kommission<\/a> ist der Meinung, dass das vom Meta-Konzern auf seinen Plattformen Facebook und Instagram praktizierte Werbemodell gegen das europ\u00e4ische Gesetz \u00fcber digitale M\u00e4rkte (DMA) verst\u00f6\u00dft. Die derzeit angebotenen Optionen lassen sich nicht mit den in den EU-Staaten g\u00fcltigen Vorgaben vereinbaren.<\/p>\n<blockquote class=\"twitter-tweet\">\n<p lang=\"en\" dir=\"ltr\">The <a href=\"https:\/\/twitter.com\/hashtag\/DMA?src=hash&amp;ref_src=twsrc%5Etfw\">#DMA<\/a> is here to give back &#x1f1ea;&#x1f1fa; users the power to decide over their <a href=\"https:\/\/twitter.com\/hashtag\/data?src=hash&amp;ref_src=twsrc%5Etfw\">#data<\/a><a href=\"https:\/\/twitter.com\/hashtag\/Meta?src=hash&amp;ref_src=twsrc%5Etfw\">#Meta<\/a> has forced millions of users across EU into a binary choice : \u201cpay or consent\u201d.<\/p>\n<p>In our preliminary conclusion this is a breach of the DMA.<\/p>\n<p>Today we take an important step to ensure Meta complies. <a href=\"https:\/\/t.co\/lGXagHuq7J\">pic.twitter.com\/lGXagHuq7J<\/a><\/p>\n<p>&mdash; Thierry Breton (@ThierryBreton) <a href=\"https:\/\/twitter.com\/ThierryBreton\/status\/1807715743129043342?ref_src=twsrc%5Etfw\">July 1, 2024<\/a><\/p><\/blockquote>\n<p> <script async src=\"https:\/\/platform.twitter.com\/widgets.js\" charset=\"utf-8\"><\/script><\/p>\n<p>Stein des Ansto\u00dfes ist die Praxis von Meta, den Nutzer lediglich vor die Wahl zu stellen, ein Abonnement f\u00fcr die Dienste abzuschlie\u00dfen oder ohne weitere Konfigurationsm\u00f6glichkeiten die Marketingvorgaben des Unternehmens in Kauf zu nehmen. <\/p>\n<h2>F\u00fcr &#8222;Torw\u00e4chter&#8220; gelten strengere Regeln<\/h2>\n<p>Meta wird mit dem Angebot seiner hoch frequentierten Social-Media-Plattformen als sogenannter Torw\u00e4chter eingestuft und ist daher an besondere Auflagen gebunden. Die Pflicht, f\u00fcr die Verwendung von personenbezogenen Daten die Zustimmung der Nutzer einzuholen, ist ein wesentlicher Bestandteil des DMA. In Artikel 5 Absatz 2 ist aber auch festgelegt, dass Torw\u00e4chter die Nutzung eines Dienstes oder bestimmter Funktionen nicht von der Zustimmung der Benutzer abh\u00e4ngig machen k\u00f6nnen. Wenn ein Nutzer, eine solche Zustimmung verweigert, muss ihm Zugang zu einer weniger personalisierten, aber gleichwertigen Alternative gew\u00e4hrt werden.<\/p>\n<p>Diese Auflage wird der Auffassung der EU-Kommission zufolge von Meta nicht erf\u00fcllt. Die gegenw\u00e4rtige Praxis erlaube es den Nutzern zudem nicht, das Recht auszu\u00fcben, gezielt \u00fcber die Benutzung einzelner personenbezogenen Daten zu entscheiden.<\/p>\n<h2>Meta drohen satte Strafzahlungen<\/h2>\n<p>Meta bekommt jetzt die M\u00f6glichkeit, sich detailliert mit den Vorw\u00fcrfen auseinanderzusetzen und schriftlich auf die Vorw\u00fcrfe zu reagieren. Sp\u00e4testens im M\u00e4rz 2025, also zw\u00f6lf Monate nach Beginn der eigentlichen Untersuchung, will die EU-Kommission zu einem Ergebnis kommen.<\/p>\n<p>Die drohenden Strafzahlungen k\u00f6nnten durchaus \u00fcppig ausfallen. Im Falle der Nichteinhaltung kann die Kommission Geldbu\u00dfen von bis zu 10 Prozent des weltweiten Gesamtumsatzes des Konzerns verh\u00e4ngen, bei Wiederholungen sind sogar bis zu 20 Prozent im Bereich des M\u00f6glichen.<img loading=\"lazy\" decoding=\"async\" src=\"https:\/\/vg02.met.vgwort.de\/na\/8e721a5d95a541248a342344e97edb0f\" width=\"1\" height=\"1\" no-lazy class=\"tracking\"><\/p>\n","protected":false},"excerpt":{"rendered":"<a href=\"https:\/\/www.ifun.de\/eu-macht-jetzt-meta-druck-werbefrei-abos-verstossen-gegen-dma-235250\/\"><img decoding=\"async\" width=\"150\" src=\"https:\/\/vg02.met.vgwort.de\/na\/8e721a5d95a541248a342344e97edb0f\" class=\"alignright wp-post-image tfe\" alt=\"\" title=\"\" \/><\/a><p>Die EU-Kommission ist der Meinung, dass das vom Meta-Konzern auf seinen Plattformen Facebook und Instagram praktizierte Werbemodell gegen das europ\u00e4ische Gesetz \u00fcber digitale M\u00e4rkte (DMA) verst\u00f6\u00dft. Die derzeit angebotenen Optionen lassen sich nicht mit den in den EU-Staaten g\u00fcltigen Vorgaben vereinbaren. The #DMA is here to give back &#x1f1ea;&#x1f1fa; users the power to decide over [&hellip;]<\/p>\n","protected":false},"author":2,"featured_media":0,"comment_status":"open","ping_status":"closed","sticky":false,"template":"","format":"standard","meta":{"_acf_changed":false,"footnotes":""},"categories":[1],"tags":[],"class_list":["post-235250","post","type-post","status-publish","format-standard","hentry","category-news"],"acf":[],"aioseo_notices":[],"featured_image":["https:\/\/images.ifun.de\/wp-content\/uploads\/2023\/11\/instagram-abo.jpg"],"subheadline":["Instagram und Facebook kritisiert"],"rest_api_enabler":{"featured_image":"https:\/\/images.ifun.de\/wp-content\/uploads\/2023\/11\/instagram-abo.jpg","subheadline":"Instagram und Facebook kritisiert"},"_links":{"self":[{"href":"https:\/\/www.ifun.de\/apiv2\/wp\/v2\/posts\/235250","targetHints":{"allow":["GET"]}}],"collection":[{"href":"https:\/\/www.ifun.de\/apiv2\/wp\/v2\/posts"}],"about":[{"href":"https:\/\/www.ifun.de\/apiv2\/wp\/v2\/types\/post"}],"author":[{"embeddable":true,"href":"https:\/\/www.ifun.de\/apiv2\/wp\/v2\/users\/2"}],"replies":[{"embeddable":true,"href":"https:\/\/www.ifun.de\/apiv2\/wp\/v2\/comments?post=235250"}],"version-history":[{"count":3,"href":"https:\/\/www.ifun.de\/apiv2\/wp\/v2\/posts\/235250\/revisions"}],"predecessor-version":[{"id":235256,"href":"https:\/\/www.ifun.de\/apiv2\/wp\/v2\/posts\/235250\/revisions\/235256"}],"wp:attachment":[{"href":"https:\/\/www.ifun.de\/apiv2\/wp\/v2\/media?parent=235250"}],"wp:term":[{"taxonomy":"category","embeddable":true,"href":"https:\/\/www.ifun.de\/apiv2\/wp\/v2\/categories?post=235250"},{"taxonomy":"post_tag","embeddable":true,"href":"https:\/\/www.ifun.de\/apiv2\/wp\/v2\/tags?post=235250"}],"curies":[{"name":"wp","href":"https:\/\/api.w.org\/{rel}","templated":true}]}}