{"id":235243,"date":"2024-07-01T18:26:39","date_gmt":"2024-07-01T16:26:39","guid":{"rendered":"https:\/\/www.ifun.de\/?p=235243"},"modified":"2024-07-01T18:28:07","modified_gmt":"2024-07-01T16:28:07","slug":"apple-intelligence-homepod-bleibt-wohl-aussen-vor","status":"publish","type":"post","link":"https:\/\/www.ifun.de\/apple-intelligence-homepod-bleibt-wohl-aussen-vor-235243\/","title":{"rendered":"Apple Intelligence: HomePod bleibt wohl au\u00dfen vor"},"content":{"rendered":"<p><a href=\"https:\/\/www.apple.com\/newsroom\/2024\/06\/introducing-apple-intelligence-for-iphone-ipad-and-mac\/\" title=\"Apple Intelligence\">Apples KI-Funktionen<\/a> werden in Europa ja erst <a href=\"https:\/\/www.iphone-ticker.de\/eu-gesetze-schuld-apples-ki-funktionen-werden-sich-verzoegern-236992\/\">versp\u00e4tet<\/a> Einzug halten. Wenn man sich allerdings auf diese Funktionserweiterung freut, k\u00f6nnte es ratsam sein, sich mit Neuanschaffungen ein wenig zur\u00fcckzuhalten. Die anspruchsvollen Systemvoraussetzungen f\u00fcr die Nutzung von Apple Intelligence machen es mehr als unwahrscheinlich, dass die aktuelle Generation von Apples Smart-Speakern den Sprung auf die neue KI-Integration mitmacht.<\/p>\n<p>Der Bloomberg-Autor <a href=\"https:\/\/www.bloomberg.com\/news\/newsletters\/2024-06-30\/apple-s-longer-lasting-devices-ios-19-and-apple-intelligence-on-the-vision-pro-ly1jnrw4\">Mark Gurman<\/a> ist, was Apple-Themen betrifft, ja bekanntlich gut informiert. W\u00e4hrend Apple Gurman zufolge die Datenbrille Apple Vision Pro quasi im Nachgang im kommenden Jahr f\u00fcr Apples KI-Integration bereit sein soll, sei es kaum wahrscheinlich, dass sich die Funktionen auch auf dem HomePod verwenden lassen. Sowohl der neuere gro\u00dfe HomePod als auch der HomePod mini bringen daf\u00fcr nicht ausreichend Leistung auf den Tisch. In erster Linie scheitert es wohl an der mageren RAM-Ausstattung der Lautsprecher.<\/p>\n<p><a href=\"https:\/\/images.ifun.de\/wp-content\/uploads\/2021\/12\/homepod-phil-schiller.jpg\"><img loading=\"lazy\" decoding=\"async\" src=\"https:\/\/images.ifun.de\/wp-content\/uploads\/2021\/12\/homepod-phil-schiller-700x398.jpg\" alt=\"Homepod Phil Schiller\" width=\"700\" height=\"398\" class=\"alignnone size-large wp-image-180288\" srcset=\"https:\/\/images.ifun.de\/wp-content\/uploads\/2021\/12\/homepod-phil-schiller-700x398.jpg 700w, https:\/\/images.ifun.de\/wp-content\/uploads\/2021\/12\/homepod-phil-schiller-500x284.jpg 500w, https:\/\/images.ifun.de\/wp-content\/uploads\/2021\/12\/homepod-phil-schiller-768x437.jpg 768w, https:\/\/images.ifun.de\/wp-content\/uploads\/2021\/12\/homepod-phil-schiller.jpg 1051w\" sizes=\"auto, (max-width: 700px) 100vw, 700px\" \/><\/a><\/p>\n<p>Einen Kaufanreiz schafft diese Prognose nicht unbedingt, auch wenn sie nicht offiziell durch Apple best\u00e4tigt ist. Die strammen Leistungsanforderungen von Apple Intelligence machen allerdings kaum Hoffnung, dass es sich hierbei um eine Fehlmeldung handeln k\u00f6nnte.<\/p>\n<p>Apple selbst sagt, das man auf iPhone-Seite mindestens ein iPhone 15 Pro oder ein iPhone 15 Pro Max ben\u00f6tigt, um Apple Intelligence zu verwenden. Beim iPad oder Mac wird mindestens ein Prozessor vom Typ Apple M1 vorausgesetzt.<\/p>\n<h2>Was wird aus Apples Smart Speaker?<\/h2>\n<p>\u00dcber einen neuen HomePod wird ja schon seit einiger Zeit spekuliert. Aber Apple hat uns mit dieser Produktlinie ja schon mehrfach irritiert. So wurde der erste gro\u00dfe HomePod offiziell eingestellt und die Rede war davon, sich k\u00fcnftig voll und ganz auf den HomePod mini zu konzentrieren, nur um den urspr\u00fcnglichen HomePod sp\u00e4ter mit leicht ver\u00e4ndertem Innenleben wieder neu anzubieten.<\/p>\n<p>Gurman behauptet, Apple konzentriere sich mittlerweile mehr auf ein neues \u201eeinem Roboter \u00e4hnliches Ger\u00e4t mit Display\u201c, anstatt Energie in die klassische HomePod-Linie zu stecken. Erwartet von der Roboter-Erw\u00e4hnung aber nicht zu viel: vielleicht ist damit auch nur gemeint, dass sich das Display eigenst\u00e4ndig mit dem Blickwinkel des Nutzers mitbewegt.<img loading=\"lazy\" decoding=\"async\" src=\"https:\/\/vg02.met.vgwort.de\/na\/b6c315353c334949bff37e62274ceea1\" width=\"1\" height=\"1\" no-lazy class=\"tracking\"><\/p>\n","protected":false},"excerpt":{"rendered":"<a href=\"https:\/\/www.ifun.de\/apple-intelligence-homepod-bleibt-wohl-aussen-vor-235243\/\"><img decoding=\"async\" width=\"150\" src=\"https:\/\/images.ifun.de\/wp-content\/uploads\/2021\/12\/homepod-phil-schiller-700x398.jpg\" class=\"alignright wp-post-image tfe\" alt=\"Homepod Phil Schiller\" title=\"\" \/><\/a><p>Apples KI-Funktionen werden in Europa ja erst versp\u00e4tet Einzug halten. Wenn man sich allerdings auf diese Funktionserweiterung freut, k\u00f6nnte es ratsam sein, sich mit Neuanschaffungen ein wenig zur\u00fcckzuhalten. Die anspruchsvollen Systemvoraussetzungen f\u00fcr die Nutzung von Apple Intelligence machen es mehr als unwahrscheinlich, dass die aktuelle Generation von Apples Smart-Speakern den Sprung auf die neue KI-Integration [&hellip;]<\/p>\n","protected":false},"author":2,"featured_media":0,"comment_status":"open","ping_status":"closed","sticky":false,"template":"","format":"standard","meta":{"_acf_changed":false,"footnotes":""},"categories":[1],"tags":[3714],"class_list":["post-235243","post","type-post","status-publish","format-standard","hentry","category-news","tag-homepod"],"acf":[],"aioseo_notices":[],"featured_image":["https:\/\/images.ifun.de\/wp-content\/uploads\/2023\/03\/homepod-2023-feature.png"],"subheadline":["\"Smart\" Speaker mit Abstrichen"],"rest_api_enabler":{"featured_image":"https:\/\/images.ifun.de\/wp-content\/uploads\/2023\/03\/homepod-2023-feature.png","subheadline":"\"Smart\" Speaker mit Abstrichen"},"_links":{"self":[{"href":"https:\/\/www.ifun.de\/apiv2\/wp\/v2\/posts\/235243","targetHints":{"allow":["GET"]}}],"collection":[{"href":"https:\/\/www.ifun.de\/apiv2\/wp\/v2\/posts"}],"about":[{"href":"https:\/\/www.ifun.de\/apiv2\/wp\/v2\/types\/post"}],"author":[{"embeddable":true,"href":"https:\/\/www.ifun.de\/apiv2\/wp\/v2\/users\/2"}],"replies":[{"embeddable":true,"href":"https:\/\/www.ifun.de\/apiv2\/wp\/v2\/comments?post=235243"}],"version-history":[{"count":3,"href":"https:\/\/www.ifun.de\/apiv2\/wp\/v2\/posts\/235243\/revisions"}],"predecessor-version":[{"id":235249,"href":"https:\/\/www.ifun.de\/apiv2\/wp\/v2\/posts\/235243\/revisions\/235249"}],"wp:attachment":[{"href":"https:\/\/www.ifun.de\/apiv2\/wp\/v2\/media?parent=235243"}],"wp:term":[{"taxonomy":"category","embeddable":true,"href":"https:\/\/www.ifun.de\/apiv2\/wp\/v2\/categories?post=235243"},{"taxonomy":"post_tag","embeddable":true,"href":"https:\/\/www.ifun.de\/apiv2\/wp\/v2\/tags?post=235243"}],"curies":[{"name":"wp","href":"https:\/\/api.w.org\/{rel}","templated":true}]}}