{"id":235171,"date":"2024-06-28T19:29:45","date_gmt":"2024-06-28T17:29:45","guid":{"rendered":"https:\/\/www.ifun.de\/?p=235171"},"modified":"2024-07-08T17:58:35","modified_gmt":"2024-07-08T15:58:35","slug":"apple-notebooks-mit-abstand-die-beliebtesten-mac-modelle","status":"publish","type":"post","link":"https:\/\/www.ifun.de\/apple-notebooks-mit-abstand-die-beliebtesten-mac-modelle-235171\/","title":{"rendered":"Apple-Notebooks mit Abstand die beliebtesten Mac-Modelle"},"content":{"rendered":"<p>Knapp 5.000 Leser haben sich an unserer Mac-Umfrage beteiligt und die Auswertung h\u00e4lt ein paar \u00dcberraschungen parat. Bevor ihr weiterlest, k\u00f6nnt ihr ja noch kurz einen Zettel zur Hand nehmen und euch die Antworten auf folgende Fragen \u00fcberlegen:<\/p>\n<ul>\n<li>Wie viel Prozent der Nutzer-Macs laufen noch auf Intel?<\/li>\n<li>Wie gro\u00df ist der Anteil von Mac Studio und Mac Pro?<\/li>\n<li>Lieber 13\u201c oder 15\u201c MacBook Air?<\/li>\n<\/ul>\n<h2>Welchen Mac hast du?<\/h2>\n<p>Die Antworten liefern wir hier in der gleichen Reihenfolge, wie wir gefragt haben. Zun\u00e4chst hat uns die Verteilung auf die einzelnen Modelle interessiert, und wir sind ja davon ausgegangen, dass die Mehrheit bei den Notebooks liegt. Aber mit knapp drei Vierteln aller Nutzer liegt dieser Vorsprung dann doch deutlicher als gedacht. Der Anteil der teuren Desktop-Macs von Apple ist dagegen verschwindend klein, nur 3 Prozent der Antwortenden haben einen Mac Studio und gerade mal 0,6 Prozent besitzen einen Mac Pro.<\/p>\n<p><a href=\"https:\/\/images.ifun.de\/wp-content\/uploads\/2024\/06\/welcher-mac.jpg\"><img loading=\"lazy\" decoding=\"async\" src=\"https:\/\/images.ifun.de\/wp-content\/uploads\/2024\/06\/welcher-mac-700x315.jpg\" alt=\"Welcher Mac\" width=\"700\" height=\"315\" class=\"alignnone size-large wp-image-235180\" srcset=\"https:\/\/images.ifun.de\/wp-content\/uploads\/2024\/06\/welcher-mac-700x315.jpg 700w, https:\/\/images.ifun.de\/wp-content\/uploads\/2024\/06\/welcher-mac-500x225.jpg 500w, https:\/\/images.ifun.de\/wp-content\/uploads\/2024\/06\/welcher-mac-768x345.jpg 768w, https:\/\/images.ifun.de\/wp-content\/uploads\/2024\/06\/welcher-mac.jpg 1041w\" sizes=\"auto, (max-width: 700px) 100vw, 700px\" \/><\/a><\/p>\n<h2>Wie alt ist der Rechner?<\/h2>\n<p>Bei der zweiten Frage ging es um das Alter der Rechner. Hier zeigt sich, dass man einen Mac keinesfalls nach ein oder zwei Jahren zum alten Eisen legt. Gut ein Viertel der Antwortenden arbeitet mit Rechnern, die bereits f\u00fcnf Jahre oder \u00e4lter sind.<\/p>\n<p><a href=\"https:\/\/images.ifun.de\/wp-content\/uploads\/2024\/06\/wie-alt.jpg\"><img loading=\"lazy\" decoding=\"async\" src=\"https:\/\/images.ifun.de\/wp-content\/uploads\/2024\/06\/wie-alt-700x315.jpg\" alt=\"Wie Alt\" width=\"700\" height=\"315\" class=\"alignnone size-large wp-image-235179\" srcset=\"https:\/\/images.ifun.de\/wp-content\/uploads\/2024\/06\/wie-alt-700x315.jpg 700w, https:\/\/images.ifun.de\/wp-content\/uploads\/2024\/06\/wie-alt-500x225.jpg 500w, https:\/\/images.ifun.de\/wp-content\/uploads\/2024\/06\/wie-alt-768x345.jpg 768w, https:\/\/images.ifun.de\/wp-content\/uploads\/2024\/06\/wie-alt.jpg 1041w\" sizes=\"auto, (max-width: 700px) 100vw, 700px\" \/><\/a><\/p>\n<h2>Welcher Prozessor arbeitet darin?<\/h2>\n<p>An den vorigen Punkt kn\u00fcpft dann auch die Frage nach dem verbauten Prozessor an. In rund einem Drittel der Macs ist hier noch ein Intel-Chip im Einsatz.<\/p>\n<p><a href=\"https:\/\/images.ifun.de\/wp-content\/uploads\/2024\/06\/welcher-prozessor.jpg\"><img loading=\"lazy\" decoding=\"async\" src=\"https:\/\/images.ifun.de\/wp-content\/uploads\/2024\/06\/welcher-prozessor-700x315.jpg\" alt=\"Welcher Prozessor\" width=\"700\" height=\"315\" class=\"alignnone size-large wp-image-235176\" srcset=\"https:\/\/images.ifun.de\/wp-content\/uploads\/2024\/06\/welcher-prozessor-700x315.jpg 700w, https:\/\/images.ifun.de\/wp-content\/uploads\/2024\/06\/welcher-prozessor-500x225.jpg 500w, https:\/\/images.ifun.de\/wp-content\/uploads\/2024\/06\/welcher-prozessor-768x345.jpg 768w, https:\/\/images.ifun.de\/wp-content\/uploads\/2024\/06\/welcher-prozessor.jpg 1041w\" sizes=\"auto, (max-width: 700px) 100vw, 700px\" \/><\/a><\/p>\n<h2>Planst du eine Neuanschaffung?<\/h2>\n<p>Die Frage nach anstehenden Neuanschaffungen best\u00e4tigt zudem, dass man seinen Mac l\u00e4nger als eine Windows-Maschine verwendet. Mehr als 80 Prozent aller Antwortenden planen weder in diesem noch im n\u00e4chsten Jahr, einen neuen Mac zu kaufen.<\/p>\n<p><a href=\"https:\/\/images.ifun.de\/wp-content\/uploads\/2024\/06\/wann-neuer-mac.jpg\"><img loading=\"lazy\" decoding=\"async\" src=\"https:\/\/images.ifun.de\/wp-content\/uploads\/2024\/06\/wann-neuer-mac-700x315.jpg\" alt=\"Wann Neuer Mac\" width=\"700\" height=\"315\" class=\"alignnone size-large wp-image-235177\" srcset=\"https:\/\/images.ifun.de\/wp-content\/uploads\/2024\/06\/wann-neuer-mac-700x315.jpg 700w, https:\/\/images.ifun.de\/wp-content\/uploads\/2024\/06\/wann-neuer-mac-500x225.jpg 500w, https:\/\/images.ifun.de\/wp-content\/uploads\/2024\/06\/wann-neuer-mac-768x345.jpg 768w, https:\/\/images.ifun.de\/wp-content\/uploads\/2024\/06\/wann-neuer-mac.jpg 1041w\" sizes=\"auto, (max-width: 700px) 100vw, 700px\" \/><\/a><\/p>\n<h2>13 Zoll oder 15 Zoll?<\/h2>\n<p>Bei unserer letzten Frage ging es um die Bildschirmgr\u00f6\u00dfe. Das inzwischen auch als 15-Zoll-Ausf\u00fchrung erh\u00e4ltliche MacBook Air musste hier stellvertretend herhalten und uns hat nicht nur \u00fcberrascht, dass die beiden aktuell erh\u00e4ltlichen Varianten nahezu gleichauf sind, sondern auch, dass gerade mal f\u00fcnf Prozent aller Teilnehmer gerne etwas Kleineres in den H\u00e4nden h\u00e4tten. Die Zeiten der MacBooks mit 11 Zoll oder 12 Zoll Bildschirmgr\u00f6\u00dfe scheinen definitiv vorbei.<img loading=\"lazy\" decoding=\"async\" src=\"https:\/\/vg05.met.vgwort.de\/na\/6e245bc32568407b9987610d7f0fec9b\" width=\"1\" height=\"1\" no-lazy class=\"tracking\"><\/p>\n<p><a href=\"https:\/\/images.ifun.de\/wp-content\/uploads\/2024\/06\/bildschirm.jpg\"><img loading=\"lazy\" decoding=\"async\" src=\"https:\/\/images.ifun.de\/wp-content\/uploads\/2024\/06\/bildschirm-700x315.jpg\" alt=\"Bildschirm\" width=\"700\" height=\"315\" class=\"alignnone size-large wp-image-235178\" srcset=\"https:\/\/images.ifun.de\/wp-content\/uploads\/2024\/06\/bildschirm-700x315.jpg 700w, https:\/\/images.ifun.de\/wp-content\/uploads\/2024\/06\/bildschirm-500x225.jpg 500w, https:\/\/images.ifun.de\/wp-content\/uploads\/2024\/06\/bildschirm-768x345.jpg 768w, https:\/\/images.ifun.de\/wp-content\/uploads\/2024\/06\/bildschirm.jpg 1041w\" sizes=\"auto, (max-width: 700px) 100vw, 700px\" \/><\/a><\/p>\n","protected":false},"excerpt":{"rendered":"<a href=\"https:\/\/www.ifun.de\/apple-notebooks-mit-abstand-die-beliebtesten-mac-modelle-235171\/\"><img width=\"150\" height=\"150\" src=\"https:\/\/images.ifun.de\/wp-content\/uploads\/2024\/06\/welcher-mac-150x150.jpg\" class=\"alignright tfe wp-post-image\" alt=\"Welcher Mac\" decoding=\"async\" loading=\"lazy\" \/><\/a><p>Knapp 5.000 Leser haben sich an unserer Mac-Umfrage beteiligt und die Auswertung h\u00e4lt ein paar \u00dcberraschungen parat. Bevor ihr weiterlest, k\u00f6nnt ihr ja noch kurz einen Zettel zur Hand nehmen und euch die Antworten auf folgende Fragen \u00fcberlegen: Wie viel Prozent der Nutzer-Macs laufen noch auf Intel? Wie gro\u00df ist der Anteil von Mac Studio [&hellip;]<\/p>\n","protected":false},"author":2,"featured_media":235180,"comment_status":"open","ping_status":"closed","sticky":false,"template":"","format":"standard","meta":{"_acf_changed":false,"footnotes":""},"categories":[16,1783],"tags":[6321,80],"class_list":["post-235171","post","type-post","status-publish","format-standard","has-post-thumbnail","hentry","category-mac","category-feature","tag-mac","tag-umfrage"],"acf":[],"aioseo_notices":[],"featured_image":["https:\/\/images.ifun.de\/wp-content\/uploads\/2022\/06\/macbook-air-feature-.jpg"],"subheadline":["Die Ergebnisse unserer Mac-Umfrage"],"rest_api_enabler":{"featured_image":"https:\/\/images.ifun.de\/wp-content\/uploads\/2022\/06\/macbook-air-feature-.jpg","subheadline":"Die Ergebnisse unserer Mac-Umfrage"},"_links":{"self":[{"href":"https:\/\/www.ifun.de\/apiv2\/wp\/v2\/posts\/235171","targetHints":{"allow":["GET"]}}],"collection":[{"href":"https:\/\/www.ifun.de\/apiv2\/wp\/v2\/posts"}],"about":[{"href":"https:\/\/www.ifun.de\/apiv2\/wp\/v2\/types\/post"}],"author":[{"embeddable":true,"href":"https:\/\/www.ifun.de\/apiv2\/wp\/v2\/users\/2"}],"replies":[{"embeddable":true,"href":"https:\/\/www.ifun.de\/apiv2\/wp\/v2\/comments?post=235171"}],"version-history":[{"count":7,"href":"https:\/\/www.ifun.de\/apiv2\/wp\/v2\/posts\/235171\/revisions"}],"predecessor-version":[{"id":235184,"href":"https:\/\/www.ifun.de\/apiv2\/wp\/v2\/posts\/235171\/revisions\/235184"}],"wp:featuredmedia":[{"embeddable":true,"href":"https:\/\/www.ifun.de\/apiv2\/wp\/v2\/media\/235180"}],"wp:attachment":[{"href":"https:\/\/www.ifun.de\/apiv2\/wp\/v2\/media?parent=235171"}],"wp:term":[{"taxonomy":"category","embeddable":true,"href":"https:\/\/www.ifun.de\/apiv2\/wp\/v2\/categories?post=235171"},{"taxonomy":"post_tag","embeddable":true,"href":"https:\/\/www.ifun.de\/apiv2\/wp\/v2\/tags?post=235171"}],"curies":[{"name":"wp","href":"https:\/\/api.w.org\/{rel}","templated":true}]}}