{"id":234981,"date":"2024-06-26T10:20:49","date_gmt":"2024-06-26T08:20:49","guid":{"rendered":"https:\/\/www.ifun.de\/?p=234981"},"modified":"2024-06-26T10:20:49","modified_gmt":"2024-06-26T08:20:49","slug":"schaltsteckdosen-mit-leistungsmessung-ueber-matter-bald-in-homekit","status":"publish","type":"post","link":"https:\/\/www.ifun.de\/schaltsteckdosen-mit-leistungsmessung-ueber-matter-bald-in-homekit-234981\/","title":{"rendered":"Schaltsteckdosen mit Leistungsmessung \u00fcber Matter bald in HomeKit"},"content":{"rendered":"<p>Apple will mit der Unterst\u00fctzung von Matter 1.3 offenbar nicht bis zum Herbst warten, sondern <a href=\"https:\/\/developer.apple.com\/documentation\/matter\/mtrelectricalpowermeasurementfeature\">integriert<\/a> die Grundlagen f\u00fcr die Bereitstellung der neuen Funktionen bereits in iOS 17.6.<\/p>\n<p>Die nach unserer Meinung interessantesten, mit <a href=\"https:\/\/www.ifun.de\/matter-1-3-unterstuetzt-energiemanagement-und-kuechengeraete-232315\/\">Matter 1.3<\/a> angek\u00fcndigten Neuerungen betreffen die Anbindung von L\u00f6sungen und Ger\u00e4ten f\u00fcr das Energiemanagement. An erster Stelle sind hier nat\u00fcrlich die diversen Schaltsteckdosen zu erw\u00e4hnen, die \u00fcber eine Funktion zur Leistungsmessung verf\u00fcgen. Die von diesen Ger\u00e4ten ermittelten Informationen zum momentanen Strom- beziehungsweise Energieverbrauch k\u00f6nnen auf Basis des neuen Matter-Standards zus\u00e4tzlich zu den bereits unterst\u00fctzten Schaltbefehlen f\u00fcr die Steckdosen \u00fcbertragen werden.<\/p>\n<p><a href=\"https:\/\/images.ifun.de\/wp-content\/uploads\/2024\/06\/matter-1-3-apple-homekit.jpg\"><img loading=\"lazy\" decoding=\"async\" src=\"https:\/\/images.ifun.de\/wp-content\/uploads\/2024\/06\/matter-1-3-apple-homekit-700x475.jpg\" alt=\"Matter 1 3 Apple Homekit\" width=\"700\" height=\"475\" class=\"alignnone size-large wp-image-234984\" srcset=\"https:\/\/images.ifun.de\/wp-content\/uploads\/2024\/06\/matter-1-3-apple-homekit-700x475.jpg 700w, https:\/\/images.ifun.de\/wp-content\/uploads\/2024\/06\/matter-1-3-apple-homekit-500x339.jpg 500w, https:\/\/images.ifun.de\/wp-content\/uploads\/2024\/06\/matter-1-3-apple-homekit-768x521.jpg 768w, https:\/\/images.ifun.de\/wp-content\/uploads\/2024\/06\/matter-1-3-apple-homekit-1536x1042.jpg 1536w, https:\/\/images.ifun.de\/wp-content\/uploads\/2024\/06\/matter-1-3-apple-homekit.jpg 1726w\" sizes=\"auto, (max-width: 700px) 100vw, 700px\" \/><\/a><\/p>\n<p>Zu den in der n\u00e4chsten Matter-Version enthaltenen Neuerungen geh\u00f6rt auch die Unterst\u00fctzung von Elektroladel\u00f6sungen f\u00fcr Fahrzeuge, darunter das Starten und Stoppen des Ladevorgangs, die M\u00f6glichkeit zur Anpassung der Ladeleistung und verschiedene damit verbundene Berechnungen wie etwa die Reichweite des Fahrzeugs.<\/p>\n<p>Erg\u00e4nzend schafft Matter 1.3 die Basis f\u00fcr die Einbindung weiterer Sensor-Varianten, hier werden k\u00fcnftig auch Wasser- und Frostmelder sowie Regensensoren unterst\u00fctzt. Zudem k\u00f6nnen k\u00fcnftig auch regulierbare Wasserventile und verschiedene K\u00fcchenger\u00e4te sowie W\u00e4schetrockner mithilfe von Matter in Smarthome-Systeme integriert werden.<\/p>\n<h2>Hard- und Software-Entwickler sind am Ball<\/h2>\n<p>Wann sich die neuen M\u00f6glichkeiten f\u00fcr Endnutzer zeigen, bleibt vorerst abzuwarten. Zun\u00e4chst stellt Apple erstmal Entwicklern <a href=\"https:\/\/developer.apple.com\/documentation\/matter\/mtrelectricalpowermeasurementfeature\">die entsprechenden Schnittstellen bereit<\/a>. <\/p>\n<p>Es ist fraglich, ob die mit Matter 1.3 kommenden Verbesserungen auch einen positiven Effekt auf reine HomeKit-Ger\u00e4te haben werden. Bislang war noch nichts davon zu h\u00f6ren, dass Apple sein Smarthome-System entsprechend erweitert. Zudem scheint es unwahrscheinlich, dass von einer solchen \u00c4nderung auch \u00e4ltere Ger\u00e4te profitieren werden.<img loading=\"lazy\" decoding=\"async\" src=\"https:\/\/vg05.met.vgwort.de\/na\/8193f000f75040c2a37d2c23e374cb2b\" width=\"1\" height=\"1\" no-lazy class=\"tracking\"><\/p>\n<p><h8>Danke Florian<\/h8><\/p>\n","protected":false},"excerpt":{"rendered":"<a href=\"https:\/\/www.ifun.de\/schaltsteckdosen-mit-leistungsmessung-ueber-matter-bald-in-homekit-234981\/\"><img width=\"150\" height=\"150\" src=\"https:\/\/images.ifun.de\/wp-content\/uploads\/2024\/06\/matter-feature-apple-150x150.jpg\" class=\"alignright tfe wp-post-image\" alt=\"Matter Feature Apple\" decoding=\"async\" loading=\"lazy\" \/><\/a><p>Apple will mit der Unterst\u00fctzung von Matter 1.3 offenbar nicht bis zum Herbst warten, sondern integriert die Grundlagen f\u00fcr die Bereitstellung der neuen Funktionen bereits in iOS 17.6. Die nach unserer Meinung interessantesten, mit Matter 1.3 angek\u00fcndigten Neuerungen betreffen die Anbindung von L\u00f6sungen und Ger\u00e4ten f\u00fcr das Energiemanagement. An erster Stelle sind hier nat\u00fcrlich die [&hellip;]<\/p>\n","protected":false},"author":2,"featured_media":234985,"comment_status":"open","ping_status":"closed","sticky":false,"template":"","format":"standard","meta":{"_acf_changed":false,"footnotes":""},"categories":[9],"tags":[4739,5386,1572],"class_list":["post-234981","post","type-post","status-publish","format-standard","has-post-thumbnail","hentry","category-ios","tag-ios","tag-matter","tag-smarthome"],"acf":[],"aioseo_notices":[],"featured_image":["https:\/\/images.ifun.de\/wp-content\/uploads\/2024\/06\/matter-feature-apple.jpg"],"subheadline":["Technische Basis mit iOS 17.6"],"rest_api_enabler":{"featured_image":"https:\/\/images.ifun.de\/wp-content\/uploads\/2024\/06\/matter-feature-apple.jpg","subheadline":"Technische Basis mit iOS 17.6"},"_links":{"self":[{"href":"https:\/\/www.ifun.de\/apiv2\/wp\/v2\/posts\/234981","targetHints":{"allow":["GET"]}}],"collection":[{"href":"https:\/\/www.ifun.de\/apiv2\/wp\/v2\/posts"}],"about":[{"href":"https:\/\/www.ifun.de\/apiv2\/wp\/v2\/types\/post"}],"author":[{"embeddable":true,"href":"https:\/\/www.ifun.de\/apiv2\/wp\/v2\/users\/2"}],"replies":[{"embeddable":true,"href":"https:\/\/www.ifun.de\/apiv2\/wp\/v2\/comments?post=234981"}],"version-history":[{"count":4,"href":"https:\/\/www.ifun.de\/apiv2\/wp\/v2\/posts\/234981\/revisions"}],"predecessor-version":[{"id":234988,"href":"https:\/\/www.ifun.de\/apiv2\/wp\/v2\/posts\/234981\/revisions\/234988"}],"wp:featuredmedia":[{"embeddable":true,"href":"https:\/\/www.ifun.de\/apiv2\/wp\/v2\/media\/234985"}],"wp:attachment":[{"href":"https:\/\/www.ifun.de\/apiv2\/wp\/v2\/media?parent=234981"}],"wp:term":[{"taxonomy":"category","embeddable":true,"href":"https:\/\/www.ifun.de\/apiv2\/wp\/v2\/categories?post=234981"},{"taxonomy":"post_tag","embeddable":true,"href":"https:\/\/www.ifun.de\/apiv2\/wp\/v2\/tags?post=234981"}],"curies":[{"name":"wp","href":"https:\/\/api.w.org\/{rel}","templated":true}]}}