{"id":234720,"date":"2024-06-21T06:48:38","date_gmt":"2024-06-21T04:48:38","guid":{"rendered":"https:\/\/www.ifun.de\/?p=234720"},"modified":"2024-06-21T06:48:38","modified_gmt":"2024-06-21T04:48:38","slug":"final-cut-pro-apple-verteilt-grosses-update-fuer-ipad-und-mac","status":"publish","type":"post","link":"https:\/\/www.ifun.de\/final-cut-pro-apple-verteilt-grosses-update-fuer-ipad-und-mac-234720\/","title":{"rendered":"Final Cut Pro: Apple verteilt gro\u00dfes Update f\u00fcr iPad und Mac"},"content":{"rendered":"<p class=\"p1\">Angek\u00fcndigt hatte Apple das Update seiner Videoschnittsoftware Final Cut Pro <a href=\"https:\/\/www.ifun.de\/pro-apps-fuers-ipad-logic-pro-2-ab-13-mai-final-cut-pro-2-folgt-spaeter-232218\/\">bereits Anfang Mai<\/a>, am sp\u00e4ten Donnerstagabend hat der Konzern nun geliefert und sowohl <a rel=\"noindex, nofollow\" href=\"http:\/\/www.ifun.de\/app\/1631624924\">Final Cut Pro f\u00fcr das iPad 2<\/a> als auch die neue Version 10.8 von <a rel=\"noindex, nofollow\" href=\"http:\/\/www.ifun.de\/app\/424389933\">Final Cut Pro f\u00fcr den Mac<\/a> zum Download freigegeben.<\/p>\n<p class=\"p1\">Die Updates bringen eine Vielzahl von Verbesserungen und neuen Funktionen mit, die darauf abzielen, die Effizienz der Arbeitsabl\u00e4ufe zu erh\u00f6hen.<\/p>\n<h2>Final Cut Pro f\u00fcr iPad 2<\/h2>\n<p class=\"p1\">Die neue Version von Final Cut Pro f\u00fcr iPad soll die F\u00e4higkeiten des neuen iPad Pro mit M4-Prozessoren besser aussch\u00f6pfen. Laut Apple erm\u00f6glicht dieser Chip eine bis zu doppelt so schnelle Geschwindigkeit beim Rendering und unterst\u00fctzt, im Vergleich mit dem M1-Chip, bis zu viermal so viele ProRes RAW-Streams.<\/p>\n<p><a href=\"https:\/\/images.ifun.de\/wp-content\/uploads\/2024\/06\/Final_Cut_Pro_fu\u0308r_iPad_2-scaled.webp\"><img loading=\"lazy\" decoding=\"async\" class=\"aligncenter size-large wp-image-234721\" src=\"https:\/\/images.ifun.de\/wp-content\/uploads\/2024\/06\/Final_Cut_Pro_fu\u0308r_iPad_2-700x525.webp\" alt=\"Final Cut Pro Fu\u0308r IPad 2\" width=\"700\" height=\"525\" srcset=\"https:\/\/images.ifun.de\/wp-content\/uploads\/2024\/06\/Final_Cut_Pro_fu\u0308r_iPad_2-700x525.webp 700w, https:\/\/images.ifun.de\/wp-content\/uploads\/2024\/06\/Final_Cut_Pro_fu\u0308r_iPad_2-500x375.webp 500w, https:\/\/images.ifun.de\/wp-content\/uploads\/2024\/06\/Final_Cut_Pro_fu\u0308r_iPad_2-768x576.webp 768w, https:\/\/images.ifun.de\/wp-content\/uploads\/2024\/06\/Final_Cut_Pro_fu\u0308r_iPad_2-1536x1152.webp 1536w, https:\/\/images.ifun.de\/wp-content\/uploads\/2024\/06\/Final_Cut_Pro_fu\u0308r_iPad_2-2048x1536.webp 2048w\" sizes=\"auto, (max-width: 700px) 100vw, 700px\" \/><\/a><\/p>\n<p class=\"p1\">Eine der Hauptneuerungen ist die Live-Multicam-Funktion, die es Nutzern erm\u00f6glicht, bis zu vier Kameras drahtlos zu verbinden und gleichzeitig in einer einzigen Ansicht zu \u00fcberwachen. Diese Funktion wird durch die neue <a rel=\"noindex, nofollow\" href=\"http:\/\/www.ifun.de\/app\/6469552837\">Final Cut Camera-App<\/a> realisiert, die auf iPhone und iPad als eigenst\u00e4ndige Aufnahme-App verwendet werden kann. Mit dieser App k\u00f6nnen Benutzer manuelle Einstellungen wie Fokus, Verschlusszeit und ISO vornehmen.<\/p>\n<p class=\"p1\">Eine weitere bedeutende Erg\u00e4nzung ist die Unterst\u00fctzung externer Projekte. Das neue Feature erm\u00f6glicht es, neue Projekte zu erstellen oder bestehende Projekte zu \u00f6ffnen, ohne daf\u00fcr den  internen Speicher des iPads zu nutzen. Zus\u00e4tzlich unterst\u00fctzt Final Cut Pro f\u00fcr iPad 2 den neuen Apple Pencil Pro.<\/p>\n<!-- WP-Appbox (Version: 4.5.12 \/\/ Store: appstore \/\/ ID: 1631624924) -->\t<!-- app-link -->\n\t<div id=\"article-single-app-preview\">\n\t\t<div id=\"article-single-app-preview-header\">\n\t\t\t<span class=\"title\">Laden im App Store<\/span>\n\t\t<\/div>\n\t\t<div id=\"article-single-app-preview-content\">\n\t\t\t<div id=\"article-single-app-preview-img\"><img loading=\"lazy\" decoding=\"async\" src=\"\/\/is1-ssl.mzstatic.com\/image\/thumb\/PurpleSource211\/v4\/8d\/56\/e4\/8d56e44e-1b5d-355d-2c6a-43034285e819\/Placeholder.mill\/200x200bb-75.png\" alt=\"Final Cut Pro: Erstelle Videos\"  height=\"72\" width=\"72\" class=\"asl-icon-img\" \/><\/div>\n\t\t\t<div id=\"article-single-app-preview-desc\">\n\t\t\t\t<span class=\"name\">Final Cut Pro: Erstelle Videos<\/span><br \/>\n\t\t\t\t<span class=\"seller\">Entwickler: <a target=\"_blank\" rel=\"nofollow\" href=\"https:\/\/apps.apple.com\/de\/developer\/apple\/id284417353?mt=12\">Apple<\/a><\/span>\n\t\t\t<\/div>\n\t\t\t<a target=\"_blank\" rel=\"nofollow\" href=\"https:\/\/apps.apple.com\/de\/app\/final-cut-pro-erstelle-videos\/id1631624924\"><div id=\"article-single-app-preview-download\">Preis: Kostenlos<sup>+<\/sup><br \/>\n\t\t\t<span class=\"size\">Laden<\/span><\/div><\/a>\n\t\t<\/div>\n\t\t<!-- <div id=\"article-single-app-preview-footer\"><\/div>\t-->\n\t<\/div>\n\t<!-- app-link\/ende --><!-- \/WP-Appbox -->\n<h2>Final Cut Pro 10.8 f\u00fcr Mac<\/h2>\n<p class=\"p1\">Die Mac-Version von Final Cut Pro wurde nach einem Halben Jahr der Stille nun ebenfalls auf Version 10.8 aktualisiert. Neue KI-gesteuerte Funktionen wie \u201cEnhance Light and Color\u201d und \u201cSmooth Slo-Mo\u201d sollen die Videoqualit\u00e4t verbessern. Erstere passt automatisch die Farbkorrektur an, w\u00e4hrend Smooth Slo-Mo intelligente \u00dcberg\u00e4nge zwischen Video-Frames f\u00fcr fl\u00fcssigere Bewegungen bietet.<\/p>\n<p><a href=\"https:\/\/images.ifun.de\/wp-content\/uploads\/2024\/06\/Final_Cut_Pro_fuer_Mac.webp\"><img loading=\"lazy\" decoding=\"async\" class=\"aligncenter size-large wp-image-234722\" src=\"https:\/\/images.ifun.de\/wp-content\/uploads\/2024\/06\/Final_Cut_Pro_fuer_Mac-700x438.webp\" alt=\"Final Cut Pro Fuer Mac\" width=\"700\" height=\"438\" srcset=\"https:\/\/images.ifun.de\/wp-content\/uploads\/2024\/06\/Final_Cut_Pro_fuer_Mac-700x438.webp 700w, https:\/\/images.ifun.de\/wp-content\/uploads\/2024\/06\/Final_Cut_Pro_fuer_Mac-500x313.webp 500w, https:\/\/images.ifun.de\/wp-content\/uploads\/2024\/06\/Final_Cut_Pro_fuer_Mac-768x480.webp 768w, https:\/\/images.ifun.de\/wp-content\/uploads\/2024\/06\/Final_Cut_Pro_fuer_Mac-1536x960.webp 1536w, https:\/\/images.ifun.de\/wp-content\/uploads\/2024\/06\/Final_Cut_Pro_fuer_Mac-2048x1280.webp 2048w\" sizes=\"auto, (max-width: 700px) 100vw, 700px\" \/><\/a><\/p>\n<p class=\"p1\">Dar\u00fcber hinaus wurden organisatorische Werkzeuge hinzugef\u00fcgt, die die Effizienz w\u00e4hrend der Videonachbearbeitung steigern sollen. Dazu geh\u00f6ren benutzerdefinierte Namen f\u00fcr Farbkorrekturen und Videoeffekte im Inspektor, die M\u00f6glichkeit, Clips mit fehlenden Medien oder Effekten im Timeline-Index zu suchen und zu navigieren, sowie eine textbasierte Timeline-Suche.<\/p>\n<p class=\"p1\">Final Cut Pro f\u00fcr iPad 2 und Final Cut Pro f\u00fcr Mac 10.8 sind ab sofort als kostenlose Updates f\u00fcr Bestandskunden erh\u00e4ltlich. Final Cut Pro f\u00fcr iPad 2 wird f\u00fcr 4,99 Euro pro Monat oder 49 Euro pro Jahr im App Store angeboten. Die Mac-Ausgabe von Final Cut Pro ist f\u00fcr 349,99 Euro im Mac App Store verf\u00fcgbar.<\/p>\n<!-- WP-Appbox (Version: 4.5.12 \/\/ Store: appstore \/\/ ID: 424389933) -->\t<!-- app-link -->\n\t<div id=\"article-single-app-preview\">\n\t\t<div id=\"article-single-app-preview-header\">\n\t\t\t<span class=\"title\">Laden im App Store<\/span>\n\t\t<\/div>\n\t\t<div id=\"article-single-app-preview-content\">\n\t\t\t<div id=\"article-single-app-preview-img\"><img loading=\"lazy\" decoding=\"async\" src=\"\/\/is1-ssl.mzstatic.com\/image\/thumb\/Purple221\/v4\/d4\/b5\/ec\/d4b5ecd8-f14f-04a8-b9a6-2e53ed9eade4\/AppIcon-1x_U007emarketing-0-8-0-85-220-0.png\/48x48ia-75.png\" alt=\"Unbekannte App\"  height=\"72\" width=\"72\" class=\"asl-icon-img\" \/><\/div>\n\t\t\t<div id=\"article-single-app-preview-desc\">\n\t\t\t\t<span class=\"name\">Unbekannte App<\/span><br \/>\n\t\t\t\t<span class=\"seller\">Entwickler: Unbekannt<\/span>\n\t\t\t<\/div>\n\t\t\t<a target=\"_blank\" rel=\"nofollow\" href=\"https:\/\/apps.apple.com\/cn\/iphone\/today\"><div id=\"article-single-app-preview-download\">Preis: Kostenlos<br \/>\n\t\t\t<span class=\"size\">Laden<\/span><\/div><\/a>\n\t\t<\/div>\n\t\t<!-- <div id=\"article-single-app-preview-footer\"><\/div>\t-->\n\t<\/div>\n\t<!-- app-link\/ende --><!-- \/WP-Appbox -->\n<p><img loading=\"lazy\" decoding=\"async\" src=\"https:\/\/vg04.met.vgwort.de\/na\/7a870b037a7f405dad3c3caf6edbd743\" width=\"1\" height=\"1\" no-lazy class=\"tracking\"><\/p>\n","protected":false},"excerpt":{"rendered":"<a href=\"https:\/\/www.ifun.de\/final-cut-pro-apple-verteilt-grosses-update-fuer-ipad-und-mac-234720\/\"><img width=\"150\" height=\"150\" src=\"https:\/\/images.ifun.de\/wp-content\/uploads\/2024\/06\/Final_Cut_Pro_fuer_Mac-150x150.webp\" class=\"alignright tfe wp-post-image\" alt=\"Final Cut Pro Fuer Mac\" decoding=\"async\" loading=\"lazy\" \/><\/a><p>Angek\u00fcndigt hatte Apple das Update seiner Videoschnittsoftware Final Cut Pro bereits Anfang Mai, am sp\u00e4ten Donnerstagabend hat der Konzern nun geliefert und sowohl Final Cut Pro f\u00fcr das iPad 2 als auch die neue Version 10.8 von Final Cut Pro f\u00fcr den Mac zum Download freigegeben. Die Updates bringen eine Vielzahl von Verbesserungen und neuen [&hellip;]<\/p>\n","protected":false},"author":1,"featured_media":234722,"comment_status":"open","ping_status":"closed","sticky":false,"template":"","format":"standard","meta":{"_acf_changed":false,"footnotes":""},"categories":[5],"tags":[4737,1124,4740,6321],"class_list":["post-234720","post","type-post","status-publish","format-standard","has-post-thumbnail","hentry","category-apps","tag-apps","tag-final-cut-pro","tag-ipad","tag-mac"],"acf":[],"aioseo_notices":[],"featured_image":["https:\/\/images.ifun.de\/wp-content\/uploads\/2024\/05\/final-cut-app.jpg"],"subheadline":["Unterst\u00fctzt den Apple Pencil Pro"],"rest_api_enabler":{"featured_image":"https:\/\/images.ifun.de\/wp-content\/uploads\/2024\/05\/final-cut-app.jpg","subheadline":"Unterst\u00fctzt den Apple Pencil Pro"},"_links":{"self":[{"href":"https:\/\/www.ifun.de\/apiv2\/wp\/v2\/posts\/234720","targetHints":{"allow":["GET"]}}],"collection":[{"href":"https:\/\/www.ifun.de\/apiv2\/wp\/v2\/posts"}],"about":[{"href":"https:\/\/www.ifun.de\/apiv2\/wp\/v2\/types\/post"}],"author":[{"embeddable":true,"href":"https:\/\/www.ifun.de\/apiv2\/wp\/v2\/users\/1"}],"replies":[{"embeddable":true,"href":"https:\/\/www.ifun.de\/apiv2\/wp\/v2\/comments?post=234720"}],"version-history":[{"count":1,"href":"https:\/\/www.ifun.de\/apiv2\/wp\/v2\/posts\/234720\/revisions"}],"predecessor-version":[{"id":234724,"href":"https:\/\/www.ifun.de\/apiv2\/wp\/v2\/posts\/234720\/revisions\/234724"}],"wp:featuredmedia":[{"embeddable":true,"href":"https:\/\/www.ifun.de\/apiv2\/wp\/v2\/media\/234722"}],"wp:attachment":[{"href":"https:\/\/www.ifun.de\/apiv2\/wp\/v2\/media?parent=234720"}],"wp:term":[{"taxonomy":"category","embeddable":true,"href":"https:\/\/www.ifun.de\/apiv2\/wp\/v2\/categories?post=234720"},{"taxonomy":"post_tag","embeddable":true,"href":"https:\/\/www.ifun.de\/apiv2\/wp\/v2\/tags?post=234720"}],"curies":[{"name":"wp","href":"https:\/\/api.w.org\/{rel}","templated":true}]}}