{"id":234648,"date":"2024-06-20T07:49:17","date_gmt":"2024-06-20T05:49:17","guid":{"rendered":"https:\/\/www.ifun.de\/?p=234648"},"modified":"2024-06-20T07:51:02","modified_gmt":"2024-06-20T05:51:02","slug":"telekom-bessert-bei-ihren-glasfasertarifen-nach","status":"publish","type":"post","link":"https:\/\/www.ifun.de\/telekom-bessert-bei-ihren-glasfasertarifen-nach-234648\/","title":{"rendered":"Telekom bessert bei ihren Glasfasertarifen nach"},"content":{"rendered":"<p>Die Telekom hat ihre <a href=\"https:\/\/www.awin1.com\/awclick.php?gid=361931&#038;mid=11430&#038;awinaffid=399545&#038;linkid=2374030\">Glasfasertarife<\/a> \u00fcberarbeitet. Nicht nur die Namensgebung wird deutlicher, auch die enthaltenen Leistungen sind jetzt klar strukturiert. Bei den neuen Glasfasertarifen der Telekom entspricht die maximale Upload-Leistung immer der H\u00e4lfte der maximalen Download-Geschwindigkeit. Zudem ist jetzt immer eine Festnetz- und Mobilfunk-Flat in alle deutschen Netze enthalten. Die neuen Tarife sind vom 2. Juli an buchbar.<\/p>\n<p>Mit Glasfaser 150, Glasfaser 300, Glasfaser 600, Glasfaser 1.000 und Glasfaser 2.000 hat die Telekom k\u00fcnftig dann f\u00fcnf eigenst\u00e4ndige Tarife f\u00fcr diese Anschlusstechnologie im Programm. Bislang wird das Glasfaserangebot der Telekom lediglich gemeinsam mit DSL und Kabel unter dem Oberbegriff \u201eMagentaZuhause\u201c vermarktet.<\/p>\n<p><a href=\"https:\/\/images.ifun.de\/wp-content\/uploads\/2024\/06\/telekom-glasfaser.jpg\"><img loading=\"lazy\" decoding=\"async\" src=\"https:\/\/images.ifun.de\/wp-content\/uploads\/2024\/06\/telekom-glasfaser-700x525.jpg\" alt=\"Telekom Glasfaser\" width=\"700\" height=\"525\" class=\"alignnone size-large wp-image-234650\" srcset=\"https:\/\/images.ifun.de\/wp-content\/uploads\/2024\/06\/telekom-glasfaser-700x525.jpg 700w, https:\/\/images.ifun.de\/wp-content\/uploads\/2024\/06\/telekom-glasfaser-500x375.jpg 500w, https:\/\/images.ifun.de\/wp-content\/uploads\/2024\/06\/telekom-glasfaser-768x576.jpg 768w, https:\/\/images.ifun.de\/wp-content\/uploads\/2024\/06\/telekom-glasfaser.jpg 1400w\" sizes=\"auto, (max-width: 700px) 100vw, 700px\" \/><\/a><\/p>\n<h6>Bilder: Telekom<\/h6>\n<h2>Ausbau l\u00e4sst vielerorts auf sich warten<\/h2>\n<p>Auch wenn weiterhin zu vielen Interessenten bei der <a href=\"https:\/\/www.awin1.com\/awclick.php?gid=361931&#038;mid=11430&#038;awinaffid=399545&#038;linkid=2374030\">Verf\u00fcgbarkeitsabfrage<\/a> die Meldung \u201eBei Ihnen ist der Glasfaser-Ausbau noch nicht geplant\u201c sehen, schreitet der Ausbau des Glasfasernetzes in Deutschland mittlerweile offenbar rasch voran. Der Telekom zufolge ist ihr Glasfasernetz hierzulande mittlerweile mehr als 750.000 Kilometer lang. Allein im vergangenen Herbst sei f\u00fcr rund 2,5 Millionen neue Haushalte Glasfaser erm\u00f6glicht worden, und aktuell h\u00e4tten schon mehr als 8,4 Millionen Haushalte und Unternehmen die M\u00f6glichkeit, einen Glasfasertarif mit bis zu 1 Gigabit pro Sekunde zu buchen.<\/p>\n<p><a href=\"https:\/\/images.ifun.de\/wp-content\/uploads\/2024\/06\/glasfaser-ausbau-nicht-geplant.jpg\"><img loading=\"lazy\" decoding=\"async\" src=\"https:\/\/images.ifun.de\/wp-content\/uploads\/2024\/06\/glasfaser-ausbau-nicht-geplant-700x356.jpg\" alt=\"Glasfaser Ausbau Nicht Geplant\" width=\"700\" height=\"356\" class=\"alignnone size-large wp-image-234651\" srcset=\"https:\/\/images.ifun.de\/wp-content\/uploads\/2024\/06\/glasfaser-ausbau-nicht-geplant-700x356.jpg 700w, https:\/\/images.ifun.de\/wp-content\/uploads\/2024\/06\/glasfaser-ausbau-nicht-geplant-500x254.jpg 500w, https:\/\/images.ifun.de\/wp-content\/uploads\/2024\/06\/glasfaser-ausbau-nicht-geplant-768x391.jpg 768w, https:\/\/images.ifun.de\/wp-content\/uploads\/2024\/06\/glasfaser-ausbau-nicht-geplant.jpg 1400w\" sizes=\"auto, (max-width: 700px) 100vw, 700px\" \/><\/a><\/p>\n<p>Um ihr Ziel, im aktuellen Jahr rund 450.000 Glasfaseranschl\u00fcsse zu vermarkten, muss die Telekom die Ausbaugeschwindigkeit f\u00fcr die neue Netzstruktur beibehalten. Hier geht es auch darum, Vers\u00e4umnisse aus den 1980er-Jahren wettzumachen. Die Entscheidung f\u00fcr die Bevorzugung von Kupferkabeln hat in der damaligen Kohl-Regierung der Postminister Christian Schwarz-Schilling getroffen. Wirtschaftlich profitierte davon die Firma seiner Frau, in der Schwarz-Schilling zuvor selbst Gesch\u00e4ftsf\u00fchrer war\u2026<\/p>\n<h2>Glasfaser k\u00fcnftig ab 44,95 Euro<\/h2>\n<p>Zur\u00fcck zur Zukunft. Mit den neuen Tarifen will die Telekom die Kosten f\u00fcr einen Glasfaseranschluss in DSL-Regionen bringen. Mit der kleinsten Tarifstufe Glasfaser 150 bekommt man zum Preis von 44,95 Euro im Monat 150 Mbit\/s im Download und 75 Mbit\/s im Upload sowie eine Festnetz- und Mobilfunk-Flat in alle deutschen Netze. Der Tarif Glasfaser 300 kostet monatlich 5 Euro mehr. F\u00fcr Glasfaser 600 bezahlt man 59,95 Euro im Monat, Glasfaser 1000 wird mit 69,95 Euro pro Monat berechnet, und f\u00fcr die gr\u00f6\u00dfte Tarifstufe Glasfaser 2000 muss man monatlich 139,95 Euro hinlegen.<img loading=\"lazy\" decoding=\"async\" src=\"https:\/\/vg09.met.vgwort.de\/na\/c2b6e9749af848258769a43a3c2692d2\" width=\"1\" height=\"1\" no-lazy class=\"tracking\"><\/p>\n","protected":false},"excerpt":{"rendered":"<a href=\"https:\/\/www.ifun.de\/telekom-bessert-bei-ihren-glasfasertarifen-nach-234648\/\"><img width=\"150\" height=\"150\" src=\"https:\/\/images.ifun.de\/wp-content\/uploads\/2024\/06\/glasfaser-ausbau-nicht-geplant-150x150.jpg\" class=\"alignright tfe wp-post-image\" alt=\"Glasfaser Ausbau Nicht Geplant\" decoding=\"async\" loading=\"lazy\" \/><\/a><p>Die Telekom hat ihre Glasfasertarife \u00fcberarbeitet. Nicht nur die Namensgebung wird deutlicher, auch die enthaltenen Leistungen sind jetzt klar strukturiert. Bei den neuen Glasfasertarifen der Telekom entspricht die maximale Upload-Leistung immer der H\u00e4lfte der maximalen Download-Geschwindigkeit. Zudem ist jetzt immer eine Festnetz- und Mobilfunk-Flat in alle deutschen Netze enthalten. Die neuen Tarife sind vom 2. [&hellip;]<\/p>\n","protected":false},"author":2,"featured_media":234651,"comment_status":"open","ping_status":"closed","sticky":false,"template":"","format":"standard","meta":{"_acf_changed":false,"footnotes":""},"categories":[1],"tags":[4069,282],"class_list":["post-234648","post","type-post","status-publish","format-standard","has-post-thumbnail","hentry","category-news","tag-glasfaser","tag-telekom"],"acf":[],"aioseo_notices":[],"featured_image":["https:\/\/images.ifun.de\/wp-content\/uploads\/2021\/07\/telekom-glasfaser-feature.jpg"],"subheadline":["Telefon-Flat und mehr Upload"],"rest_api_enabler":{"featured_image":"https:\/\/images.ifun.de\/wp-content\/uploads\/2021\/07\/telekom-glasfaser-feature.jpg","subheadline":"Telefon-Flat und mehr Upload"},"_links":{"self":[{"href":"https:\/\/www.ifun.de\/apiv2\/wp\/v2\/posts\/234648","targetHints":{"allow":["GET"]}}],"collection":[{"href":"https:\/\/www.ifun.de\/apiv2\/wp\/v2\/posts"}],"about":[{"href":"https:\/\/www.ifun.de\/apiv2\/wp\/v2\/types\/post"}],"author":[{"embeddable":true,"href":"https:\/\/www.ifun.de\/apiv2\/wp\/v2\/users\/2"}],"replies":[{"embeddable":true,"href":"https:\/\/www.ifun.de\/apiv2\/wp\/v2\/comments?post=234648"}],"version-history":[{"count":9,"href":"https:\/\/www.ifun.de\/apiv2\/wp\/v2\/posts\/234648\/revisions"}],"predecessor-version":[{"id":234662,"href":"https:\/\/www.ifun.de\/apiv2\/wp\/v2\/posts\/234648\/revisions\/234662"}],"wp:featuredmedia":[{"embeddable":true,"href":"https:\/\/www.ifun.de\/apiv2\/wp\/v2\/media\/234651"}],"wp:attachment":[{"href":"https:\/\/www.ifun.de\/apiv2\/wp\/v2\/media?parent=234648"}],"wp:term":[{"taxonomy":"category","embeddable":true,"href":"https:\/\/www.ifun.de\/apiv2\/wp\/v2\/categories?post=234648"},{"taxonomy":"post_tag","embeddable":true,"href":"https:\/\/www.ifun.de\/apiv2\/wp\/v2\/tags?post=234648"}],"curies":[{"name":"wp","href":"https:\/\/api.w.org\/{rel}","templated":true}]}}