{"id":23444,"date":"2012-03-20T12:43:14","date_gmt":"2012-03-20T11:43:14","guid":{"rendered":"http:\/\/www.ifun.de\/?p=23444"},"modified":"2012-03-20T12:43:59","modified_gmt":"2012-03-20T11:43:59","slug":"neues-ipad-3-ohne-sim-lock","status":"publish","type":"post","link":"https:\/\/www.ifun.de\/neues-ipad-3-ohne-sim-lock-23444\/","title":{"rendered":"Telekom best\u00e4tigt: Auch iPad 3 wird ohne SIM-Lock vertrieben"},"content":{"rendered":"<p>Wie bereits <a href=\"http:\/\/www.ifun.de\/ipad-mit-vertrag-telekom-vodafone-o2-23307\/\">berichtet<\/a>, bietet die Telekom das neue iPad zusammen mit einem Mobilfunkvertrag bereits <a href=\"http:\/\/ad.zanox.com\/ppc\/?21320058C557604720T\">ab 99,95 Euro Kaufpreis<\/a> an.<\/p>\n<p>Auf eure Nachfrage hin lie\u00dfen wir uns gestern noch einmal <a href=\"https:\/\/twitter.com\/#!\/telekom_hilft\/status\/181812280290324480\">best\u00e4tigen<\/a>, dass auch die Ger\u00e4te der dritten iPad-Generation wieder ohne Netzsperre daherkommen. Bereits bei der Pr\u00e4sentation des ersten iPad hatte Steve Jobs damals ja hervorgehoben, dass die Ger\u00e4te mit Mobilfunkkarten aller Provider verwendet werden k\u00f6nnen und daran hat sich bis heute nichts ge\u00e4ndert.<\/p>\n<p><img loading=\"lazy\" decoding=\"async\" src=\"http:\/\/images.ifun.de\/wp-content\/uploads\/2012\/03\/telekom.gif\" alt=\"\" title=\"telekom\" width=\"464\" height=\"86\" class=\"alignnone size-full wp-image-23445\" srcset=\"https:\/\/images.ifun.de\/wp-content\/uploads\/2012\/03\/telekom.gif 464w, https:\/\/images.ifun.de\/wp-content\/uploads\/2012\/03\/telekom-300x55.gif 300w\" sizes=\"auto, (max-width: 464px) 100vw, 464px\" \/><\/p>\n<p>Erg\u00e4nzend zu diesem Thema noch einmal der Hinweis auf die momentan noch fehlende <a href=\"http:\/\/www.ifun.de\/personal-hotspot-neues-ipad-aktivieren-23317\/\">&#8222;Personal Hotspot&#8220;-Option<\/a> beim neuen iPad. Der Dienst soll im Laufe der n\u00e4chsten Wochen durch eine Aktualisierung der Netzbetreibereinstellungen f\u00fcr alle Nutzer mit passenden Vertr\u00e4gen bereitgestellt werden. Bei der Telekom sind hier die <a href=\"http:\/\/ad.zanox.com\/ppc\/?21320058C557604720T\">Complete-Tarife<\/a> sowie die f\u00fcr April angek\u00fcndigten neuen <a href=\"http:\/\/www.ifun.de\/zum-ipad-3-start-telekom-fuhrt-neue-datentarife-zum-3-april-ein-22713\/\">Mobile-Data-Tarife<\/a> kompatibel.<\/p>\n","protected":false},"excerpt":{"rendered":"<a href=\"https:\/\/www.ifun.de\/neues-ipad-3-ohne-sim-lock-23444\/\"><img width=\"150\" height=\"86\" src=\"https:\/\/images.ifun.de\/wp-content\/uploads\/2012\/03\/telekom-150x86.gif\" class=\"alignright tfe wp-post-image\" alt=\"\" decoding=\"async\" loading=\"lazy\" \/><\/a><p>Wie bereits berichtet, bietet die Telekom das neue iPad zusammen mit einem Mobilfunkvertrag bereits ab 99,95 Euro Kaufpreis an. Auf eure Nachfrage hin lie\u00dfen wir uns gestern noch einmal best\u00e4tigen, dass auch die Ger\u00e4te der dritten iPad-Generation wieder ohne Netzsperre daherkommen. Bereits bei der Pr\u00e4sentation des ersten iPad hatte Steve Jobs damals ja hervorgehoben, dass [&hellip;]<\/p>\n","protected":false},"author":2,"featured_media":23445,"comment_status":"open","ping_status":"closed","sticky":false,"template":"","format":"standard","meta":{"_acf_changed":false,"footnotes":""},"categories":[10],"tags":[4740,1071,1022,282],"class_list":["post-23444","post","type-post","status-publish","format-standard","has-post-thumbnail","hentry","category-ipad","tag-ipad","tag-sim-lock","tag-tarif","tag-telekom"],"acf":[],"aioseo_notices":[],"rest_api_enabler":[],"_links":{"self":[{"href":"https:\/\/www.ifun.de\/apiv2\/wp\/v2\/posts\/23444","targetHints":{"allow":["GET"]}}],"collection":[{"href":"https:\/\/www.ifun.de\/apiv2\/wp\/v2\/posts"}],"about":[{"href":"https:\/\/www.ifun.de\/apiv2\/wp\/v2\/types\/post"}],"author":[{"embeddable":true,"href":"https:\/\/www.ifun.de\/apiv2\/wp\/v2\/users\/2"}],"replies":[{"embeddable":true,"href":"https:\/\/www.ifun.de\/apiv2\/wp\/v2\/comments?post=23444"}],"version-history":[{"count":3,"href":"https:\/\/www.ifun.de\/apiv2\/wp\/v2\/posts\/23444\/revisions"}],"predecessor-version":[{"id":23448,"href":"https:\/\/www.ifun.de\/apiv2\/wp\/v2\/posts\/23444\/revisions\/23448"}],"wp:featuredmedia":[{"embeddable":true,"href":"https:\/\/www.ifun.de\/apiv2\/wp\/v2\/media\/23445"}],"wp:attachment":[{"href":"https:\/\/www.ifun.de\/apiv2\/wp\/v2\/media?parent=23444"}],"wp:term":[{"taxonomy":"category","embeddable":true,"href":"https:\/\/www.ifun.de\/apiv2\/wp\/v2\/categories?post=23444"},{"taxonomy":"post_tag","embeddable":true,"href":"https:\/\/www.ifun.de\/apiv2\/wp\/v2\/tags?post=23444"}],"curies":[{"name":"wp","href":"https:\/\/api.w.org\/{rel}","templated":true}]}}