{"id":234006,"date":"2024-06-10T19:15:14","date_gmt":"2024-06-10T17:15:14","guid":{"rendered":"https:\/\/www.ifun.de\/?p=234006"},"modified":"2024-06-18T10:51:07","modified_gmt":"2024-06-18T08:51:07","slug":"die-apple-vision-pro-kommt-nach-deutschland","status":"publish","type":"post","link":"https:\/\/www.ifun.de\/die-apple-vision-pro-kommt-nach-deutschland-234006\/","title":{"rendered":"Die Apple Vision Pro kommt nach Deutschland"},"content":{"rendered":"<p>Apple hat mit visionOS 2.0 das erste gro\u00dfe Update f\u00fcr seine Datenbrille vorgestellt und damit verbunden angek\u00fcndigt, dass diese k\u00fcnftig auch au\u00dferhalb der USA erh\u00e4ltlich sein wird. Zu den ersten L\u00e4ndern, in denen die Vision Pro nun ebenfalls verf\u00fcgbar sein wird, geh\u00f6rt auch Deutschland.<\/p>\n<p>Die Apple Vision Pro geht hierzulande am 12. Juli in den Verkauf, Vorbestellungen werden vom 28. Juni an zum Preis von 3.999 Euro m\u00f6glich sein.<\/p>\n<h2>visionOS 2.0 begleitet den Start in neue M\u00e4rkte<\/h2>\n<p>Apple hat auf der WWDC24 Neuerungen f\u00fcr seine Plattform Vision Pro und das Betriebssystem visionOS vorgestellt und Funktionen pr\u00e4sentiert, die sowohl f\u00fcr Entwickler als auch f\u00fcr Nutzer interessant sein d\u00fcrften.<\/p>\n<p><a href=\"https:\/\/images.ifun.de\/wp-content\/uploads\/2024\/06\/vision-os-2.jpg\"><img loading=\"lazy\" decoding=\"async\" src=\"https:\/\/images.ifun.de\/wp-content\/uploads\/2024\/06\/vision-os-2-700x276.jpg\" alt=\"Vision Os 2\" width=\"700\" height=\"276\" class=\"alignnone size-large wp-image-234018\" srcset=\"https:\/\/images.ifun.de\/wp-content\/uploads\/2024\/06\/vision-os-2-700x276.jpg 700w, https:\/\/images.ifun.de\/wp-content\/uploads\/2024\/06\/vision-os-2-500x197.jpg 500w, https:\/\/images.ifun.de\/wp-content\/uploads\/2024\/06\/vision-os-2-768x302.jpg 768w, https:\/\/images.ifun.de\/wp-content\/uploads\/2024\/06\/vision-os-2.jpg 960w\" sizes=\"auto, (max-width: 700px) 100vw, 700px\" \/><\/a><\/p>\n<p>Laut Apple ist die Vision Pro ein Meilenstein im Bereich der r\u00e4umlichen Anwendungen. Entwickler h\u00e4tten bereits \u00fcber 2.000 Apps speziell f\u00fcr Vision Pro erstellt, und es g\u00e4be \u00fcber 1,5 Millionen kompatible iPhone- und iPad-Apps. Beispiele f\u00fcr neue Apps umfassen:<\/p>\n<ul>\n<li><strong>NBA<\/strong>: Erm\u00f6glicht das gleichzeitige Anschauen mehrerer Live-Spiele mit Statistiken.<\/li>\n<li><strong>What if<\/strong>: Ein Spiel, in dem man in die Rolle eines Superhelden aus dem Marvel-Universum schl\u00fcpfen kann.<\/li>\n<li><strong>Unextinct<\/strong>: Eine App, die das Erkunden bedrohter Tierarten erm\u00f6glicht.<\/li>\n<li><strong>SAP<\/strong>: Visuelle Darstellung von Daten.<\/li>\n<li><strong>Medizinische Simulationen<\/strong>: Neue Ans\u00e4tze f\u00fcr chirurgische Planung und Simulation.<\/li>\n<\/ul>\n<p><a href=\"https:\/\/images.ifun.de\/wp-content\/uploads\/2024\/06\/vision-os-2-screen.jpg\"><img loading=\"lazy\" decoding=\"async\" src=\"https:\/\/images.ifun.de\/wp-content\/uploads\/2024\/06\/vision-os-2-screen-700x389.jpg\" alt=\"Vision Os 2 Screen\" width=\"700\" height=\"389\" class=\"alignnone size-large wp-image-234019\" srcset=\"https:\/\/images.ifun.de\/wp-content\/uploads\/2024\/06\/vision-os-2-screen-700x389.jpg 700w, https:\/\/images.ifun.de\/wp-content\/uploads\/2024\/06\/vision-os-2-screen-500x278.jpg 500w, https:\/\/images.ifun.de\/wp-content\/uploads\/2024\/06\/vision-os-2-screen-768x427.jpg 768w, https:\/\/images.ifun.de\/wp-content\/uploads\/2024\/06\/vision-os-2-screen.jpg 1000w\" sizes=\"auto, (max-width: 700px) 100vw, 700px\" \/><\/a><\/p>\n<h2>visionOS 2: Wichtige Updates und Verbesserungen<\/h2>\n<p>visionOS 2 wurde als gro\u00dfes Update f\u00fcr das Betriebssystem vorgestellt. Zu den neuen Funktionen geh\u00f6ren:<\/p>\n<ul>\n<li><strong>Erweiterte Fotodarstellung<\/strong>: Mit fortschrittlicher Maschinenlern-Technologie k\u00f6nnen aus 2D-Bildern r\u00e4umliche Fotos mit Tiefeneffekten erstellt werden.<\/li>\n<li><strong>SharePlay in der Fotos-App<\/strong>: Erm\u00f6glicht das gemeinsame Erleben von Panoramafotos und Videos mit anderen Personen.<\/li>\n<li><strong>Neue Navigationsmethoden<\/strong>: Bedienung des Vision Pro durch Gesten wie Handheben, Handumdrehen und Tippen.<\/li>\n<li><strong>Mac Virtual Display<\/strong>: Integration eines kabellosen 4K-Displays, das sp\u00e4ter im Jahr eine h\u00f6here Aufl\u00f6sung und Gr\u00f6\u00dfe erhalten soll.<\/li>\n<li><strong>Reisemodus<\/strong>: Unterst\u00fctzung f\u00fcr die Nutzung des Vision Pro in Z\u00fcgen, um Filme anzusehen oder zu arbeiten.<\/li>\n<\/ul>\n<p><a href=\"https:\/\/images.ifun.de\/wp-content\/uploads\/2024\/06\/vision-os-system.png\"><img loading=\"lazy\" decoding=\"async\" src=\"https:\/\/images.ifun.de\/wp-content\/uploads\/2024\/06\/vision-os-system-700x393.png\" alt=\"Vision Os System\" width=\"700\" height=\"393\" class=\"alignnone size-large wp-image-234024\" srcset=\"https:\/\/images.ifun.de\/wp-content\/uploads\/2024\/06\/vision-os-system-700x393.png 700w, https:\/\/images.ifun.de\/wp-content\/uploads\/2024\/06\/vision-os-system-500x281.png 500w, https:\/\/images.ifun.de\/wp-content\/uploads\/2024\/06\/vision-os-system-768x432.png 768w, https:\/\/images.ifun.de\/wp-content\/uploads\/2024\/06\/vision-os-system-1536x863.png 1536w, https:\/\/images.ifun.de\/wp-content\/uploads\/2024\/06\/vision-os-system-2048x1151.png 2048w\" sizes=\"auto, (max-width: 700px) 100vw, 700px\" \/><\/a><\/p>\n<h2>Verbesserungen f\u00fcr Entwickler<\/h2>\n<p>visionOS 2 bringe laut Apple auch zahlreiche neue M\u00f6glichkeiten f\u00fcr Entwickler, darunter:<\/p>\n<ul>\n<li><strong>Volumetrische APIs<\/strong>: Erlauben die Ausf\u00fchrung komplexer 3D-Apps nebeneinander, was ein besseres Multitasking erm\u00f6glicht.<\/li>\n<li><strong>Erweiterte Frameworks<\/strong>: Neue Werkzeuge, die die Entwicklung von r\u00e4umlichen Anwendungen vereinfachen sollen.<\/li>\n<\/ul>\n<p>Mit diesen Updates soll visionOS 2 die Benutzererfahrung weiter verbessern und die Entwicklung neuer, komplexer Anwendungen unterst\u00fctzen. Apple betonte, dass die neuen Funktionen die M\u00f6glichkeiten der r\u00e4umlichen Computertechnologie erweitern w\u00fcrden und Entwicklern sowie Nutzern gleicherma\u00dfen zugutekommen k\u00f6nnten.<\/p>\n<p><img loading=\"lazy\" decoding=\"async\" src=\"https:\/\/vg01.met.vgwort.de\/na\/24fb78397d2d4ab8be74a8e797c71510\" width=\"1\" height=\"1\" no-lazy class=\"tracking\"><\/p>\n","protected":false},"excerpt":{"rendered":"<a href=\"https:\/\/www.ifun.de\/die-apple-vision-pro-kommt-nach-deutschland-234006\/\"><img width=\"150\" height=\"150\" src=\"https:\/\/images.ifun.de\/wp-content\/uploads\/2024\/06\/vision-os-system-150x150.png\" class=\"alignright tfe wp-post-image\" alt=\"Vision Os System\" decoding=\"async\" loading=\"lazy\" \/><\/a><p>Apple hat mit visionOS 2.0 das erste gro\u00dfe Update f\u00fcr seine Datenbrille vorgestellt und damit verbunden angek\u00fcndigt, dass diese k\u00fcnftig auch au\u00dferhalb der USA erh\u00e4ltlich sein wird. Zu den ersten L\u00e4ndern, in denen die Vision Pro nun ebenfalls verf\u00fcgbar sein wird, geh\u00f6rt auch Deutschland. Die Apple Vision Pro geht hierzulande am 12. Juli in den [&hellip;]<\/p>\n","protected":false},"author":2,"featured_media":234024,"comment_status":"open","ping_status":"closed","sticky":false,"template":"","format":"standard","meta":{"_acf_changed":false,"footnotes":""},"categories":[3,1783],"tags":[6169,6170],"class_list":["post-234006","post","type-post","status-publish","format-standard","has-post-thumbnail","hentry","category-apple","category-feature","tag-apple-vision-pro","tag-visionos"],"acf":[],"aioseo_notices":[],"featured_image":["https:\/\/images.ifun.de\/wp-content\/uploads\/2023\/07\/apple-vision-pro-feature.jpg"],"subheadline":["Ab 12. Juli f\u00fcr 3.999 Euro"],"rest_api_enabler":{"featured_image":"https:\/\/images.ifun.de\/wp-content\/uploads\/2023\/07\/apple-vision-pro-feature.jpg","subheadline":"Ab 12. Juli f\u00fcr 3.999 Euro"},"_links":{"self":[{"href":"https:\/\/www.ifun.de\/apiv2\/wp\/v2\/posts\/234006","targetHints":{"allow":["GET"]}}],"collection":[{"href":"https:\/\/www.ifun.de\/apiv2\/wp\/v2\/posts"}],"about":[{"href":"https:\/\/www.ifun.de\/apiv2\/wp\/v2\/types\/post"}],"author":[{"embeddable":true,"href":"https:\/\/www.ifun.de\/apiv2\/wp\/v2\/users\/2"}],"replies":[{"embeddable":true,"href":"https:\/\/www.ifun.de\/apiv2\/wp\/v2\/comments?post=234006"}],"version-history":[{"count":16,"href":"https:\/\/www.ifun.de\/apiv2\/wp\/v2\/posts\/234006\/revisions"}],"predecessor-version":[{"id":234043,"href":"https:\/\/www.ifun.de\/apiv2\/wp\/v2\/posts\/234006\/revisions\/234043"}],"wp:featuredmedia":[{"embeddable":true,"href":"https:\/\/www.ifun.de\/apiv2\/wp\/v2\/media\/234024"}],"wp:attachment":[{"href":"https:\/\/www.ifun.de\/apiv2\/wp\/v2\/media?parent=234006"}],"wp:term":[{"taxonomy":"category","embeddable":true,"href":"https:\/\/www.ifun.de\/apiv2\/wp\/v2\/categories?post=234006"},{"taxonomy":"post_tag","embeddable":true,"href":"https:\/\/www.ifun.de\/apiv2\/wp\/v2\/tags?post=234006"}],"curies":[{"name":"wp","href":"https:\/\/api.w.org\/{rel}","templated":true}]}}