{"id":23396,"date":"2012-03-19T16:56:15","date_gmt":"2012-03-19T15:56:15","guid":{"rendered":"http:\/\/www.ifun.de\/?p=23396"},"modified":"2012-03-19T16:56:15","modified_gmt":"2012-03-19T15:56:15","slug":"apple-und-att-melden-ipad-verkaufsstart-mit-rekordzahlen","status":"publish","type":"post","link":"https:\/\/www.ifun.de\/apple-und-att-melden-ipad-verkaufsstart-mit-rekordzahlen-23396\/","title":{"rendered":"Apple und AT&#038;T melden iPad-Verkaufsstart mit Rekordzahlen"},"content":{"rendered":"<p><img loading=\"lazy\" decoding=\"async\" src=\"http:\/\/images.ifun.de\/wp-content\/uploads\/2012\/03\/aapl.jpg\" alt=\"\" title=\"aapl\" width=\"199\" height=\"163\" class=\"alignright size-full wp-image-23397\" \/>Im Rahmen einer Pressekonferenz mit Schwerpunkt auf der erfreulichen Finanzlage seines Unternehmens hat Apple-Boss Tim Cook nicht nur Dividendenzahlungen an Aktion\u00e4re angek\u00fcndigt, sondern sich auch zum Verkaufsstart des neuen iPad ge\u00e4u\u00dfert. Man habe ein &#8222;Rekordwochenende&#8220;, von dessen Verlauf man &#8222;absolut begeistert&#8220; sei, hinter sich.<\/p>\n<p>Ein Loblied, in das auch der US-Mobilfunkanbieter AT&#038;T mit einstimmt. Der Konzern spricht von einer neuen Rekordzahl der an einem einzigen Tag verkauften und aktivieren iPads.<\/p>\n<p>Im Laufe der Finanzkonferenz heute hat Apple angek\u00fcndigt, das erste Mal seit 1995 wieder Dividenden auszuzahlen. Geplant sind hier 2.65 Dollar pro Aktie und Quartal. Die Apple-Aktie befindet sich nun bereits seit Monaten auf einem H\u00f6henflug und hat im Laufe der letzten Woche erstmals die 600-Dollar-Marke \u00fcberschritten. (via <a href=\"http:\/\/www.macrumors.com\/\">Mac Rumors<\/a>)<\/p>\n","protected":false},"excerpt":{"rendered":"<a href=\"https:\/\/www.ifun.de\/apple-und-att-melden-ipad-verkaufsstart-mit-rekordzahlen-23396\/\"><img width=\"150\" height=\"150\" src=\"https:\/\/images.ifun.de\/wp-content\/uploads\/2012\/03\/aapl-150x150.jpg\" class=\"alignright tfe wp-post-image\" alt=\"\" decoding=\"async\" loading=\"lazy\" \/><\/a><p>Im Rahmen einer Pressekonferenz mit Schwerpunkt auf der erfreulichen Finanzlage seines Unternehmens hat Apple-Boss Tim Cook nicht nur Dividendenzahlungen an Aktion\u00e4re angek\u00fcndigt, sondern sich auch zum Verkaufsstart des neuen iPad ge\u00e4u\u00dfert. Man habe ein &#8222;Rekordwochenende&#8220;, von dessen Verlauf man &#8222;absolut begeistert&#8220; sei, hinter sich. Ein Loblied, in das auch der US-Mobilfunkanbieter AT&#038;T mit einstimmt. Der [&hellip;]<\/p>\n","protected":false},"author":2,"featured_media":23397,"comment_status":"open","ping_status":"closed","sticky":false,"template":"","format":"standard","meta":{"_acf_changed":false,"footnotes":""},"categories":[3],"tags":[528,4736,1066,115,4740],"class_list":["post-23396","post","type-post","status-publish","format-standard","has-post-thumbnail","hentry","category-apple","tag-aktien","tag-apple","tag-att","tag-geld","tag-ipad"],"acf":[],"aioseo_notices":[],"rest_api_enabler":[],"_links":{"self":[{"href":"https:\/\/www.ifun.de\/apiv2\/wp\/v2\/posts\/23396","targetHints":{"allow":["GET"]}}],"collection":[{"href":"https:\/\/www.ifun.de\/apiv2\/wp\/v2\/posts"}],"about":[{"href":"https:\/\/www.ifun.de\/apiv2\/wp\/v2\/types\/post"}],"author":[{"embeddable":true,"href":"https:\/\/www.ifun.de\/apiv2\/wp\/v2\/users\/2"}],"replies":[{"embeddable":true,"href":"https:\/\/www.ifun.de\/apiv2\/wp\/v2\/comments?post=23396"}],"version-history":[{"count":7,"href":"https:\/\/www.ifun.de\/apiv2\/wp\/v2\/posts\/23396\/revisions"}],"predecessor-version":[{"id":23404,"href":"https:\/\/www.ifun.de\/apiv2\/wp\/v2\/posts\/23396\/revisions\/23404"}],"wp:featuredmedia":[{"embeddable":true,"href":"https:\/\/www.ifun.de\/apiv2\/wp\/v2\/media\/23397"}],"wp:attachment":[{"href":"https:\/\/www.ifun.de\/apiv2\/wp\/v2\/media?parent=23396"}],"wp:term":[{"taxonomy":"category","embeddable":true,"href":"https:\/\/www.ifun.de\/apiv2\/wp\/v2\/categories?post=23396"},{"taxonomy":"post_tag","embeddable":true,"href":"https:\/\/www.ifun.de\/apiv2\/wp\/v2\/tags?post=23396"}],"curies":[{"name":"wp","href":"https:\/\/api.w.org\/{rel}","templated":true}]}}