{"id":233632,"date":"2024-06-04T12:53:06","date_gmt":"2024-06-04T10:53:06","guid":{"rendered":"https:\/\/www.ifun.de\/?p=233632"},"modified":"2024-06-04T12:53:50","modified_gmt":"2024-06-04T10:53:50","slug":"ki-bei-meta-eu-nutzer-koennen-der-verwendung-ihrer-daten-widersprechen","status":"publish","type":"post","link":"https:\/\/www.ifun.de\/ki-bei-meta-eu-nutzer-koennen-der-verwendung-ihrer-daten-widersprechen-233632\/","title":{"rendered":"KI bei Meta: EU-B\u00fcrger k\u00f6nnen Verwendung ihrer Daten widersprechen"},"content":{"rendered":"<p>Der hinter Anwendungen wie Facebook und Instagram stehende Meta-Konzern will auch die Daten von europ\u00e4ischen Nutzern dazu verwenden, seine unter dem Sammelbegriff \u201e<a href=\"https:\/\/www.facebook.com\/privacy\/genai\/\">KI bei Meta<\/a>\u201c gef\u00fchrten KI-Modelle und Funktionen zu trainieren. Wer in einem Mitgliedsland der Europ\u00e4ischen Union lebt, hat allerdings die M\u00f6glichkeit, der Verwendung seiner Daten auf Basis der in Europa g\u00fcltigen Datenschutzrichtlinien zu widersprechen.<\/p>\n<p>Facebook-Nutzer finden das entsprechende Formular bei einem <a href=\"https:\/\/www.facebook.com\/help\/contact\/6359191084165019\">Klick auf diesen Link<\/a>, allerdings wird f\u00fcr die Anzeige der Seite vorausgesetzt, dass ihr mit einem Benutzerkonto bei Facebook angemeldet und dort als EU-B\u00fcrger registriert seid. Interessant ist, dass Meta hier lediglich von einem \u201eWiderspruchsrecht\u201c spricht und die Formulierungen im Zusammenhang damit so ausgelegt sind, dass einem eingereichten Antrag nicht zwangsl\u00e4ufig auch stattgegeben werden muss. Man kann eigentlich fest davon ausgehen, dass sich das Unternehmen im Falle einer Ablehnung &#8211; zumindest wenn diese einen EU-B\u00fcrger betrifft &#8211; einmal mehr in einen auf den europ\u00e4ischen Datenschutzregeln basierenden Rechtsstreit verwickelt sehen wird.<\/p>\n<p><a href=\"https:\/\/images.ifun.de\/wp-content\/uploads\/2024\/06\/ki-widerspruch-meta-1318.jpg\"><img loading=\"lazy\" decoding=\"async\" src=\"https:\/\/images.ifun.de\/wp-content\/uploads\/2024\/06\/ki-widerspruch-meta-1318.jpg\" alt=\"Ki Widerspruch Meta 1318\" width=\"700\" height=\"1318\" class=\"alignnone size-full wp-image-233635\" srcset=\"https:\/\/images.ifun.de\/wp-content\/uploads\/2024\/06\/ki-widerspruch-meta-1318.jpg 1264w, https:\/\/images.ifun.de\/wp-content\/uploads\/2024\/06\/ki-widerspruch-meta-1318-266x500.jpg 266w, https:\/\/images.ifun.de\/wp-content\/uploads\/2024\/06\/ki-widerspruch-meta-1318-372x700.jpg 372w, https:\/\/images.ifun.de\/wp-content\/uploads\/2024\/06\/ki-widerspruch-meta-1318-768x1446.jpg 768w, https:\/\/images.ifun.de\/wp-content\/uploads\/2024\/06\/ki-widerspruch-meta-1318-816x1536.jpg 816w, https:\/\/images.ifun.de\/wp-content\/uploads\/2024\/06\/ki-widerspruch-meta-1318-1088x2048.jpg 1088w\" sizes=\"auto, (max-width: 700px) 100vw, 700px\" \/><\/a><\/p>\n<h2>Meta will eine \u201eBegr\u00fcndung\u201c<\/h2>\n<p>Das f\u00fcr Facebook-Nutzer verf\u00fcgbare Formular erwartet zudem verpflichtend eine \u201eErkl\u00e4rung\u201c dar\u00fcber, wie sich die geplante Datenverarbeitung auf den widersprechenden Nutzer auswirkt. Hier sollte die Angabe gen\u00fcgen, dass man seine pers\u00f6nlichen Daten in diesem Fall nicht mehr ausreichend gesch\u00fctzt sieht.<\/p>\n<p>Offen bleibt wohl erstmal, ob die Verweigerung einer solchen Zustimmung langfristig auch konkrete Auswirkungen auf die Nutzung der Meta-Dienstleistungen haben kann. Es w\u00e4re zumindest denkbar, dass Meta bestimmte Funktionen von einer Einwilligung abh\u00e4ngig machen will.<\/p>\n<p>Das obige Widerspruchsformular sollte eigentlich f\u00fcr alle mit diesem Account verkn\u00fcpften Meta-Dienste gelten. Unabh\u00e4ngig davon l\u00e4sst sich das Formular auch \u00fcber die Instagram-App abrufen, ist dort aber ziemlich versteckt. Ihr m\u00fcsst hierf\u00fcr eure Account-Seite \u00f6ffnen, dort \u00fcber die drei Balken oben rechts in die Einstellungen springen, ganz nach unten bis zu \u201eInfo\u201c scrollen und dann die Option \u201eDatenschutzrichtlinie\u201c w\u00e4hlen.<\/p>\n<h2>Betrifft Beitr\u00e4ge und Fotos &#8211; Privatnachrichten ausgeschlossen<\/h2>\n<p>Generell sollen die von Nutzern ver\u00f6ffentlichten Beitr\u00e4ge, Fotos und deren Bildunterschriften sowie Nachrichten, die man selbst an eine KI sendet, f\u00fcr das Training der KI von Meta verwendet. Dem Unternehmen ist es wichtig zu betonen, dass hier Privatnachrichten, die man beispielsweise mit Familienmitgliedern oder Freunden austauscht, komplett ausgeschlossen sind.<\/p>\n<p>Meta weist auch darauf hin, dass es selbst im Falle eines erfolgreichen Einspruchs sein kann, dass pers\u00f6nliche Informationen f\u00fcr das KI-Training verwendet werden, wenn die betreffenden Beitr\u00e4ge von anderen Personen geteilt werden.<img loading=\"lazy\" decoding=\"async\" src=\"https:\/\/vg01.met.vgwort.de\/na\/07c0c838b2054abd86990cc9bb24ced1\" width=\"1\" height=\"1\" no-lazy class=\"tracking\"><\/p>\n","protected":false},"excerpt":{"rendered":"<a href=\"https:\/\/www.ifun.de\/ki-bei-meta-eu-nutzer-koennen-der-verwendung-ihrer-daten-widersprechen-233632\/\"><img width=\"150\" height=\"150\" src=\"https:\/\/images.ifun.de\/wp-content\/uploads\/2024\/06\/meta-feature-150x150.jpg\" class=\"alignright tfe wp-post-image\" alt=\"Meta Feature\" decoding=\"async\" loading=\"lazy\" \/><\/a><p>Der hinter Anwendungen wie Facebook und Instagram stehende Meta-Konzern will auch die Daten von europ\u00e4ischen Nutzern dazu verwenden, seine unter dem Sammelbegriff \u201eKI bei Meta\u201c gef\u00fchrten KI-Modelle und Funktionen zu trainieren. Wer in einem Mitgliedsland der Europ\u00e4ischen Union lebt, hat allerdings die M\u00f6glichkeit, der Verwendung seiner Daten auf Basis der in Europa g\u00fcltigen Datenschutzrichtlinien zu [&hellip;]<\/p>\n","protected":false},"author":2,"featured_media":233637,"comment_status":"open","ping_status":"closed","sticky":false,"template":"","format":"standard","meta":{"_acf_changed":false,"footnotes":""},"categories":[1],"tags":[990,6065,5590],"class_list":["post-233632","post","type-post","status-publish","format-standard","has-post-thumbnail","hentry","category-news","tag-datenschutz","tag-kuenstliche-intelligenz","tag-meta"],"acf":[],"aioseo_notices":[],"featured_image":["https:\/\/images.ifun.de\/wp-content\/uploads\/2024\/06\/meta-feature.jpg"],"subheadline":["Bilder und Beitr\u00e4ge als Trainingsfutter"],"rest_api_enabler":{"featured_image":"https:\/\/images.ifun.de\/wp-content\/uploads\/2024\/06\/meta-feature.jpg","subheadline":"Bilder und Beitr\u00e4ge als Trainingsfutter"},"_links":{"self":[{"href":"https:\/\/www.ifun.de\/apiv2\/wp\/v2\/posts\/233632","targetHints":{"allow":["GET"]}}],"collection":[{"href":"https:\/\/www.ifun.de\/apiv2\/wp\/v2\/posts"}],"about":[{"href":"https:\/\/www.ifun.de\/apiv2\/wp\/v2\/types\/post"}],"author":[{"embeddable":true,"href":"https:\/\/www.ifun.de\/apiv2\/wp\/v2\/users\/2"}],"replies":[{"embeddable":true,"href":"https:\/\/www.ifun.de\/apiv2\/wp\/v2\/comments?post=233632"}],"version-history":[{"count":6,"href":"https:\/\/www.ifun.de\/apiv2\/wp\/v2\/posts\/233632\/revisions"}],"predecessor-version":[{"id":233643,"href":"https:\/\/www.ifun.de\/apiv2\/wp\/v2\/posts\/233632\/revisions\/233643"}],"wp:featuredmedia":[{"embeddable":true,"href":"https:\/\/www.ifun.de\/apiv2\/wp\/v2\/media\/233637"}],"wp:attachment":[{"href":"https:\/\/www.ifun.de\/apiv2\/wp\/v2\/media?parent=233632"}],"wp:term":[{"taxonomy":"category","embeddable":true,"href":"https:\/\/www.ifun.de\/apiv2\/wp\/v2\/categories?post=233632"},{"taxonomy":"post_tag","embeddable":true,"href":"https:\/\/www.ifun.de\/apiv2\/wp\/v2\/tags?post=233632"}],"curies":[{"name":"wp","href":"https:\/\/api.w.org\/{rel}","templated":true}]}}