{"id":233608,"date":"2024-06-04T07:54:54","date_gmt":"2024-06-04T05:54:54","guid":{"rendered":"https:\/\/www.ifun.de\/?p=233608"},"modified":"2024-06-04T07:54:54","modified_gmt":"2024-06-04T05:54:54","slug":"apple-zum-ipad-air-leistungswerte-trotz-fehler-in-den-spezifikationen-korrekt","status":"publish","type":"post","link":"https:\/\/www.ifun.de\/apple-zum-ipad-air-leistungswerte-trotz-fehler-in-den-spezifikationen-korrekt-233608\/","title":{"rendered":"Apple zum iPad Air: &#8222;Leistungswerte trotz Fehler in den Spezifikationen korrekt&#8220;"},"content":{"rendered":"<p>Apple hat das <a href=\"https:\/\/apple.sjv.io\/nLYW4V\">neue iPad Air<\/a> fast einen Monat lang mit falschen Spezifikationen beworben. Am Wochenende <a href=\"https:\/\/www.ifun.de\/neues-ipad-air-m2-prozessor-ploetzlich-weniger-kraftvoll-233533\/\" title=\"Neues iPad Air: M2-Prozessor pl\u00f6tzlich weniger kraftvoll\">wurde bekannt<\/a>, dass der in dem Anfang Mai vorgestellten Tablet verbaute M2-Prozessor nicht wie urspr\u00fcnglich angegeben mit zehn, sondern lediglich mit neun Grafikkernen arbeitet. Mittlerweile hat das Unternehmen auch eine knappe Stellungnahme dazu ver\u00f6ffentlicht und betont, dass s\u00e4mtliche im Rahmen der Pr\u00e4sentation und Werbung f\u00fcr das Ger\u00e4t genannten Leistungswerte dennoch der Realit\u00e4t entsprechen.<\/p>\n<p>Das von der Apple-Firmenzentrale ausgegebene Statement liegt dem amerikanischen Blog <a href=\"https:\/\/9to5mac.com\/2024\/06\/03\/apple-says-m2-ipad-air-performance-claims-are-accurate-despite-gpu-mix-up\/\">9to5Mac<\/a> vor. In dem knappen Text hei\u00dft es, dass man die Angaben auf der Apple-Webseite aktualisiert habe, um die Zahl der Prozessorkerne des im iPad Air genutzten M2-Chips zu korrigieren. Alle von Apple im Zusammenhang mit dem Ger\u00e4t genannten Leistungswerte seien jedoch zutreffend und w\u00fcrden auf der mit neun Kernen ausgestatteten Grafikeinheit basieren.<\/p>\n<p><a href=\"https:\/\/images.ifun.de\/wp-content\/uploads\/2024\/06\/ipad-air-nur-9-gpu-kerne.jpg\"><img loading=\"lazy\" decoding=\"async\" src=\"https:\/\/images.ifun.de\/wp-content\/uploads\/2024\/06\/ipad-air-nur-9-gpu-kerne-700x359.jpg\" alt=\"Ipad Air Nur 9 Gpu Kerne\" width=\"700\" height=\"359\" class=\"alignnone size-large wp-image-233610\" srcset=\"https:\/\/images.ifun.de\/wp-content\/uploads\/2024\/06\/ipad-air-nur-9-gpu-kerne-700x359.jpg 700w, https:\/\/images.ifun.de\/wp-content\/uploads\/2024\/06\/ipad-air-nur-9-gpu-kerne-500x256.jpg 500w, https:\/\/images.ifun.de\/wp-content\/uploads\/2024\/06\/ipad-air-nur-9-gpu-kerne-768x394.jpg 768w, https:\/\/images.ifun.de\/wp-content\/uploads\/2024\/06\/ipad-air-nur-9-gpu-kerne.jpg 1375w\" sizes=\"auto, (max-width: 700px) 100vw, 700px\" \/><\/a><\/p>\n<p>Apple zufolge ist das neue iPad Air bei einer Vielzahl von Produktivit\u00e4ts- und kreativen Aufgaben nahezu 50 Prozent schneller als sein M1-Vorg\u00e4nger und biete sogar eine bis zu dreimal schnellere Leistung als das \u00e4ltere, mit einem A14-Bionic-Prozessor ausgestattete Modell.<\/p>\n<h2>Apple \u00e4u\u00dfert sich nicht zur Fehlerquelle<\/h2>\n<p>Wie es zu der falschen Produktbeschreibung gekommen ist, will Apple allerdings nicht erl\u00e4utern. Wir haben ja bereits <a href=\"https:\/\/www.ifun.de\/neues-ipad-air-m2-prozessor-ploetzlich-weniger-kraftvoll-233533\/\">in unserer urspr\u00fcnglichen Berichterstattung<\/a> dazu vermutet, dass es sich hier um einen internen Kommunikationsfehler handelt. Eine bewusst getroffene Falschaussage kann man mit Sicherheit ausschlie\u00dfen. K\u00e4ufer des Ger\u00e4ts haben vermutlich aber dennoch erweiterte Anspr\u00fcche eine R\u00fcckgabe oder einen Austausch betreffend, die Apple jedoch kulant behandeln d\u00fcrfte.<\/p>\n<p>Der Fehler wurde durch einen Nutzer aufgedeckt, der sich \u00fcber die unterschiedliche Grafikleistung zwischen dem neuen iPad Air und einem mit einem auf dem Papier identischen M2-Prozessor ausgestatteten iPad Pro gewundert hat. Am Wochenende wurden die Zahl der Prozessorkerne dann zun\u00e4chst auf der amerikanischen Apple-Webseite und mittlerweile auch bei Apple Deutschland korrigiert.<img loading=\"lazy\" decoding=\"async\" src=\"https:\/\/vg01.met.vgwort.de\/na\/9bcc41064d1c48478441658bb870b2cb\" width=\"1\" height=\"1\" no-lazy class=\"tracking\"><\/p>\n","protected":false},"excerpt":{"rendered":"<a href=\"https:\/\/www.ifun.de\/apple-zum-ipad-air-leistungswerte-trotz-fehler-in-den-spezifikationen-korrekt-233608\/\"><img width=\"150\" height=\"150\" src=\"https:\/\/images.ifun.de\/wp-content\/uploads\/2024\/06\/ipad-air-nur-9-gpu-kerne-150x150.jpg\" class=\"alignright tfe wp-post-image\" alt=\"Ipad Air Nur 9 Gpu Kerne\" decoding=\"async\" loading=\"lazy\" \/><\/a><p>Apple hat das neue iPad Air fast einen Monat lang mit falschen Spezifikationen beworben. Am Wochenende wurde bekannt, dass der in dem Anfang Mai vorgestellten Tablet verbaute M2-Prozessor nicht wie urspr\u00fcnglich angegeben mit zehn, sondern lediglich mit neun Grafikkernen arbeitet. Mittlerweile hat das Unternehmen auch eine knappe Stellungnahme dazu ver\u00f6ffentlicht und betont, dass s\u00e4mtliche im [&hellip;]<\/p>\n","protected":false},"author":2,"featured_media":233610,"comment_status":"open","ping_status":"closed","sticky":false,"template":"","format":"standard","meta":{"_acf_changed":false,"footnotes":""},"categories":[10],"tags":[4736,473,2067,5739],"class_list":["post-233608","post","type-post","status-publish","format-standard","has-post-thumbnail","hentry","category-ipad","tag-apple","tag-fehler","tag-ipad-air","tag-m2-prozessor"],"acf":[],"aioseo_notices":[],"featured_image":["https:\/\/images.ifun.de\/wp-content\/uploads\/2024\/05\/ipad-air-2024-feature.jpg"],"subheadline":["Falsche Angaben zum Prozessor korrigiert"],"rest_api_enabler":{"featured_image":"https:\/\/images.ifun.de\/wp-content\/uploads\/2024\/05\/ipad-air-2024-feature.jpg","subheadline":"Falsche Angaben zum Prozessor korrigiert"},"_links":{"self":[{"href":"https:\/\/www.ifun.de\/apiv2\/wp\/v2\/posts\/233608","targetHints":{"allow":["GET"]}}],"collection":[{"href":"https:\/\/www.ifun.de\/apiv2\/wp\/v2\/posts"}],"about":[{"href":"https:\/\/www.ifun.de\/apiv2\/wp\/v2\/types\/post"}],"author":[{"embeddable":true,"href":"https:\/\/www.ifun.de\/apiv2\/wp\/v2\/users\/2"}],"replies":[{"embeddable":true,"href":"https:\/\/www.ifun.de\/apiv2\/wp\/v2\/comments?post=233608"}],"version-history":[{"count":4,"href":"https:\/\/www.ifun.de\/apiv2\/wp\/v2\/posts\/233608\/revisions"}],"predecessor-version":[{"id":233613,"href":"https:\/\/www.ifun.de\/apiv2\/wp\/v2\/posts\/233608\/revisions\/233613"}],"wp:featuredmedia":[{"embeddable":true,"href":"https:\/\/www.ifun.de\/apiv2\/wp\/v2\/media\/233610"}],"wp:attachment":[{"href":"https:\/\/www.ifun.de\/apiv2\/wp\/v2\/media?parent=233608"}],"wp:term":[{"taxonomy":"category","embeddable":true,"href":"https:\/\/www.ifun.de\/apiv2\/wp\/v2\/categories?post=233608"},{"taxonomy":"post_tag","embeddable":true,"href":"https:\/\/www.ifun.de\/apiv2\/wp\/v2\/tags?post=233608"}],"curies":[{"name":"wp","href":"https:\/\/api.w.org\/{rel}","templated":true}]}}