{"id":233572,"date":"2024-06-03T16:27:48","date_gmt":"2024-06-03T14:27:48","guid":{"rendered":"https:\/\/www.ifun.de\/?p=233572"},"modified":"2024-06-03T16:37:05","modified_gmt":"2024-06-03T14:37:05","slug":"fritzbox-7690-neues-dsl-topmodell-von-avm-startet","status":"publish","type":"post","link":"https:\/\/www.ifun.de\/fritzbox-7690-neues-dsl-topmodell-von-avm-startet-233572\/","title":{"rendered":"FRITZ!Box 7690: Neues DSL-Topmodell von AVM startet"},"content":{"rendered":"<p>Mit der FRITZ!Box 5690 Pro und der <a href=\"https:\/\/avm.de\/produkte\/fritzbox\/fritzbox-7690\/\">FRITZ!Box 7690<\/a> bringt AVM seine neuen Topmodelle f\u00fcr Glasfaser- und DSL-Anschl\u00fcsse in den Handel bringen. Der Berliner Hersteller hat die beiden Ger\u00e4te bereits zu Jahresbeginn angek\u00fcndigt, den Termin f\u00fcr die Markteinf\u00fchrung bislang aber offen gelassen.<\/p>\n<h2>Neues DSL-Modell bereits verf\u00fcgbar<\/h2>\n<p>Die f\u00fcr DSL-Anschl\u00fcsse konzipierte FRITZ!Box 7690 ist bereits bei ersten Vertriebspartnern von AVM, darunter <a href=\"https:\/\/pvn.mediamarkt.de\/trck\/eclick\/fc83c8529e5e66bc3b0281ed4cd5714c\">MediaMarkt<\/a>, zum Preis von 329 Euro verf\u00fcgbar. Das neue Ger\u00e4t unterst\u00fctzt DSL-Geschwindigkeiten mit bis zu 300 MBit\/s und unterst\u00fctzt im Heimnetz drahtlose Verbindungen mit Wi-Fi 7 und darauf basierend drahtlose \u00dcbertragungsraten von bis zu 5.760 MBit\/s.<\/p>\n<p><a href=\"https:\/\/images.ifun.de\/wp-content\/uploads\/2024\/06\/AVM_FRITZBox_7690_vorne_hinten.jpg\"><img loading=\"lazy\" decoding=\"async\" src=\"https:\/\/images.ifun.de\/wp-content\/uploads\/2024\/06\/AVM_FRITZBox_7690_vorne_hinten-700x373.jpg\" alt=\"AVM FRITZBox 7690 Vorne Hinten\" width=\"700\" height=\"373\" class=\"alignnone size-large wp-image-233575\" srcset=\"https:\/\/images.ifun.de\/wp-content\/uploads\/2024\/06\/AVM_FRITZBox_7690_vorne_hinten-700x373.jpg 700w, https:\/\/images.ifun.de\/wp-content\/uploads\/2024\/06\/AVM_FRITZBox_7690_vorne_hinten-500x266.jpg 500w, https:\/\/images.ifun.de\/wp-content\/uploads\/2024\/06\/AVM_FRITZBox_7690_vorne_hinten-768x409.jpg 768w, https:\/\/images.ifun.de\/wp-content\/uploads\/2024\/06\/AVM_FRITZBox_7690_vorne_hinten.jpg 1400w\" sizes=\"auto, (max-width: 700px) 100vw, 700px\" \/><\/a><\/p>\n<p>F\u00fcr Kabelverbindungen stehen r\u00fcckseitig zus\u00e4tzlich zur DSL-Verbindungsbuchse einmal WAN\/LAN mit 2,5 Gigabit sowie drei LAN-Buchsen, eine davon ebenfalls mit 2,5 Gigabit und zwei mit jeweils einem Gigabit zur Verf\u00fcgung. Die FRITZ!Box 7690 fungiert gleichzeitig als Telefonanlage und DECT-Basis f\u00fcr bis zu sechs Schnurlostelefone sowie als Zigbee-Smarthome-Zentrale.<\/p>\n<h2>FRITZ!Box 5690 Pro f\u00fcr Glasfaser kommt demn\u00e4chst<\/h2>\n<p>Im Laufe des aktuellen Monats will AVM zudem noch die FRITZ!Box 5690 Pro auf den Markt bringen. Bei dem mit einer Preisempfehlung von 359 Euro versehenen Ger\u00e4t handelt es sich um das neue leistungsf\u00e4higste FRITZ!Box-Modell f\u00fcr Glasfaseranschl\u00fcsse, das sich zudem auch an DSL-Anschl\u00fcssen verwenden l\u00e4sst und beispielsweise als \u00dcbergangsger\u00e4t in Haushalten genutzt werden kann, die vor einem Wechsel von DSL zu Glasfaser stehen. <\/p>\n<p><a href=\"https:\/\/images.ifun.de\/wp-content\/uploads\/2024\/06\/FRITZBox_5690_Pro.jpg\"><img loading=\"lazy\" decoding=\"async\" src=\"https:\/\/images.ifun.de\/wp-content\/uploads\/2024\/06\/FRITZBox_5690_Pro-700x567.jpg\" alt=\"FRITZBox 5690 Pro\" width=\"700\" height=\"567\" class=\"alignnone size-large wp-image-233576\" srcset=\"https:\/\/images.ifun.de\/wp-content\/uploads\/2024\/06\/FRITZBox_5690_Pro-700x567.jpg 700w, https:\/\/images.ifun.de\/wp-content\/uploads\/2024\/06\/FRITZBox_5690_Pro-500x405.jpg 500w, https:\/\/images.ifun.de\/wp-content\/uploads\/2024\/06\/FRITZBox_5690_Pro-768x622.jpg 768w, https:\/\/images.ifun.de\/wp-content\/uploads\/2024\/06\/FRITZBox_5690_Pro.jpg 1400w\" sizes=\"auto, (max-width: 700px) 100vw, 700px\" \/><\/a><\/p>\n<p>Die Produktseite beim Hersteller l\u00e4sst hier noch auf sich warten. Das neue Ger\u00e4t wurde aber ebenfalls mit Unterst\u00fctzung f\u00fcr den WLAN-Standard Wi-Fi 7 angek\u00fcndigt und soll Glasfaserverbindungen mit Geschwindigkeiten bis zu 2,5 GBit\/s unterst\u00fctzen. <\/p>\n<p>Wie mittlerweile Standard bei den AVM-Ger\u00e4ten, ist auch hier eine DECT-Telefonanlage und ein Smarthome-Router integriert. Die Kompatibilit\u00e4t mit Matter ist AVM zufolge bei beiden neuen Ger\u00e4ten in Vorbereitung.<img loading=\"lazy\" decoding=\"async\" src=\"https:\/\/vg01.met.vgwort.de\/na\/6b95b6729b7743d5a3a51cd295dc7b0e\" width=\"1\" height=\"1\" no-lazy class=\"tracking\"><\/p>\n","protected":false},"excerpt":{"rendered":"<a href=\"https:\/\/www.ifun.de\/fritzbox-7690-neues-dsl-topmodell-von-avm-startet-233572\/\"><img width=\"150\" height=\"150\" src=\"https:\/\/images.ifun.de\/wp-content\/uploads\/2024\/06\/FRITZBox_5690_Pro-150x150.jpg\" class=\"alignright tfe wp-post-image\" alt=\"FRITZBox 5690 Pro\" decoding=\"async\" loading=\"lazy\" \/><\/a><p>Mit der FRITZ!Box 5690 Pro und der FRITZ!Box 7690 bringt AVM seine neuen Topmodelle f\u00fcr Glasfaser- und DSL-Anschl\u00fcsse in den Handel bringen. Der Berliner Hersteller hat die beiden Ger\u00e4te bereits zu Jahresbeginn angek\u00fcndigt, den Termin f\u00fcr die Markteinf\u00fchrung bislang aber offen gelassen. Neues DSL-Modell bereits verf\u00fcgbar Die f\u00fcr DSL-Anschl\u00fcsse konzipierte FRITZ!Box 7690 ist bereits bei [&hellip;]<\/p>\n","protected":false},"author":2,"featured_media":233576,"comment_status":"open","ping_status":"closed","sticky":false,"template":"","format":"standard","meta":{"_acf_changed":false,"footnotes":""},"categories":[1],"tags":[1654,1380],"class_list":["post-233572","post","type-post","status-publish","format-standard","has-post-thumbnail","hentry","category-news","tag-avm","tag-fritzbox"],"acf":[],"aioseo_notices":[],"featured_image":["https:\/\/images.ifun.de\/wp-content\/uploads\/2024\/06\/AVM_FRITZBox_7690_feature.jpg"],"subheadline":["FRITZ!Box 5690 Pro f\u00fcr Glasfaser folgt"],"rest_api_enabler":{"featured_image":"https:\/\/images.ifun.de\/wp-content\/uploads\/2024\/06\/AVM_FRITZBox_7690_feature.jpg","subheadline":"FRITZ!Box 5690 Pro f\u00fcr Glasfaser folgt"},"_links":{"self":[{"href":"https:\/\/www.ifun.de\/apiv2\/wp\/v2\/posts\/233572","targetHints":{"allow":["GET"]}}],"collection":[{"href":"https:\/\/www.ifun.de\/apiv2\/wp\/v2\/posts"}],"about":[{"href":"https:\/\/www.ifun.de\/apiv2\/wp\/v2\/types\/post"}],"author":[{"embeddable":true,"href":"https:\/\/www.ifun.de\/apiv2\/wp\/v2\/users\/2"}],"replies":[{"embeddable":true,"href":"https:\/\/www.ifun.de\/apiv2\/wp\/v2\/comments?post=233572"}],"version-history":[{"count":3,"href":"https:\/\/www.ifun.de\/apiv2\/wp\/v2\/posts\/233572\/revisions"}],"predecessor-version":[{"id":233580,"href":"https:\/\/www.ifun.de\/apiv2\/wp\/v2\/posts\/233572\/revisions\/233580"}],"wp:featuredmedia":[{"embeddable":true,"href":"https:\/\/www.ifun.de\/apiv2\/wp\/v2\/media\/233576"}],"wp:attachment":[{"href":"https:\/\/www.ifun.de\/apiv2\/wp\/v2\/media?parent=233572"}],"wp:term":[{"taxonomy":"category","embeddable":true,"href":"https:\/\/www.ifun.de\/apiv2\/wp\/v2\/categories?post=233572"},{"taxonomy":"post_tag","embeddable":true,"href":"https:\/\/www.ifun.de\/apiv2\/wp\/v2\/tags?post=233572"}],"curies":[{"name":"wp","href":"https:\/\/api.w.org\/{rel}","templated":true}]}}