{"id":233276,"date":"2024-05-29T11:22:05","date_gmt":"2024-05-29T09:22:05","guid":{"rendered":"https:\/\/www.ifun.de\/?p=233276"},"modified":"2024-05-29T11:22:05","modified_gmt":"2024-05-29T09:22:05","slug":"timelime-erfasst-projektzeiten-auf-mac-und-iphone","status":"publish","type":"post","link":"https:\/\/www.ifun.de\/timelime-erfasst-projektzeiten-auf-mac-und-iphone-233276\/","title":{"rendered":"Timelime erfasst Projektzeiten auf Mac und iPhone"},"content":{"rendered":"<p>Mit <a href=\"https:\/\/timelimeapp.com\/\">Timelime<\/a> hat der Entwickler Niko Kramer eine f\u00fcr den Mac und das iPhone erh\u00e4ltliche App zur Zeiterfassung im Programm. Die Anwendung ist eben in Version 2.0 erschienen, auf dem Mac sorgt das Update f\u00fcr Verbesserungen bei der Men\u00fcleisten-Integration und auf dem iPhone lassen sich laufende Timer jetzt auch als Live-Aktivit\u00e4t anzeigen. Die mit der <a href=\"https:\/\/apps.apple.com\/de\/app\/timelime-zeiterfassung\/id980196807\">iPhone-Version<\/a> der App erfassten Arbeitszeiten k\u00f6nnen \u00fcber iCloud, Dropbox oder einen WebDAV-Server mit dem Mac synchronisiert werden.<\/p>\n<p><a href=\"https:\/\/images.ifun.de\/wp-content\/uploads\/2024\/05\/timelime-app-mac.jpg\"><img loading=\"lazy\" decoding=\"async\" src=\"https:\/\/images.ifun.de\/wp-content\/uploads\/2024\/05\/timelime-app-mac-500x269.jpg\" alt=\"Timelime App Mac\" width=\"500\" height=\"269\" class=\"alignnone size-medium wp-image-233280\" srcset=\"https:\/\/images.ifun.de\/wp-content\/uploads\/2024\/05\/timelime-app-mac-500x269.jpg 500w, https:\/\/images.ifun.de\/wp-content\/uploads\/2024\/05\/timelime-app-mac-700x377.jpg 700w, https:\/\/images.ifun.de\/wp-content\/uploads\/2024\/05\/timelime-app-mac-768x413.jpg 768w, https:\/\/images.ifun.de\/wp-content\/uploads\/2024\/05\/timelime-app-mac.jpg 1293w\" sizes=\"auto, (max-width: 500px) 100vw, 500px\" \/><\/a><\/p>\n<p>Timelime hat den Anspruch, eine m\u00f6glichst einfache Option zur Erfassung von Arbeits- und Projektzeiten zu bieten, gleicherma\u00dfen aber umfassende und detaillierte Auswertungen bereitzuhalten. Die Anwendung richtet sich nicht nur an selbst\u00e4ndige, sondern auch an Studenten oder Menschen die von Voll- oder Teilzeit im Home-Office arbeiten. \u00dcber das Hauptfenster der App lassen sich unterschiedliche Projekte verwalten, diesen man dann minutengenau erfasste Arbeitszeiten zuordnen kann.<\/p>\n<p><a href=\"https:\/\/images.ifun.de\/wp-content\/uploads\/2024\/05\/timelime-app-mac-2.jpg\"><img loading=\"lazy\" decoding=\"async\" src=\"https:\/\/images.ifun.de\/wp-content\/uploads\/2024\/05\/timelime-app-mac-2-700x374.jpg\" alt=\"Timelime App Mac 2\" width=\"700\" height=\"374\" class=\"alignnone size-large wp-image-233282\" srcset=\"https:\/\/images.ifun.de\/wp-content\/uploads\/2024\/05\/timelime-app-mac-2-700x374.jpg 700w, https:\/\/images.ifun.de\/wp-content\/uploads\/2024\/05\/timelime-app-mac-2-500x267.jpg 500w, https:\/\/images.ifun.de\/wp-content\/uploads\/2024\/05\/timelime-app-mac-2-768x411.jpg 768w, https:\/\/images.ifun.de\/wp-content\/uploads\/2024\/05\/timelime-app-mac-2-1536x821.jpg 1536w, https:\/\/images.ifun.de\/wp-content\/uploads\/2024\/05\/timelime-app-mac-2.jpg 1728w\" sizes=\"auto, (max-width: 700px) 100vw, 700px\" \/><\/a><\/p>\n<p>Das Starten und Stoppen der Zeiterfassung erfolgt am Mac ebenso wie die Zuordnung der jeweils aktiven Periode schnell und unkompliziert \u00fcber die Men\u00fcleiste. Wenn es an die Auswertung oder auch Abrechnung geht, kann man dann \u00fcber das Hauptfenster der App die Gesamtzeiten und ebenso grafische Darstellungen in Form von verschiedenen Diagrammtypen abrufen. Timelime bietet hier zudem die M\u00f6glichkeit, erfasste Aufgaben und Zeiten im Tabellenformat oder die Statistiken auch als Grafik zu exportieren. F\u00fcr eine erweiterte Automatisierung l\u00e4sst sich die App auch in Verbindung mit Apple-Kurzbefehlen verwenden.<\/p>\n<p><a href=\"https:\/\/images.ifun.de\/wp-content\/uploads\/2024\/05\/timelime-app-mac-3.jpg\"><img loading=\"lazy\" decoding=\"async\" src=\"https:\/\/images.ifun.de\/wp-content\/uploads\/2024\/05\/timelime-app-mac-3-700x374.jpg\" alt=\"Timelime App Mac 3\" width=\"700\" height=\"374\" class=\"alignnone size-large wp-image-233281\" srcset=\"https:\/\/images.ifun.de\/wp-content\/uploads\/2024\/05\/timelime-app-mac-3-700x374.jpg 700w, https:\/\/images.ifun.de\/wp-content\/uploads\/2024\/05\/timelime-app-mac-3-500x267.jpg 500w, https:\/\/images.ifun.de\/wp-content\/uploads\/2024\/05\/timelime-app-mac-3-768x411.jpg 768w, https:\/\/images.ifun.de\/wp-content\/uploads\/2024\/05\/timelime-app-mac-3-1536x821.jpg 1536w, https:\/\/images.ifun.de\/wp-content\/uploads\/2024\/05\/timelime-app-mac-3.jpg 1728w\" sizes=\"auto, (max-width: 700px) 100vw, 700px\" \/><\/a><\/p>\n<h2>Testversion l\u00e4uft 14 Tage<\/h2>\n<p>Wer Timelime ausprobieren will, darf sich allerdings nicht daran st\u00f6ren, dass die App ausschlie\u00dflich in englischer Sprache verf\u00fcgbar ist. Ansonsten kann man das Angebot auf dem Mac zwei Wochen lang unverbindlich testen, die iPhone-Version wird ohnehin kostenlos angeboten. Bei Gefallen lasst sich Timelime f\u00fcr den Mac zum Preis von 34,99 Euro dauerhaft als Vollversion freischalten.<\/p>\n<p><a href=\"https:\/\/images.ifun.de\/wp-content\/uploads\/2024\/05\/timelime-kauf.jpg\"><img loading=\"lazy\" decoding=\"async\" src=\"https:\/\/images.ifun.de\/wp-content\/uploads\/2024\/05\/timelime-kauf-700x553.jpg\" alt=\"Timelime Kauf\" width=\"700\" height=\"553\" class=\"alignnone size-large wp-image-233278\" srcset=\"https:\/\/images.ifun.de\/wp-content\/uploads\/2024\/05\/timelime-kauf-700x553.jpg 700w, https:\/\/images.ifun.de\/wp-content\/uploads\/2024\/05\/timelime-kauf-500x395.jpg 500w, https:\/\/images.ifun.de\/wp-content\/uploads\/2024\/05\/timelime-kauf-768x607.jpg 768w, https:\/\/images.ifun.de\/wp-content\/uploads\/2024\/05\/timelime-kauf.jpg 960w\" sizes=\"auto, (max-width: 700px) 100vw, 700px\" \/><\/a><\/p>\n<p>Ein Hinweis noch zur Demo-Variante. Ihr m\u00fcsst zun\u00e4chst die Premium-Option w\u00e4hlen, um das obige Auswahlfeld f\u00fcr die 14-Tage-Demo angezeigt zu bekommen. Falls sich die Anwendung nach dem Download nicht starten l\u00e4sst, probiert es mal, indem ihr die Option f\u00fcr das Bef\u00fcllen mit Demo-Daten auf dem letzten Start-Bildschirm deaktiviert. Bei uns hat dies zu Problemen gef\u00fchrt und der Entwickler ist gerade dabei, hier einen etwaigen Fehler zu korrigieren.<img loading=\"lazy\" decoding=\"async\" src=\"https:\/\/vg01.met.vgwort.de\/na\/e91bee542ff049d0b11f51cccc899f11\" width=\"1\" height=\"1\" no-lazy class=\"tracking\"><\/p>\n<!-- WP-Appbox (Version: 4.5.12 \/\/ Store: appstore \/\/ ID: 589698946) -->\t<!-- app-link -->\n\t<div id=\"article-single-app-preview\">\n\t\t<div id=\"article-single-app-preview-header\">\n\t\t\t<span class=\"title\">Laden im App Store<\/span>\n\t\t<\/div>\n\t\t<div id=\"article-single-app-preview-content\">\n\t\t\t<div id=\"article-single-app-preview-img\"><img loading=\"lazy\" decoding=\"async\" src=\"\/\/is1-ssl.mzstatic.com\/image\/thumb\/Purple221\/v4\/8e\/01\/38\/8e0138c8-1f3f-546e-fad9-b897df05c0e2\/AppIconTimelime-0-0-85-220-0-0-5-0-2x.png\/200x200ib-75.png\" alt=\"Timelime - Time Tracking\"  height=\"72\" width=\"72\" class=\"asl-icon-img\" \/><\/div>\n\t\t\t<div id=\"article-single-app-preview-desc\">\n\t\t\t\t<span class=\"name\">Timelime - Time Tracking<\/span><br \/>\n\t\t\t\t<span class=\"seller\">Entwickler: <a target=\"_blank\" rel=\"nofollow\" href=\"https:\/\/apps.apple.com\/de\/developer\/niko-kramer\/id589698989\">Niko Kramer<\/a><\/span>\n\t\t\t<\/div>\n\t\t\t<a target=\"_blank\" rel=\"nofollow\" href=\"https:\/\/apps.apple.com\/de\/app\/timelime-time-tracking\/id589698946?mt=12\"><div id=\"article-single-app-preview-download\">Preis: Kostenlos<sup>+<\/sup><br \/>\n\t\t\t<span class=\"size\">Laden<\/span><\/div><\/a>\n\t\t<\/div>\n\t\t<!-- <div id=\"article-single-app-preview-footer\"><\/div>\t-->\n\t<\/div>\n\t<!-- app-link\/ende --><!-- \/WP-Appbox -->\n","protected":false},"excerpt":{"rendered":"<a href=\"https:\/\/www.ifun.de\/timelime-erfasst-projektzeiten-auf-mac-und-iphone-233276\/\"><img width=\"150\" height=\"150\" src=\"https:\/\/images.ifun.de\/wp-content\/uploads\/2024\/05\/timelime-app-mac-3-150x150.jpg\" class=\"alignright tfe wp-post-image\" alt=\"Timelime App Mac 3\" decoding=\"async\" loading=\"lazy\" \/><\/a><p>Mit Timelime hat der Entwickler Niko Kramer eine f\u00fcr den Mac und das iPhone erh\u00e4ltliche App zur Zeiterfassung im Programm. Die Anwendung ist eben in Version 2.0 erschienen, auf dem Mac sorgt das Update f\u00fcr Verbesserungen bei der Men\u00fcleisten-Integration und auf dem iPhone lassen sich laufende Timer jetzt auch als Live-Aktivit\u00e4t anzeigen. Die mit der [&hellip;]<\/p>\n","protected":false},"author":2,"featured_media":233281,"comment_status":"open","ping_status":"closed","sticky":false,"template":"","format":"standard","meta":{"_acf_changed":false,"footnotes":""},"categories":[5],"tags":[4737,6321,6511],"class_list":["post-233276","post","type-post","status-publish","format-standard","has-post-thumbnail","hentry","category-apps","tag-apps","tag-mac","tag-timelime"],"acf":[],"aioseo_notices":[],"featured_image":["https:\/\/images.ifun.de\/wp-content\/uploads\/2024\/05\/timelime-app-feature.jpg"],"subheadline":["Vollversion l\u00e4sst sich 14 Tage testen"],"rest_api_enabler":{"featured_image":"https:\/\/images.ifun.de\/wp-content\/uploads\/2024\/05\/timelime-app-feature.jpg","subheadline":"Vollversion l\u00e4sst sich 14 Tage testen"},"_links":{"self":[{"href":"https:\/\/www.ifun.de\/apiv2\/wp\/v2\/posts\/233276","targetHints":{"allow":["GET"]}}],"collection":[{"href":"https:\/\/www.ifun.de\/apiv2\/wp\/v2\/posts"}],"about":[{"href":"https:\/\/www.ifun.de\/apiv2\/wp\/v2\/types\/post"}],"author":[{"embeddable":true,"href":"https:\/\/www.ifun.de\/apiv2\/wp\/v2\/users\/2"}],"replies":[{"embeddable":true,"href":"https:\/\/www.ifun.de\/apiv2\/wp\/v2\/comments?post=233276"}],"version-history":[{"count":5,"href":"https:\/\/www.ifun.de\/apiv2\/wp\/v2\/posts\/233276\/revisions"}],"predecessor-version":[{"id":233287,"href":"https:\/\/www.ifun.de\/apiv2\/wp\/v2\/posts\/233276\/revisions\/233287"}],"wp:featuredmedia":[{"embeddable":true,"href":"https:\/\/www.ifun.de\/apiv2\/wp\/v2\/media\/233281"}],"wp:attachment":[{"href":"https:\/\/www.ifun.de\/apiv2\/wp\/v2\/media?parent=233276"}],"wp:term":[{"taxonomy":"category","embeddable":true,"href":"https:\/\/www.ifun.de\/apiv2\/wp\/v2\/categories?post=233276"},{"taxonomy":"post_tag","embeddable":true,"href":"https:\/\/www.ifun.de\/apiv2\/wp\/v2\/tags?post=233276"}],"curies":[{"name":"wp","href":"https:\/\/api.w.org\/{rel}","templated":true}]}}