{"id":233162,"date":"2024-05-27T16:53:02","date_gmt":"2024-05-27T14:53:02","guid":{"rendered":"https:\/\/www.ifun.de\/?p=233162"},"modified":"2024-05-27T16:57:47","modified_gmt":"2024-05-27T14:57:47","slug":"apple-days-bei-amazon-airpods-pro-2-zum-tiefstpreis","status":"publish","type":"post","link":"https:\/\/www.ifun.de\/apple-days-bei-amazon-airpods-pro-2-zum-tiefstpreis-233162\/","title":{"rendered":"Apple Days bei Amazon: AirPods Pro 2 zum Tiefstpreis"},"content":{"rendered":"<p class=\"p1\">Der Online-H\u00e4ndler Amazon hat zahlreiche seiner Anwender per Push-Mitteilung \u00fcber den Auftakt der sogenannten <a rel=\"noindex, nofollow\" href=\"https:\/\/www.amazon.de\/stores\/page\/1198FBB7-D3D9-46BE-A669-9E302CF2771B?ingress=0&amp;visitId=eb257e83-f300-4dbf-b9e9-3818f09cd7dc&amp;linkCode=ll2&amp;tag=musicweb02&amp;linkId=4533e7dceb2e006f2e8360e3fc74c60a&amp;language=de_DE&amp;ref_=as_li_ss_tl\">Apple Days informiert<\/a> und macht auf das Vorhandensein zahlreicher Sonderangebote auf Apple-Produkte im offiziellen Apple Brandstore auf amazon.de aufmerksam &#8211; vielen Dank f\u00fcr eure Hinweise diesbez\u00fcglich!<\/p>\n<p><a rel=\"noindex, nofollow\" href=\"https:\/\/www.amazon.de\/stores\/page\/1198FBB7-D3D9-46BE-A669-9E302CF2771B?ingress=0&amp;visitId=eb257e83-f300-4dbf-b9e9-3818f09cd7dc&amp;linkCode=ll2&amp;tag=musicweb02&amp;linkId=4533e7dceb2e006f2e8360e3fc74c60a&amp;language=de_DE&amp;ref_=as_li_ss_tl\"><img loading=\"lazy\" decoding=\"async\" class=\"aligncenter wp-image-233164 size-medium\" src=\"https:\/\/images.ifun.de\/wp-content\/uploads\/2024\/05\/apple-days-screen-500x492.png\" alt=\"Apple Days Screen\" width=\"500\" height=\"492\" srcset=\"https:\/\/images.ifun.de\/wp-content\/uploads\/2024\/05\/apple-days-screen-500x492.png 500w, https:\/\/images.ifun.de\/wp-content\/uploads\/2024\/05\/apple-days-screen-700x689.png 700w, https:\/\/images.ifun.de\/wp-content\/uploads\/2024\/05\/apple-days-screen-768x756.png 768w, https:\/\/images.ifun.de\/wp-content\/uploads\/2024\/05\/apple-days-screen-1536x1513.png 1536w, https:\/\/images.ifun.de\/wp-content\/uploads\/2024\/05\/apple-days-screen-2048x2017.png 2048w\" sizes=\"auto, (max-width: 500px) 100vw, 500px\" \/><\/a><\/p>\n<h2 class=\"p1\">AirPods Pro 2 zum Tiefstpreis<\/h2>\n<p class=\"p1\">Unter anderem werden <a rel=\"noindex, nofollow\" href=\"http:\/\/www.ifun.de\/amzn\/B0CHWZ9TZS\">die aktuellen AirPods Pro<\/a> der zweiten Generation derzeit f\u00fcr nur noch 233 Euro verkauft. Dies ist der bisherige Tiefpreis, den man f\u00fcr drahtlose Ohrh\u00f6rer mit USB-C-Ladecase bislang auf Amazon bezahlt hat.<\/p>\n<p class=\"p1\">Hin und wieder lassen sich im freien Handel zwar Angebote ausfindig machen, die dieses Limit noch leicht unterbieten &#8211; wie erst k\u00fcrzlich die Deutsche Telekom &#8211; h\u00e4ufig handelt es sich dabei jedoch um Angebote mit stark begrenzten St\u00fcckzahlen.<\/p>\n<script>\r\n  function open_amazon(link) {\r\n    if (navigator.userAgent.indexOf(\"Firefox\") != -1) {\r\n      window.open(link, '_blank');\r\n    } else {\r\n      var tag = document.createElement('a');\r\n      tag.setAttribute('href', link);\r\n      tag.innerHTML = \"amzn\";\r\n      tag.click();\r\n    }\r\n  }\r\n<\/script>\r\n    <div id=\"article-single-amazon-preview\" onclick=\"return open_amazon('https:\/\/www.amazon.de\/dp\/B0CHWZ9TZS?tag=musicweb02&linkCode=ogi&th=1&psc=1');\">\n  <div id=\"article-single-amazon-preview-header\">\n    <span class=\"title\">Produkthinweis<\/span>\n      <\/div>\n  <div id=\"article-single-amazon-preview-content\">\n    <div id=\"article-single-amazon-preview-img\" style=\"background: url('https:\/\/m.media-amazon.com\/images\/I\/21UDK8TN52L.jpg') center center no-repeat; background-size: cover;\"><\/div>\n    <div id=\"article-single-amazon-preview-desc\">\n      <span class=\"bezeichnung\"><a href=\"https:\/\/www.amazon.de\/dp\/B0CHWZ9TZS?tag=musicweb02&linkCode=ogi&th=1&psc=1\" style=\"text-decoration: none; border-bottom: 0px; box-shadow: none;\">Apple AirPods Pro 2 Kabellose In\u2011Ear Kopfh\u00f6rer, Bluetooth Kopfh\u00f6rer, Aktive Ger\u00e4uschunterdr\u00fcckung...<\/a><\/span>\n      <span class=\"preis--aktuell\">233,00EUR<\/span>\n      <span class=\"preis--alt\"><\/span>\n    <\/div>\n  <\/div>\n<\/div>\n<h2 class=\"p1\">Apple Watch, Apple Pencil, Magic Keyboard<\/h2>\n<p class=\"p1\">Ebenfalls reduziert werden unterschiedliche Varianten des Apple Pencil angeboten. Zwischen 6 und 26 Prozent g\u00fcnstiger sind hier sowohl der Apple Pencil der ersten Generation, der Apple Pencil der zweiten Generation und die USB-C-Variante des Apple Pencil. Der ganz neue Apple Pencil Pro ist nicht im Preis reduziert:<\/p>\n<ul>\n<li><strong>Apple Pencil (1. Generation):<\/strong> <a rel=\"noindex, nofollow\" href=\"http:\/\/www.ifun.de\/amzn\/B0BJM63GQK\">98,90 statt 119 Euro<\/a><\/li>\n<li><strong>Apple Pencil (2. Generation):<\/strong> <a rel=\"noindex, nofollow\" href=\"http:\/\/www.ifun.de\/amzn\/B07K2PK3BV\">110 statt 149 Euro<\/a><\/li>\n<li><strong>Apple Pencil (USB-C):<\/strong> <a rel=\"noindex, nofollow\" href=\"http:\/\/www.ifun.de\/amzn\/B0CL7DZXB2\">84 statt 89 Euro<\/a><\/li>\n<\/ul>\n<p><a href=\"https:\/\/images.ifun.de\/wp-content\/uploads\/2024\/05\/apple-pencil-features-mai-2024.jpg\"><img loading=\"lazy\" decoding=\"async\" class=\"aligncenter size-full wp-image-232547\" src=\"https:\/\/images.ifun.de\/wp-content\/uploads\/2024\/05\/apple-pencil-features-mai-2024.jpg\" alt=\"Apple Pencil Features Mai 2024\" width=\"1400\" height=\"2185\" srcset=\"https:\/\/images.ifun.de\/wp-content\/uploads\/2024\/05\/apple-pencil-features-mai-2024.jpg 1400w, https:\/\/images.ifun.de\/wp-content\/uploads\/2024\/05\/apple-pencil-features-mai-2024-320x500.jpg 320w, https:\/\/images.ifun.de\/wp-content\/uploads\/2024\/05\/apple-pencil-features-mai-2024-449x700.jpg 449w, https:\/\/images.ifun.de\/wp-content\/uploads\/2024\/05\/apple-pencil-features-mai-2024-768x1199.jpg 768w, https:\/\/images.ifun.de\/wp-content\/uploads\/2024\/05\/apple-pencil-features-mai-2024-984x1536.jpg 984w, https:\/\/images.ifun.de\/wp-content\/uploads\/2024\/05\/apple-pencil-features-mai-2024-1312x2048.jpg 1312w\" sizes=\"auto, (max-width: 1400px) 100vw, 1400px\" \/><\/a><\/p>\n<p class=\"p1\">Was Eingabeger\u00e4te angeht, gibt es eine Reduzierung auch f\u00fcr das <a rel=\"noindex, nofollow\" href=\"http:\/\/www.ifun.de\/amzn\/B0BJLBCJX4\">Apple Magic Keyboard Folio<\/a> f\u00fcr das regul\u00e4re iPad der 10. Generation. Diese ist aktuell f\u00fcr 269 Euro statt 299 Euro zu haben.<\/p>\n<p class=\"p1\">Apples Magic Keyboard wird auch f\u00fcr unterschiedliche Modellvarianten des iPad Pro reduziert angeboten, allerdings mit einem sehr mageren Preisnachlass von jeweils nur drei Prozent.<\/p>\n<h2>Apple Watch Series 9 ab 399 Euro<\/h2>\n<p>Neben AirPods und Apple Pencil werden im <a rel=\"noindex, nofollow\" href=\"https:\/\/www.amazon.de\/stores\/page\/1198FBB7-D3D9-46BE-A669-9E302CF2771B?ingress=0&amp;visitId=eb257e83-f300-4dbf-b9e9-3818f09cd7dc&amp;linkCode=ll2&amp;tag=musicweb02&amp;linkId=4533e7dceb2e006f2e8360e3fc74c60a&amp;language=de_DE&amp;ref_=as_li_ss_tl\">Rahmen der Apple Days<\/a> auch zahlreiche Modelle der Apple Watch mit Preisnachl\u00e4ssen angeboten, die \u00fcber den regul\u00e4ren Rabatten liegen. Das 41-Millimeter-Modell der Apple Watch Series 9 mit Sportarmband ist etwa f\u00fcr 399 Euro zu haben.<\/p>\n<script>\r\n  function open_amazon(link) {\r\n    if (navigator.userAgent.indexOf(\"Firefox\") != -1) {\r\n      window.open(link, '_blank');\r\n    } else {\r\n      var tag = document.createElement('a');\r\n      tag.setAttribute('href', link);\r\n      tag.innerHTML = \"amzn\";\r\n      tag.click();\r\n    }\r\n  }\r\n<\/script>\r\n    <div id=\"article-single-amazon-preview\" onclick=\"return open_amazon('https:\/\/www.amazon.de\/dp\/B0CHWZ6ZGF?tag=musicweb02&linkCode=ogi&th=1&psc=1');\">\n  <div id=\"article-single-amazon-preview-header\">\n    <span class=\"title\">Produkthinweis<\/span>\n      <\/div>\n  <div id=\"article-single-amazon-preview-content\">\n    <div id=\"article-single-amazon-preview-img\" style=\"background: url('https:\/\/m.media-amazon.com\/images\/I\/41hnzKnTZlL.jpg') center center no-repeat; background-size: cover;\"><\/div>\n    <div id=\"article-single-amazon-preview-desc\">\n      <span class=\"bezeichnung\"><a href=\"https:\/\/www.amazon.de\/dp\/B0CHWZ6ZGF?tag=musicweb02&linkCode=ogi&th=1&psc=1\" style=\"text-decoration: none; border-bottom: 0px; box-shadow: none;\">Apple Watch Series 9 (GPS, 41 mm) Smartwatch mit Aluminiumgeh\u00e4use und Sportarmband M\/L in Mitternacht. Fitnesstracker...<\/a><\/span>\n      <span class=\"preis--aktuell\"><\/span>\n      <span class=\"preis--alt\"><\/span>\n    <\/div>\n  <\/div>\n<\/div>\n<p class=\"p1\">Amazon hat alle Angebote der Apple Days <a rel=\"noindex, nofollow\" href=\"https:\/\/www.amazon.de\/stores\/page\/1198FBB7-D3D9-46BE-A669-9E302CF2771B?ingress=0&amp;visitId=eb257e83-f300-4dbf-b9e9-3818f09cd7dc&amp;linkCode=ll2&amp;tag=musicweb02&amp;linkId=4533e7dceb2e006f2e8360e3fc74c60a&amp;language=de_DE&amp;ref_=as_li_ss_tl\">auf dieser Sonderseite<\/a> zusammengestellt.<\/p>\n<p><img loading=\"lazy\" decoding=\"async\" src=\"https:\/\/vg05.met.vgwort.de\/na\/d9c3b248832141b98ce59486f27082bb\" width=\"1\" height=\"1\" no-lazy class=\"tracking\"><\/p>\n","protected":false},"excerpt":{"rendered":"<a href=\"https:\/\/www.ifun.de\/apple-days-bei-amazon-airpods-pro-2-zum-tiefstpreis-233162\/\"><img width=\"150\" height=\"150\" src=\"https:\/\/images.ifun.de\/wp-content\/uploads\/2024\/05\/apple-days-screen-150x150.png\" class=\"alignright tfe wp-post-image\" alt=\"Apple Days Screen\" decoding=\"async\" loading=\"lazy\" \/><\/a><p>Der Online-H\u00e4ndler Amazon hat zahlreiche seiner Anwender per Push-Mitteilung \u00fcber den Auftakt der sogenannten Apple Days informiert und macht auf das Vorhandensein zahlreicher Sonderangebote auf Apple-Produkte im offiziellen Apple Brandstore auf amazon.de aufmerksam &#8211; vielen Dank f\u00fcr eure Hinweise diesbez\u00fcglich! AirPods Pro 2 zum Tiefstpreis Unter anderem werden die aktuellen AirPods Pro der zweiten Generation [&hellip;]<\/p>\n","protected":false},"author":1,"featured_media":233164,"comment_status":"open","ping_status":"closed","sticky":false,"template":"","format":"standard","meta":{"_acf_changed":false,"footnotes":""},"categories":[1],"tags":[53,4736,40],"class_list":["post-233162","post","type-post","status-publish","format-standard","has-post-thumbnail","hentry","category-news","tag-amazon","tag-apple","tag-sparen"],"acf":[],"aioseo_notices":[],"featured_image":["https:\/\/images.ifun.de\/wp-content\/uploads\/2024\/05\/apple-days-amazon-feature.jpg"],"subheadline":["Mit Apple Pencil, Apple Watch und Magic Keyboard"],"rest_api_enabler":{"featured_image":"https:\/\/images.ifun.de\/wp-content\/uploads\/2024\/05\/apple-days-amazon-feature.jpg","subheadline":"Mit Apple Pencil, Apple Watch und Magic Keyboard"},"_links":{"self":[{"href":"https:\/\/www.ifun.de\/apiv2\/wp\/v2\/posts\/233162","targetHints":{"allow":["GET"]}}],"collection":[{"href":"https:\/\/www.ifun.de\/apiv2\/wp\/v2\/posts"}],"about":[{"href":"https:\/\/www.ifun.de\/apiv2\/wp\/v2\/types\/post"}],"author":[{"embeddable":true,"href":"https:\/\/www.ifun.de\/apiv2\/wp\/v2\/users\/1"}],"replies":[{"embeddable":true,"href":"https:\/\/www.ifun.de\/apiv2\/wp\/v2\/comments?post=233162"}],"version-history":[{"count":3,"href":"https:\/\/www.ifun.de\/apiv2\/wp\/v2\/posts\/233162\/revisions"}],"predecessor-version":[{"id":233171,"href":"https:\/\/www.ifun.de\/apiv2\/wp\/v2\/posts\/233162\/revisions\/233171"}],"wp:featuredmedia":[{"embeddable":true,"href":"https:\/\/www.ifun.de\/apiv2\/wp\/v2\/media\/233164"}],"wp:attachment":[{"href":"https:\/\/www.ifun.de\/apiv2\/wp\/v2\/media?parent=233162"}],"wp:term":[{"taxonomy":"category","embeddable":true,"href":"https:\/\/www.ifun.de\/apiv2\/wp\/v2\/categories?post=233162"},{"taxonomy":"post_tag","embeddable":true,"href":"https:\/\/www.ifun.de\/apiv2\/wp\/v2\/tags?post=233162"}],"curies":[{"name":"wp","href":"https:\/\/api.w.org\/{rel}","templated":true}]}}