{"id":233109,"date":"2024-05-27T08:00:23","date_gmt":"2024-05-27T06:00:23","guid":{"rendered":"https:\/\/www.ifun.de\/?p=233109"},"modified":"2024-06-04T05:39:26","modified_gmt":"2024-06-04T03:39:26","slug":"blick-ins-innere-das-ipad-air-das-nicht-mehr-air-heissen-duerfte","status":"publish","type":"post","link":"https:\/\/www.ifun.de\/blick-ins-innere-das-ipad-air-das-nicht-mehr-air-heissen-duerfte-233109\/","title":{"rendered":"Blick ins Innere: Das iPad Air, das nicht mehr &#8222;Air&#8220; hei\u00dfen d\u00fcrfte"},"content":{"rendered":"<p>Einen ersten Blick konnten wir ja bereits <a href=\"https:\/\/www.ifun.de\/apples-neues-ipad-pro-von-innen-ein-durchdachtes-puzzle-system-232789\/\" title=\"Apples neues iPad Pro von innen: Ein durchdachtes Puzzle-System\">vor zehn Tagen<\/a> ins Innere des neuen iPad Pro werfen. Inzwischen haben sich auch die Reparaturspezialisten von ifixit mit den seit zwei Wochen erh\u00e4ltlichen neuen iPad-Modellen besch\u00e4ftigt und separate Videos zum iPad Pro und iPad Air ver\u00f6ffentlicht.<\/p>\n<p>Auch wenn die wenigsten von uns jemals in die Verlegenheit kommen, ein iPad in seien Einzelteile zu zerlegen, die mithilfe der Videos m\u00f6glichen Blicke \u201eunter die Haube\u201c sind sind nicht nur interessant, sondern vermitteln auch ein Gef\u00fchl f\u00fcr die besondere \u00c4sthetik der fein s\u00e4uberlich und exakt ausgeloteten Komponenten im Inneren der Ger\u00e4te.<\/p>\n<p><div class=\"responsive-video\"><iframe loading=\"lazy\" title=\"iPad Air 13 inch Teardown - T-AIR-able or Rep-AIR-able?\" width=\"500\" height=\"281\" src=\"https:\/\/www.youtube-nocookie.com\/embed\/rJojWO2mE8Q?feature=oembed\" frameborder=\"0\" allow=\"accelerometer; autoplay; clipboard-write; encrypted-media; gyroscope; picture-in-picture; web-share\" referrerpolicy=\"strict-origin-when-cross-origin\" allowfullscreen><\/iframe><\/div><\/p>\n<p><div class=\"responsive-video\"><iframe loading=\"lazy\" title=\"iPad Pro 13&quot; Teardown and  Apple Pencil Pro Destruction\" width=\"500\" height=\"281\" src=\"https:\/\/www.youtube-nocookie.com\/embed\/V8oN2CjJeoE?feature=oembed\" frameborder=\"0\" allow=\"accelerometer; autoplay; clipboard-write; encrypted-media; gyroscope; picture-in-picture; web-share\" referrerpolicy=\"strict-origin-when-cross-origin\" allowfullscreen><\/iframe><\/div><\/p>\n<h2>\u201eAir\u201c ist nicht mehr wof\u00fcr der Name steht<\/h2>\n<p>Das Thema \u201ePlatz sparen\u201c scheint aber zumindest beim iPad Air ein wenig in den Hintergrund zu treten. Wir haben bereits nach der Vorstellung der neuen Ger\u00e4te <a href=\"https:\/\/www.ifun.de\/ipad-nachtrag-dicke-preissenkung-und-schweres-ipad-air-232298\/\" title=\"iPad-Nachtrag: Dicke Preissenkung und \u201eschweres\u201c iPad Air\">angemerkt<\/a>, dass es etwas kontrovers anmutet, wenn das iPad Pro in diesem Jahr erstmals leichter und d\u00fcnner ist, als das bislang f\u00fcr diese Charakteristik bekannte iPad Air.<\/p>\n<p>Apple hat seine \u201eAir\u201c-Produktlinie im Jahr 2008 mit dem ersten MacBook Air ins Leben gerufen. Der Namenszusatz stand f\u00fcr die extrem d\u00fcnne Bauweise und das geringe Gewicht des Computers. Bei der Pr\u00e4sentation zog der damals noch amtierende Apple-Chef Steve Jobs das Ger\u00e4t aus einer Dokumentenh\u00fclle.<\/p>\n<p><a href=\"https:\/\/images.ifun.de\/wp-content\/uploads\/2024\/05\/jobs-macbook-air.jpg\"><img loading=\"lazy\" decoding=\"async\" src=\"https:\/\/images.ifun.de\/wp-content\/uploads\/2024\/05\/jobs-macbook-air-700x416.jpg\" alt=\"Jobs Macbook Air\" width=\"700\" height=\"416\" class=\"alignnone size-large wp-image-233113\" srcset=\"https:\/\/images.ifun.de\/wp-content\/uploads\/2024\/05\/jobs-macbook-air-700x416.jpg 700w, https:\/\/images.ifun.de\/wp-content\/uploads\/2024\/05\/jobs-macbook-air-500x297.jpg 500w, https:\/\/images.ifun.de\/wp-content\/uploads\/2024\/05\/jobs-macbook-air-768x456.jpg 768w, https:\/\/images.ifun.de\/wp-content\/uploads\/2024\/05\/jobs-macbook-air.jpg 1400w\" sizes=\"auto, (max-width: 700px) 100vw, 700px\" \/><\/a><\/p>\n<p>Das erste iPad Air kam im Oktober 2013 auf den Markt und trug diese Bezeichnung ebenfalls aufgrund der Tatsache, dass es mit 469 Gramm Gewicht und einer St\u00e4rke von 7,5 Millimetern deutlich leichter und d\u00fcnner war, als das zu dieser Zeit aktuelle iPad der vierten Generation mit 662 Gramm Gewicht und 9,4 Millimetern St\u00e4rke.<\/p>\n<p>Wenn man so will, kann man die Tatsache, dass Apple den Produktnamen \u201eAir\u201c beibeh\u00e4lt auch dahingehend deuten, dass das Unternehmen selbst nicht ganz gl\u00fccklich mit dieser Situation ist, aber kein besseres Konzept f\u00fcr eine klare Differenzierung seines iPad-Programms auf Lager hat. F\u00fcr Standardnutzer funktioniert die Namensgebung dann aber auch weiterhin, das aktuelle iPad Air ist mit 6,1 Millimeter immer noch d\u00fcnner als das derzeitige Standard-iPad mit 7 Millimetern, die von der Leistung aber auch vom Preis deutlich abgehobenen Pro-Modelle d\u00fcrften ja nur f\u00fcr einen sehr begrenzten K\u00e4uferkreis in Frage kommen.<img loading=\"lazy\" decoding=\"async\" src=\"https:\/\/vg01.met.vgwort.de\/na\/c5d636cf1b2c416089791808c02a0090\" width=\"1\" height=\"1\" no-lazy class=\"tracking\"><\/p>\n","protected":false},"excerpt":{"rendered":"<a href=\"https:\/\/www.ifun.de\/blick-ins-innere-das-ipad-air-das-nicht-mehr-air-heissen-duerfte-233109\/\"><img width=\"150\" height=\"150\" src=\"https:\/\/images.ifun.de\/wp-content\/uploads\/2024\/05\/jobs-macbook-air-150x150.jpg\" class=\"alignright tfe wp-post-image\" alt=\"Jobs Macbook Air\" decoding=\"async\" loading=\"lazy\" \/><\/a><p>Einen ersten Blick konnten wir ja bereits vor zehn Tagen ins Innere des neuen iPad Pro werfen. Inzwischen haben sich auch die Reparaturspezialisten von ifixit mit den seit zwei Wochen erh\u00e4ltlichen neuen iPad-Modellen besch\u00e4ftigt und separate Videos zum iPad Pro und iPad Air ver\u00f6ffentlicht. Auch wenn die wenigsten von uns jemals in die Verlegenheit kommen, [&hellip;]<\/p>\n","protected":false},"author":2,"featured_media":233113,"comment_status":"open","ping_status":"closed","sticky":false,"template":"","format":"standard","meta":{"_acf_changed":false,"footnotes":""},"categories":[10,1783],"tags":[4740,2067,2486,31],"class_list":["post-233109","post","type-post","status-publish","format-standard","has-post-thumbnail","hentry","category-ipad","category-feature","tag-ipad","tag-ipad-air","tag-ipad-pro","tag-video"],"acf":[],"aioseo_notices":[],"featured_image":["https:\/\/images.ifun.de\/wp-content\/uploads\/2024\/05\/ipad-air-2024-feature.jpg"],"subheadline":["ifixit zeigt die neuen iPads von innen"],"rest_api_enabler":{"featured_image":"https:\/\/images.ifun.de\/wp-content\/uploads\/2024\/05\/ipad-air-2024-feature.jpg","subheadline":"ifixit zeigt die neuen iPads von innen"},"_links":{"self":[{"href":"https:\/\/www.ifun.de\/apiv2\/wp\/v2\/posts\/233109","targetHints":{"allow":["GET"]}}],"collection":[{"href":"https:\/\/www.ifun.de\/apiv2\/wp\/v2\/posts"}],"about":[{"href":"https:\/\/www.ifun.de\/apiv2\/wp\/v2\/types\/post"}],"author":[{"embeddable":true,"href":"https:\/\/www.ifun.de\/apiv2\/wp\/v2\/users\/2"}],"replies":[{"embeddable":true,"href":"https:\/\/www.ifun.de\/apiv2\/wp\/v2\/comments?post=233109"}],"version-history":[{"count":8,"href":"https:\/\/www.ifun.de\/apiv2\/wp\/v2\/posts\/233109\/revisions"}],"predecessor-version":[{"id":233120,"href":"https:\/\/www.ifun.de\/apiv2\/wp\/v2\/posts\/233109\/revisions\/233120"}],"wp:featuredmedia":[{"embeddable":true,"href":"https:\/\/www.ifun.de\/apiv2\/wp\/v2\/media\/233113"}],"wp:attachment":[{"href":"https:\/\/www.ifun.de\/apiv2\/wp\/v2\/media?parent=233109"}],"wp:term":[{"taxonomy":"category","embeddable":true,"href":"https:\/\/www.ifun.de\/apiv2\/wp\/v2\/categories?post=233109"},{"taxonomy":"post_tag","embeddable":true,"href":"https:\/\/www.ifun.de\/apiv2\/wp\/v2\/tags?post=233109"}],"curies":[{"name":"wp","href":"https:\/\/api.w.org\/{rel}","templated":true}]}}