{"id":233031,"date":"2024-05-23T17:21:16","date_gmt":"2024-05-23T15:21:16","guid":{"rendered":"https:\/\/www.ifun.de\/?p=233031"},"modified":"2024-05-23T17:22:56","modified_gmt":"2024-05-23T15:22:56","slug":"sammelklage-gegen-prime-video-betroffene-koennen-jetzt-mitmachen","status":"publish","type":"post","link":"https:\/\/www.ifun.de\/sammelklage-gegen-prime-video-betroffene-koennen-jetzt-mitmachen-233031\/","title":{"rendered":"Sammelklage gegen Prime Video: Betroffene k\u00f6nnen jetzt &#8222;mitklagen&#8220;"},"content":{"rendered":"<p>Handelt es sich bei den von Amazon eingef\u00fchrten Werbeunterbrechungen bei Prime Video um eine versteckte Preiserh\u00f6hung? Zwar hat sich der Preis der Mitgliedschaft nicht ver\u00e4ndert, Kunden m\u00fcssen nun aber Reklamepausen aushalten und erhalten den werbefreien Zugriff auf Prime Video nur gegen eine zus\u00e4tzliche Geb\u00fchr zur\u00fcck.<\/p>\n<h2>Klageregister jetzt er\u00f6ffnet<\/h2>\n<p>Dass die Verbraucherzentrale Sachsen die eingangs gestellte Frage von einem Gericht beantworten lassen will, <a href=\"https:\/\/www.ifun.de\/prime-werbung-wohl-rechtswidrig-nutzer-sollen-auf-erstattung-pochen-226764\/\">hatte sich bereits angek\u00fcndigt<\/a>. Heute nun melden die Verbrauchersch\u00fctzer, dass das Klageregister f\u00fcr die Sammelklage gegen den Video-Streaming-Dienst <a href=\"https:\/\/www.bundesjustizamt.de\/DE\/Themen\/Verbraucherrechte\/VerbandsklageregisterMusterfeststellungsklagenregister\/Verbandsklagenregister\/Verbandsklagen\/Klagen\/202404\/VRUG_4_2024_node.html\">er\u00f6ffnet wurde<\/a>.<\/p>\n<p>Dies bedeutet: Betroffene Anwender, die ihr Amazon Prime-Abonnement vor dem 5. Februar 2024 und damit noch vor Einf\u00fchrung der Werbeunterbrechungen abgeschlossen haben, haben nun die M\u00f6glichkeit, sich f\u00fcr die Sammelklage gegen Amazon anzumelden und &#8222;mitzuklagen&#8220;.<\/p>\n<p>Nach Auffassung der Verbraucherzentrale h\u00e4tte Amazon die vorgenommene Vertrags\u00e4nderung nur mit Zustimmung der betroffenen Kunden umsetzen d\u00fcrfen.<\/p>\n<p><a href=\"https:\/\/images.ifun.de\/wp-content\/uploads\/2024\/02\/prime-video-mit-werbung.jpg\"><img loading=\"lazy\" decoding=\"async\" class=\"aligncenter size-large wp-image-226993\" src=\"https:\/\/images.ifun.de\/wp-content\/uploads\/2024\/02\/prime-video-mit-werbung-700x497.jpg\" alt=\"Prime Video Mit Werbung\" width=\"700\" height=\"497\" srcset=\"https:\/\/images.ifun.de\/wp-content\/uploads\/2024\/02\/prime-video-mit-werbung-700x497.jpg 700w, https:\/\/images.ifun.de\/wp-content\/uploads\/2024\/02\/prime-video-mit-werbung-500x355.jpg 500w, https:\/\/images.ifun.de\/wp-content\/uploads\/2024\/02\/prime-video-mit-werbung-768x545.jpg 768w, https:\/\/images.ifun.de\/wp-content\/uploads\/2024\/02\/prime-video-mit-werbung.jpg 1400w\" sizes=\"auto, (max-width: 700px) 100vw, 700px\" \/><\/a><\/p>\n<h2>Verbraucher k\u00f6nnten Erstattungen erhalten<\/h2>\n<p>Die Verbrauchersch\u00fctzer aus Sachsen entschieden sich deshalb, eine Schadensersatz-Sammelklage einzureichen. Sollte der Gang vor Gericht erfolgreich verlaufen, k\u00f6nnen betroffene Verbraucher mit einer \u00dcberweisung des Onlineh\u00e4ndlers rechnen.<\/p>\n<p>Michael Hummel, bei der Verbraucherzentrale Sachsen als Rechtsexperte aktiv, erkl\u00e4rt:<\/p>\n<p>&#8222;Das gilt sowohl f\u00fcr Amazon-Kunden, die das Zusatz-Abo abgeschlossen haben, als auch f\u00fcr Kunden, die nichts getan haben. Man muss den Video-Dienst nicht genutzt haben, das Abo muss auch nicht mehr bestehen. Auf ein Jahr gerechnet geht es um etwa 36 Euro und wir rechnen mit einer Verfahrensdauer von mehreren Jahren. Am Ende k\u00f6nnen also mehrere Jahre zusammenkommen.&#8220;<\/p>\n<p>Die Anmeldung selbst kann \u00fcber eine <a href=\"https:\/\/www.bundesjustizamt.de\/DE\/Themen\/Verbraucherrechte\/VerbandsklageregisterMusterfeststellungsklagenregister\/Verbandsklagenregister\/Verbandsklagen\/Klagen\/202404\/VRUG_4_2024_node.html\">frisch eingerichtete Sonderseite<\/a> beim Bundesamt f\u00fcr Justiz (BfJ) durchgef\u00fchrt werden.<\/p>\n<ul>\n<li><strong>BfJ:<\/strong> <a href=\"https:\/\/www.bundesjustizamt.de\/DE\/Themen\/Verbraucherrechte\/VerbandsklageregisterMusterfeststellungsklagenregister\/Verbandsklagenregister\/Verbandsklagen\/Klagen\/202404\/VRUG_4_2024_node.html\">Abhilfeklage gegen Amazon<\/a><\/li>\n<\/ul>\n<p><img loading=\"lazy\" decoding=\"async\" src=\"https:\/\/vg05.met.vgwort.de\/na\/80cbf6f1621e438eb4e5527c6b5453e0\" width=\"1\" height=\"1\" no-lazy class=\"tracking\"><\/p>\n","protected":false},"excerpt":{"rendered":"<a href=\"https:\/\/www.ifun.de\/sammelklage-gegen-prime-video-betroffene-koennen-jetzt-mitmachen-233031\/\"><img decoding=\"async\" width=\"150\" src=\"https:\/\/images.ifun.de\/wp-content\/uploads\/2024\/02\/prime-video-mit-werbung-700x497.jpg\" class=\"alignright wp-post-image tfe\" alt=\"Prime Video Mit Werbung\" title=\"\" \/><\/a><p>Handelt es sich bei den von Amazon eingef\u00fchrten Werbeunterbrechungen bei Prime Video um eine versteckte Preiserh\u00f6hung? Zwar hat sich der Preis der Mitgliedschaft nicht ver\u00e4ndert, Kunden m\u00fcssen nun aber Reklamepausen aushalten und erhalten den werbefreien Zugriff auf Prime Video nur gegen eine zus\u00e4tzliche Geb\u00fchr zur\u00fcck. Klageregister jetzt er\u00f6ffnet Dass die Verbraucherzentrale Sachsen die eingangs gestellte [&hellip;]<\/p>\n","protected":false},"author":1,"featured_media":0,"comment_status":"open","ping_status":"closed","sticky":false,"template":"","format":"standard","meta":{"_acf_changed":false,"footnotes":""},"categories":[1],"tags":[53,3135,553],"class_list":["post-233031","post","type-post","status-publish","format-standard","hentry","category-news","tag-amazon","tag-prime-video","tag-recht"],"acf":[],"aioseo_notices":[],"featured_image":["https:\/\/images.ifun.de\/wp-content\/uploads\/2023\/09\/prime-video-feature.jpg"],"subheadline":["Verbraucher k\u00f6nnten Erstattungen erhalten"],"rest_api_enabler":{"featured_image":"https:\/\/images.ifun.de\/wp-content\/uploads\/2023\/09\/prime-video-feature.jpg","subheadline":"Verbraucher k\u00f6nnten Erstattungen erhalten"},"_links":{"self":[{"href":"https:\/\/www.ifun.de\/apiv2\/wp\/v2\/posts\/233031","targetHints":{"allow":["GET"]}}],"collection":[{"href":"https:\/\/www.ifun.de\/apiv2\/wp\/v2\/posts"}],"about":[{"href":"https:\/\/www.ifun.de\/apiv2\/wp\/v2\/types\/post"}],"author":[{"embeddable":true,"href":"https:\/\/www.ifun.de\/apiv2\/wp\/v2\/users\/1"}],"replies":[{"embeddable":true,"href":"https:\/\/www.ifun.de\/apiv2\/wp\/v2\/comments?post=233031"}],"version-history":[{"count":2,"href":"https:\/\/www.ifun.de\/apiv2\/wp\/v2\/posts\/233031\/revisions"}],"predecessor-version":[{"id":233035,"href":"https:\/\/www.ifun.de\/apiv2\/wp\/v2\/posts\/233031\/revisions\/233035"}],"wp:attachment":[{"href":"https:\/\/www.ifun.de\/apiv2\/wp\/v2\/media?parent=233031"}],"wp:term":[{"taxonomy":"category","embeddable":true,"href":"https:\/\/www.ifun.de\/apiv2\/wp\/v2\/categories?post=233031"},{"taxonomy":"post_tag","embeddable":true,"href":"https:\/\/www.ifun.de\/apiv2\/wp\/v2\/tags?post=233031"}],"curies":[{"name":"wp","href":"https:\/\/api.w.org\/{rel}","templated":true}]}}