{"id":233026,"date":"2024-05-23T15:52:14","date_gmt":"2024-05-23T13:52:14","guid":{"rendered":"https:\/\/www.ifun.de\/?p=233026"},"modified":"2024-05-23T15:52:14","modified_gmt":"2024-05-23T13:52:14","slug":"schon-2026-apple-soll-an-faltbarem-macbook-arbeiten","status":"publish","type":"post","link":"https:\/\/www.ifun.de\/schon-2026-apple-soll-an-faltbarem-macbook-arbeiten-233026\/","title":{"rendered":"Schon 2026? Apple soll an faltbarem MacBook arbeiten"},"content":{"rendered":"<p>Apple soll aktiv an einem faltbaren MacBook arbeiten, das schon 2026 in den Verkauf gehen k\u00f6nnte. Dies will der vor allem in Apples Lieferkette und unter Apples Zulieferern hervorragend vernetzte Analyst Ming-Chi Kuo in Erfahrung gebracht haben.<\/p>\n<h2>Neue MacBook-Familie in zwei Jahren<\/h2>\n<p>Auf- und zuklappen lassen sich Apples MacBooks ja schon heute, zuk\u00fcnftig k\u00f6nnte das Display selbst jedoch \u00fcber einen Faltmechanismus verf\u00fcgen und damit an Ger\u00e4te wie <a href=\"https:\/\/www.samsung.com\/us\/smartphones\/galaxy-z-fold5\/\">Samsungs Fold-Portfoilio<\/a> erinnern.<\/p>\n<p>Laut Kuo soll LG Display der exklusive Lieferant f\u00fcr die ben\u00f6tigten Panels sein. Neben einem 20,25-Zoll-Panel erw\u00e4ge Apple auch die Nutzung eines 18,8-Zoll-Panels. Diese Gr\u00f6\u00dfen entsprechen im zusammengeklappten Zustand den Abmessungen von 14\u201315 Zoll beziehungsweise 13\u201314 Zoll gro\u00dfen Laptops.<\/p>\n<p>Die Massenproduktion der Panels soll f\u00fcr das vierte Quartal 2025 angesetzt sein, w\u00e4hrend die Montage des gesamten Ger\u00e4ts in der ersten H\u00e4lfte des Jahres 2026 beginnen k\u00f6nnte. Das neue MacBook soll dann mit einem Prozessor der M5-Familie ausgestattet sein.<\/p>\n<p><a href=\"https:\/\/images.ifun.de\/wp-content\/uploads\/2024\/05\/kuo-klapp-macbook-feature-large-2000.jpg\"><img loading=\"lazy\" decoding=\"async\" class=\"aligncenter size-large wp-image-233028\" src=\"https:\/\/images.ifun.de\/wp-content\/uploads\/2024\/05\/kuo-klapp-macbook-feature-large-2000-700x417.jpg\" alt=\"Kuo Klapp Macbook Feature Large 2000\" width=\"700\" height=\"417\" srcset=\"https:\/\/images.ifun.de\/wp-content\/uploads\/2024\/05\/kuo-klapp-macbook-feature-large-2000-700x417.jpg 700w, https:\/\/images.ifun.de\/wp-content\/uploads\/2024\/05\/kuo-klapp-macbook-feature-large-2000-500x298.jpg 500w, https:\/\/images.ifun.de\/wp-content\/uploads\/2024\/05\/kuo-klapp-macbook-feature-large-2000-768x457.jpg 768w, https:\/\/images.ifun.de\/wp-content\/uploads\/2024\/05\/kuo-klapp-macbook-feature-large-2000.jpg 1000w\" sizes=\"auto, (max-width: 700px) 100vw, 700px\" \/><\/a><\/p>\n<h6>Symbolbild: Kuo geht von Preisen auf dem Niveau der Vision Pro aus<\/h6>\n<h2>Auf dem Preisniveau der Vision Pro<\/h2>\n<p>Ein zentrales Designziel Apples sei es, das Panel so faltenfrei wie m\u00f6glich zu gestalten, was hohe Anforderungen an die Spezifikationen von Panel und Scharnier stelle und mit signifikanten Kosten f\u00fcr die beiden Bauteile einhergehen soll.<\/p>\n<p>Aufgrund der hohen Kosten f\u00fcr das Display und das Scharnier soll das faltbare MacBook teurer als aktuelle Modelle werden. Kuo bef\u00fcrchtet, dass die St\u00fcckpreise bis an das Niveau der Apple Vision Pro heranreichen k\u00f6nnten. Diese kostet bekanntlich 3.500 US-Dollar.<\/p>\n<p>Allerdings k\u00f6nnten sich hohe Absatzzahlen positiv auf den Verkaufspreis des faltbaren MacBooks auswirken. Derzeit geht Kuo davon aus, dass Apple im Jahr 2026 mehr als eine Million Einheiten des neuartigen MacBooks ausliefern k\u00f6nnte.<\/p>\n<p><img loading=\"lazy\" decoding=\"async\" src=\"https:\/\/vg05.met.vgwort.de\/na\/03e4d1b3de9c45eab2dff585daab4881\" width=\"1\" height=\"1\" no-lazy class=\"tracking\"><\/p>\n","protected":false},"excerpt":{"rendered":"<a href=\"https:\/\/www.ifun.de\/schon-2026-apple-soll-an-faltbarem-macbook-arbeiten-233026\/\"><img width=\"150\" height=\"150\" src=\"https:\/\/images.ifun.de\/wp-content\/uploads\/2024\/05\/kuo-klapp-macbook-feature-large-2000-150x150.jpg\" class=\"alignright tfe wp-post-image\" alt=\"Kuo Klapp Macbook Feature Large 2000\" decoding=\"async\" loading=\"lazy\" \/><\/a><p>Apple soll aktiv an einem faltbaren MacBook arbeiten, das schon 2026 in den Verkauf gehen k\u00f6nnte. Dies will der vor allem in Apples Lieferkette und unter Apples Zulieferern hervorragend vernetzte Analyst Ming-Chi Kuo in Erfahrung gebracht haben. Neue MacBook-Familie in zwei Jahren Auf- und zuklappen lassen sich Apples MacBooks ja schon heute, zuk\u00fcnftig k\u00f6nnte das [&hellip;]<\/p>\n","protected":false},"author":1,"featured_media":233028,"comment_status":"open","ping_status":"closed","sticky":false,"template":"","format":"standard","meta":{"_acf_changed":false,"footnotes":""},"categories":[1],"tags":[3910,144,5235,6322],"class_list":["post-233026","post","type-post","status-publish","format-standard","has-post-thumbnail","hentry","category-news","tag-geruechte","tag-macbook","tag-ming-chi-kuo","tag-rumors"],"acf":[],"aioseo_notices":[],"featured_image":["https:\/\/images.ifun.de\/wp-content\/uploads\/2024\/05\/kuo-klapp-macbook-feature.jpg"],"subheadline":["Auf dem Preisniveau der Vision Pro"],"rest_api_enabler":{"featured_image":"https:\/\/images.ifun.de\/wp-content\/uploads\/2024\/05\/kuo-klapp-macbook-feature.jpg","subheadline":"Auf dem Preisniveau der Vision Pro"},"_links":{"self":[{"href":"https:\/\/www.ifun.de\/apiv2\/wp\/v2\/posts\/233026","targetHints":{"allow":["GET"]}}],"collection":[{"href":"https:\/\/www.ifun.de\/apiv2\/wp\/v2\/posts"}],"about":[{"href":"https:\/\/www.ifun.de\/apiv2\/wp\/v2\/types\/post"}],"author":[{"embeddable":true,"href":"https:\/\/www.ifun.de\/apiv2\/wp\/v2\/users\/1"}],"replies":[{"embeddable":true,"href":"https:\/\/www.ifun.de\/apiv2\/wp\/v2\/comments?post=233026"}],"version-history":[{"count":1,"href":"https:\/\/www.ifun.de\/apiv2\/wp\/v2\/posts\/233026\/revisions"}],"predecessor-version":[{"id":233030,"href":"https:\/\/www.ifun.de\/apiv2\/wp\/v2\/posts\/233026\/revisions\/233030"}],"wp:featuredmedia":[{"embeddable":true,"href":"https:\/\/www.ifun.de\/apiv2\/wp\/v2\/media\/233028"}],"wp:attachment":[{"href":"https:\/\/www.ifun.de\/apiv2\/wp\/v2\/media?parent=233026"}],"wp:term":[{"taxonomy":"category","embeddable":true,"href":"https:\/\/www.ifun.de\/apiv2\/wp\/v2\/categories?post=233026"},{"taxonomy":"post_tag","embeddable":true,"href":"https:\/\/www.ifun.de\/apiv2\/wp\/v2\/tags?post=233026"}],"curies":[{"name":"wp","href":"https:\/\/api.w.org\/{rel}","templated":true}]}}