{"id":232798,"date":"2024-05-21T07:08:07","date_gmt":"2024-05-21T05:08:07","guid":{"rendered":"https:\/\/www.ifun.de\/?p=232798"},"modified":"2024-05-21T07:08:07","modified_gmt":"2024-05-21T05:08:07","slug":"wwdc-kooperation-zwischen-apple-und-openai-zentrales-thema","status":"publish","type":"post","link":"https:\/\/www.ifun.de\/wwdc-kooperation-zwischen-apple-und-openai-zentrales-thema-232798\/","title":{"rendered":"WWDC: Kooperation zwischen Apple und OpenAi zentrales Thema?"},"content":{"rendered":"<p>Es klingt weiterhin etwas fremd, dass Apple im Bereich der k\u00fcnstlichen Intelligenz mit den ChatGPT-Machern OpenAI kooperieren soll. Doch deutet inzwischen einiges in diese Richtung und die Frage schein eher zu sein, wie weit die Zusammenarbeit der beiden Konzerne gehen wird.<\/p>\n<p>In drei Wochen d\u00fcrften wir diesbez\u00fcglich endg\u00fcltig Klarheit erhalten. Der f\u00fcr das Wirtschaftsmagazin Bloomberg t\u00e4tige Journalist <a href=\"https:\/\/www.bloomberg.com\/news\/newsletters\/2024-05-19\/what-is-apple-doing-in-ai-summaries-cloud-and-on-device-llms-openai-deal-lwdj5pkz\">Mark Gurman<\/a> hat die Qualit\u00e4t seiner Informanten aus dem Apple-Umfeld wiederholt unter Beweist gestellt und so gibt es kaum Gr\u00fcnde, an Gurmans Aussage zu zweifeln, dass Apple im Rahmen seiner Entwicklerkonferenz WWDC Details zu einer k\u00fcnftigen Zusammenarbeit mit OpenAI enth\u00fcllt.<\/p>\n<p><a href=\"https:\/\/images.ifun.de\/wp-content\/uploads\/2024\/05\/altman-dp.jpg\"><img loading=\"lazy\" decoding=\"async\" src=\"https:\/\/images.ifun.de\/wp-content\/uploads\/2024\/05\/altman-dp-700x467.jpg\" alt=\"Altman Dp\" width=\"700\" height=\"467\" class=\"alignnone size-large wp-image-232800\" srcset=\"https:\/\/images.ifun.de\/wp-content\/uploads\/2024\/05\/altman-dp-700x467.jpg 700w, https:\/\/images.ifun.de\/wp-content\/uploads\/2024\/05\/altman-dp-500x333.jpg 500w, https:\/\/images.ifun.de\/wp-content\/uploads\/2024\/05\/altman-dp-768x512.jpg 768w, https:\/\/images.ifun.de\/wp-content\/uploads\/2024\/05\/altman-dp.jpg 1400w\" sizes=\"auto, (max-width: 700px) 100vw, 700px\" \/><\/a><\/p>\n<h6>Sam Altman  (Bild: <a href=\"https:\/\/de.depositphotos.com\/\">depositphotos.com<\/a>)<\/h6>\n<p>Es l\u00e4sst sich nicht bestreiten, dass Apple mit Siri nichtmal ansatzweise dem begegnen kann, was Konzerne wie Google und eben OpenAi im Bereich der k\u00fcnstlichen Intelligenz \u00fcber die vergangenen Jahre hinweg aufgebaut haben. Wir w\u00fcrden uns ja gerne eines Besseren belehren lassen, doch scheint es schlicht illusorisch dass Apple hier noch einen Trumpf in der eigenen Tasche stecken hat.<\/p>\n<h2>KI und Datenschutz &#8211; geht das?<\/h2>\n<p>Eine solche Kooperation erfordert von Apple aber auch einen besonderen Spagat. Die Daten seiner Kunden haben f\u00fcr Apple weiterhin einen enormen Wert, mit den zugeh\u00f6rigen Sicherheitsversprechen und Dienstleistungen wie iCloud tr\u00e4gt diese Sparte nennenswert zum wirtschaftlichen Erfolg Apples bei. Vor diesem Hintergrund d\u00fcrfte eine solche Kooperation besonders kritisch be\u00e4ugt werden und wir d\u00fcrfen uns sicher sein, dass Apple KI-Konzept und dessen Kommunikation besonderes Augenmerk auf eben diesen Aspekt legt.<\/p>\n<p>Apple wird hoffentlich auch in Zukunft nicht davon abkommen, den Fokus auf eine lokale und mit maximalem Schutz f\u00fcr die Privatsph\u00e4re verbundene Datenverarbeitung zu legen, insbesondere wenn f\u00fcr zus\u00e4tzlichen Funktionalit\u00e4ten externe Partner mit im Boot sind. Die Nutzung von k\u00fcnstlicher Intelligenz ist eine wichtiges und unverzichtbares Angebot, \u00fcber deren Verwendung jedoch jeder Nutzer f\u00fcr sich entscheiden muss.<\/p>\n<h2>Apple muss in 3 Wochen liefern<\/h2>\n<p>Wie Apple diesen Weg in Zukunft beschreiten will, d\u00fcrfte in diesem Jahr die spannendste Ank\u00fcndigung im Rahmen der allj\u00e4hrlichen Entwicklerkonferenz des Unternehmens sein. Die Er\u00f6ffnungsveranstaltung l\u00e4sst sich am 10. Juni abends wie gewohnt im Livestream verfolgen.<img loading=\"lazy\" decoding=\"async\" src=\"https:\/\/vg07.met.vgwort.de\/na\/0574b75ea48b4301b93a61a7e4867a2e\" width=\"1\" height=\"1\" alt=\"\" no-lazy class=\"tracking\"><\/p>\n","protected":false},"excerpt":{"rendered":"<a href=\"https:\/\/www.ifun.de\/wwdc-kooperation-zwischen-apple-und-openai-zentrales-thema-232798\/\"><img width=\"150\" height=\"150\" src=\"https:\/\/images.ifun.de\/wp-content\/uploads\/2024\/05\/altman-dp-150x150.jpg\" class=\"alignright tfe wp-post-image\" alt=\"Altman Dp\" decoding=\"async\" loading=\"lazy\" \/><\/a><p>Es klingt weiterhin etwas fremd, dass Apple im Bereich der k\u00fcnstlichen Intelligenz mit den ChatGPT-Machern OpenAI kooperieren soll. Doch deutet inzwischen einiges in diese Richtung und die Frage schein eher zu sein, wie weit die Zusammenarbeit der beiden Konzerne gehen wird. In drei Wochen d\u00fcrften wir diesbez\u00fcglich endg\u00fcltig Klarheit erhalten. Der f\u00fcr das Wirtschaftsmagazin Bloomberg [&hellip;]<\/p>\n","protected":false},"author":2,"featured_media":232800,"comment_status":"open","ping_status":"closed","sticky":false,"template":"","format":"standard","meta":{"_acf_changed":false,"footnotes":""},"categories":[3],"tags":[4736,6065,6317],"class_list":["post-232798","post","type-post","status-publish","format-standard","has-post-thumbnail","hentry","category-apple","tag-apple","tag-kuenstliche-intelligenz","tag-openai"],"acf":[],"aioseo_notices":[],"featured_image":["https:\/\/images.ifun.de\/wp-content\/uploads\/2023\/11\/tim-cook-apple-feature.jpg"],"subheadline":["Siri ben\u00f6tigt Unterst\u00fctzung"],"rest_api_enabler":{"featured_image":"https:\/\/images.ifun.de\/wp-content\/uploads\/2023\/11\/tim-cook-apple-feature.jpg","subheadline":"Siri ben\u00f6tigt Unterst\u00fctzung"},"_links":{"self":[{"href":"https:\/\/www.ifun.de\/apiv2\/wp\/v2\/posts\/232798","targetHints":{"allow":["GET"]}}],"collection":[{"href":"https:\/\/www.ifun.de\/apiv2\/wp\/v2\/posts"}],"about":[{"href":"https:\/\/www.ifun.de\/apiv2\/wp\/v2\/types\/post"}],"author":[{"embeddable":true,"href":"https:\/\/www.ifun.de\/apiv2\/wp\/v2\/users\/2"}],"replies":[{"embeddable":true,"href":"https:\/\/www.ifun.de\/apiv2\/wp\/v2\/comments?post=232798"}],"version-history":[{"count":2,"href":"https:\/\/www.ifun.de\/apiv2\/wp\/v2\/posts\/232798\/revisions"}],"predecessor-version":[{"id":232801,"href":"https:\/\/www.ifun.de\/apiv2\/wp\/v2\/posts\/232798\/revisions\/232801"}],"wp:featuredmedia":[{"embeddable":true,"href":"https:\/\/www.ifun.de\/apiv2\/wp\/v2\/media\/232800"}],"wp:attachment":[{"href":"https:\/\/www.ifun.de\/apiv2\/wp\/v2\/media?parent=232798"}],"wp:term":[{"taxonomy":"category","embeddable":true,"href":"https:\/\/www.ifun.de\/apiv2\/wp\/v2\/categories?post=232798"},{"taxonomy":"post_tag","embeddable":true,"href":"https:\/\/www.ifun.de\/apiv2\/wp\/v2\/tags?post=232798"}],"curies":[{"name":"wp","href":"https:\/\/api.w.org\/{rel}","templated":true}]}}