{"id":232789,"date":"2024-05-17T20:00:36","date_gmt":"2024-05-17T18:00:36","guid":{"rendered":"https:\/\/www.ifun.de\/?p=232789"},"modified":"2024-05-17T20:00:36","modified_gmt":"2024-05-17T18:00:36","slug":"apples-neues-ipad-pro-von-innen-ein-durchdachtes-puzzle-system","status":"publish","type":"post","link":"https:\/\/www.ifun.de\/apples-neues-ipad-pro-von-innen-ein-durchdachtes-puzzle-system-232789\/","title":{"rendered":"Apples neues iPad Pro von innen: Ein durchdachtes Puzzle-System"},"content":{"rendered":"<p>Es hat ja mittlerweile Tradition: Wenn Apple neue Produkte auf den Markt bringt, finden sich kurze Zeit sp\u00e4ter auch die ersten Teardown-Videos dazu. Hier geht es nicht darum, die Ger\u00e4te kaputt zu machen, um m\u00f6glichst schnell viele YouTube-Klicks zu erhasche, stattdessen freuen wir uns auf eine sachliche Auseinandersetzung und vor allem einem fachm\u00e4nnischen Blick auf die im Inneren der Ger\u00e4te versteckten und teils enormen Ingenieurleistungen.<\/p>\n<p>Im Video unten seht ihr das neue iPad Pro mit 13 Zoll Bildschirmgr\u00f6\u00dfe, zun\u00e4chst von au\u00dfen und dann vor allem von innen. Mit seinen 5,1 Millimetern St\u00e4rke ist das neuen iPad Pro das bislang d\u00fcnnste Apple-Ger\u00e4t \u00fcberhaupt.<\/p>\n<p>Den gr\u00f6\u00dften Teil des Innenlebens nimmt der hier von Apple verbaute, zweiteilige und extrem d\u00fcnne Akku mit 38,99 Wattstunden ein. Mittig zwischen den beiden Akku-H\u00e4lften hat die Hauptplatine mit dem darauf verbauten M4-Prozessor ihren Platz. Letzterer sitzt wiederum direkt \u00fcber dem Apple-Logo, das in der R\u00fcckseite des Ger\u00e4ts nicht nur gut aussieht, sondern gleichzeitig auch zur W\u00e4rmeableitung dient.<\/p>\n<p><div class=\"responsive-video\"><iframe loading=\"lazy\" title=\"This Design is Genius\u2026\" width=\"500\" height=\"281\" src=\"https:\/\/www.youtube-nocookie.com\/embed\/HvW-I8EczZ4?feature=oembed\" frameborder=\"0\" allow=\"accelerometer; autoplay; clipboard-write; encrypted-media; gyroscope; picture-in-picture; web-share\" referrerpolicy=\"strict-origin-when-cross-origin\" allowfullscreen><\/iframe><\/div><\/p>\n","protected":false},"excerpt":{"rendered":"<a href=\"https:\/\/www.ifun.de\/apples-neues-ipad-pro-von-innen-ein-durchdachtes-puzzle-system-232789\/\"><img width=\"150\" height=\"150\" src=\"https:\/\/images.ifun.de\/wp-content\/uploads\/2024\/05\/ipad-pro-2024-teardown-feature-150x150.jpg\" class=\"alignright tfe wp-post-image\" alt=\"Ipad Pro 2024 Teardown Feature\" decoding=\"async\" loading=\"lazy\" \/><\/a><p>Es hat ja mittlerweile Tradition: Wenn Apple neue Produkte auf den Markt bringt, finden sich kurze Zeit sp\u00e4ter auch die ersten Teardown-Videos dazu. Hier geht es nicht darum, die Ger\u00e4te kaputt zu machen, um m\u00f6glichst schnell viele YouTube-Klicks zu erhasche, stattdessen freuen wir uns auf eine sachliche Auseinandersetzung und vor allem einem fachm\u00e4nnischen Blick auf [&hellip;]<\/p>\n","protected":false},"author":2,"featured_media":232792,"comment_status":"open","ping_status":"closed","sticky":false,"template":"","format":"standard","meta":{"_acf_changed":false,"footnotes":""},"categories":[10],"tags":[],"class_list":["post-232789","post","type-post","status-publish","format-standard","has-post-thumbnail","hentry","category-ipad"],"acf":[],"aioseo_notices":[],"featured_image":["https:\/\/images.ifun.de\/wp-content\/uploads\/2024\/05\/ipad-pro-2024-teardown-feature.jpg"],"subheadline":["Das este Teardown-Video"],"rest_api_enabler":{"featured_image":"https:\/\/images.ifun.de\/wp-content\/uploads\/2024\/05\/ipad-pro-2024-teardown-feature.jpg","subheadline":"Das este Teardown-Video"},"_links":{"self":[{"href":"https:\/\/www.ifun.de\/apiv2\/wp\/v2\/posts\/232789","targetHints":{"allow":["GET"]}}],"collection":[{"href":"https:\/\/www.ifun.de\/apiv2\/wp\/v2\/posts"}],"about":[{"href":"https:\/\/www.ifun.de\/apiv2\/wp\/v2\/types\/post"}],"author":[{"embeddable":true,"href":"https:\/\/www.ifun.de\/apiv2\/wp\/v2\/users\/2"}],"replies":[{"embeddable":true,"href":"https:\/\/www.ifun.de\/apiv2\/wp\/v2\/comments?post=232789"}],"version-history":[{"count":3,"href":"https:\/\/www.ifun.de\/apiv2\/wp\/v2\/posts\/232789\/revisions"}],"predecessor-version":[{"id":232794,"href":"https:\/\/www.ifun.de\/apiv2\/wp\/v2\/posts\/232789\/revisions\/232794"}],"wp:featuredmedia":[{"embeddable":true,"href":"https:\/\/www.ifun.de\/apiv2\/wp\/v2\/media\/232792"}],"wp:attachment":[{"href":"https:\/\/www.ifun.de\/apiv2\/wp\/v2\/media?parent=232789"}],"wp:term":[{"taxonomy":"category","embeddable":true,"href":"https:\/\/www.ifun.de\/apiv2\/wp\/v2\/categories?post=232789"},{"taxonomy":"post_tag","embeddable":true,"href":"https:\/\/www.ifun.de\/apiv2\/wp\/v2\/tags?post=232789"}],"curies":[{"name":"wp","href":"https:\/\/api.w.org\/{rel}","templated":true}]}}