{"id":23276,"date":"2012-03-16T07:03:31","date_gmt":"2012-03-16T06:03:31","guid":{"rendered":"http:\/\/www.ifun.de\/?p=23276"},"modified":"2012-03-16T07:03:31","modified_gmt":"2012-03-16T06:03:31","slug":"fotos-vom-ipad-verkaufsstart-deutschland","status":"publish","type":"post","link":"https:\/\/www.ifun.de\/fotos-vom-ipad-verkaufsstart-deutschland-23276\/","title":{"rendered":"iPad-Verkauf l\u00e4uft &#8211; Lange Warteschlangen vor den Apple Stores"},"content":{"rendered":"<p>Seit Mitternacht sind die ersten neuen iPads in Deutschland erh\u00e4ltlich, einzelne Vertragsh\u00e4ndler haben bereits kurz nach 0 Uhr mit dem Verkauf begonnen und inzwischen sind auch die Paketfahrer mit den ersten P\u00e4ckchen auf der Stra\u00dfe.<\/p>\n<p><a href=\"http:\/\/www.flickr.com\/photos\/ifun\/sets\/72157629225537496\/\"><img loading=\"lazy\" decoding=\"async\" src=\"http:\/\/images.ifun.de\/wp-content\/uploads\/2012\/03\/verkaufsstart.jpg\" alt=\"\" title=\"verkaufsstart\" width=\"464\" height=\"153\" class=\"alignnone size-full wp-image-23277\" srcset=\"https:\/\/images.ifun.de\/wp-content\/uploads\/2012\/03\/verkaufsstart.jpg 464w, https:\/\/images.ifun.de\/wp-content\/uploads\/2012\/03\/verkaufsstart-300x98.jpg 300w\" sizes=\"auto, (max-width: 464px) 100vw, 464px\" \/><\/a><\/p>\n<p>Wie es vor den deutschen Apple Stores aussieht, seht ihr in unserer <a href=\"http:\/\/www.flickr.com\/photos\/ifun\/sets\/72157629225537496\/\">Fotogalerie zum iPad-Verkaufsstart<\/a>. \u00dcber Nacht haben sich dort teils mehrere Hundert Leute lange Warteschlangen gebildet. Weitere Fotos k\u00f6nnt ihr uns gerne mit Ort und Uhrzeit an foto@ifun.de mailen, wir f\u00fcgen die Bilder dann nach und nach zur Galerie hinzu.<\/p>\n","protected":false},"excerpt":{"rendered":"<a href=\"https:\/\/www.ifun.de\/fotos-vom-ipad-verkaufsstart-deutschland-23276\/\"><img width=\"150\" height=\"150\" src=\"https:\/\/images.ifun.de\/wp-content\/uploads\/2012\/03\/verkaufsstart-150x150.jpg\" class=\"alignright tfe wp-post-image\" alt=\"\" decoding=\"async\" loading=\"lazy\" \/><\/a><p>Seit Mitternacht sind die ersten neuen iPads in Deutschland erh\u00e4ltlich, einzelne Vertragsh\u00e4ndler haben bereits kurz nach 0 Uhr mit dem Verkauf begonnen und inzwischen sind auch die Paketfahrer mit den ersten P\u00e4ckchen auf der Stra\u00dfe. Wie es vor den deutschen Apple Stores aussieht, seht ihr in unserer Fotogalerie zum iPad-Verkaufsstart. \u00dcber Nacht haben sich dort [&hellip;]<\/p>\n","protected":false},"author":2,"featured_media":23277,"comment_status":"open","ping_status":"closed","sticky":false,"template":"","format":"standard","meta":{"_acf_changed":false,"footnotes":""},"categories":[10],"tags":[400,307,4740,994],"class_list":["post-23276","post","type-post","status-publish","format-standard","has-post-thumbnail","hentry","category-ipad","tag-deutschland","tag-fotos","tag-ipad","tag-verkaufsstart"],"acf":[],"aioseo_notices":[],"rest_api_enabler":[],"_links":{"self":[{"href":"https:\/\/www.ifun.de\/apiv2\/wp\/v2\/posts\/23276","targetHints":{"allow":["GET"]}}],"collection":[{"href":"https:\/\/www.ifun.de\/apiv2\/wp\/v2\/posts"}],"about":[{"href":"https:\/\/www.ifun.de\/apiv2\/wp\/v2\/types\/post"}],"author":[{"embeddable":true,"href":"https:\/\/www.ifun.de\/apiv2\/wp\/v2\/users\/2"}],"replies":[{"embeddable":true,"href":"https:\/\/www.ifun.de\/apiv2\/wp\/v2\/comments?post=23276"}],"version-history":[{"count":1,"href":"https:\/\/www.ifun.de\/apiv2\/wp\/v2\/posts\/23276\/revisions"}],"predecessor-version":[{"id":23278,"href":"https:\/\/www.ifun.de\/apiv2\/wp\/v2\/posts\/23276\/revisions\/23278"}],"wp:featuredmedia":[{"embeddable":true,"href":"https:\/\/www.ifun.de\/apiv2\/wp\/v2\/media\/23277"}],"wp:attachment":[{"href":"https:\/\/www.ifun.de\/apiv2\/wp\/v2\/media?parent=23276"}],"wp:term":[{"taxonomy":"category","embeddable":true,"href":"https:\/\/www.ifun.de\/apiv2\/wp\/v2\/categories?post=23276"},{"taxonomy":"post_tag","embeddable":true,"href":"https:\/\/www.ifun.de\/apiv2\/wp\/v2\/tags?post=23276"}],"curies":[{"name":"wp","href":"https:\/\/api.w.org\/{rel}","templated":true}]}}