{"id":232610,"date":"2024-05-15T19:12:11","date_gmt":"2024-05-15T17:12:11","guid":{"rendered":"https:\/\/www.ifun.de\/?p=232610"},"modified":"2024-05-27T19:14:55","modified_gmt":"2024-05-27T17:14:55","slug":"ipad-verkaufsstart-maengelliste-zeit-gespraech-40-hardware-preise","status":"publish","type":"post","link":"https:\/\/www.ifun.de\/ipad-verkaufsstart-maengelliste-zeit-gespraech-40-hardware-preise-232610\/","title":{"rendered":"iPad-Verkaufsstart: M\u00e4ngelliste, ZEIT-Gespr\u00e4ch, 40 Hardware-Preise"},"content":{"rendered":"<p>Acht Tage nach dem Medien-Event vom vergangenen Dienstag gehen heute sowohl die neuen iPad Pro-Modelle als auch das jetzt in zwei Gr\u00f6\u00dfen erh\u00e4ltliche iPad Air in den Verkauf.<\/p>\n<p><a href=\"https:\/\/images.ifun.de\/wp-content\/uploads\/2024\/05\/ipad-pro-2024.jpg\"><img loading=\"lazy\" decoding=\"async\" class=\"aligncenter size-medium wp-image-232382\" src=\"https:\/\/images.ifun.de\/wp-content\/uploads\/2024\/05\/ipad-pro-2024-500x500.jpg\" alt=\"Ipad Pro 2024\" width=\"500\" height=\"500\" srcset=\"https:\/\/images.ifun.de\/wp-content\/uploads\/2024\/05\/ipad-pro-2024-500x500.jpg 500w, https:\/\/images.ifun.de\/wp-content\/uploads\/2024\/05\/ipad-pro-2024-700x700.jpg 700w, https:\/\/images.ifun.de\/wp-content\/uploads\/2024\/05\/ipad-pro-2024-150x150.jpg 150w, https:\/\/images.ifun.de\/wp-content\/uploads\/2024\/05\/ipad-pro-2024.jpg 720w\" sizes=\"auto, (max-width: 500px) 100vw, 500px\" \/><\/a><\/p>\n<p>Apple hat im hauseigenen Newsroom heute noch einmal <a href=\"https:\/\/www.apple.com\/de\/newsroom\/2024\/05\/the-redesigned-ipad-air-and-new-ipad-pro-are-available-today\/\">an den Verkaufsauftakt erinnert<\/a> und geht dort auch auf die unterschiedlichen Konfigurationen ein, die f\u00fcr Preise zwischen 699 und 3.139 Euro sorgen.<\/p>\n<h2>Zwischen 699 und 3.139 Euro<\/h2>\n<p><a rel=\"noindex, nofollow\" href=\"http:\/\/www.ifun.de\/amzn\/B0D3J7Q6PS\">699 Euro<\/a>, so viel kostet das neue iPad Air in der WLAN-Variante mit 11 Zoll und 128 Gigabyte Speicher. <a rel=\"noindex, nofollow\" href=\"http:\/\/www.ifun.de\/amzn\/B0D3J7DZ6Z\">3.139 Euro<\/a>, so viel muss man f\u00fcr das neue iPad Pro mit 13 Zoll gro\u00dfem OLED-Bildschirm hinlegen, wenn man sich f\u00fcr die Variante mit LTE, zwei Terabyte Speicher und optionalem Nanotexturglas entscheidet.<\/p>\n<p>Beiden Preisen fehlen dabei noch die Kosten f\u00fcr Zubeh\u00f6r wie den neuen Apple Pencil Pro (<a rel=\"noindex, nofollow\" href=\"http:\/\/www.ifun.de\/amzn\/B0D3J7CKFR\">f\u00fcr 149 Euro<\/a>) oder das neue Magic Keyboard (<a rel=\"noindex, nofollow\" href=\"http:\/\/www.ifun.de\/amzn\/B0D3J2V3FW\">ab 349 Euro<\/a>) sowie f\u00fcr die Zusatzversicherung AppleCare Plus (ab 89 Euro).<\/p>\n<p><a href=\"https:\/\/images.ifun.de\/wp-content\/uploads\/2024\/05\/ipad-verkaufspreise-5g.png\"><img loading=\"lazy\" decoding=\"async\" src=\"https:\/\/images.ifun.de\/wp-content\/uploads\/2024\/05\/ipad-verkaufspreise-5g-700x445.png\" alt=\"Ipad Verkaufspreise 5g\" width=\"700\" height=\"445\" class=\"aligncenter size-large wp-image-232630\" srcset=\"https:\/\/images.ifun.de\/wp-content\/uploads\/2024\/05\/ipad-verkaufspreise-5g-700x445.png 700w, https:\/\/images.ifun.de\/wp-content\/uploads\/2024\/05\/ipad-verkaufspreise-5g-500x318.png 500w, https:\/\/images.ifun.de\/wp-content\/uploads\/2024\/05\/ipad-verkaufspreise-5g-768x488.png 768w, https:\/\/images.ifun.de\/wp-content\/uploads\/2024\/05\/ipad-verkaufspreise-5g.png 1492w\" sizes=\"auto, (max-width: 700px) 100vw, 700px\" \/><\/a><\/p>\n<h2>Pro-Hardware, &#8222;einfaches&#8220; iPadOS<\/h2>\n<p>Im Zweifel legt man hier also richtig viel Geld f\u00fcr ein Produkt auf den Tisch, das gemeinhin als mit Abstand beste Hardware aus Cupertino gilt, die von ihrem iPadOS-Betriebssystem jedoch an der kurzen Leine gehalten wird.<\/p>\n<p>Wie kurz die Leine konkret ist, skizziert der App-Entwickler Steve Troughton-Smith: in seinem Blogeintrag <a href=\"https:\/\/www.highcaffeinecontent.com\/blog\/20240514-The-iPad-Pro-Manifesto-(2024-Edition)\">The iPad Pro Manifesto (2024 Edition)<\/a>. Grob zusammengefasst l\u00e4sst das neue Pro-Modell mehr als eine Handvoll Funktionen vermissen, die auch aktuellen Rechnern heutzutage zum Basisumfang geh\u00f6ren.<\/p>\n<p>In der M\u00e4ngelliste tauchen die folgende Punkte auf:<\/p>\n<ul>\n<li><strong>Hintergrundprozesse<\/strong>: Bessere Handhabung von langen Hintergrundaufgaben.<\/li>\n<li><strong>Virtualisierung<\/strong>: Einf\u00fchrung von Virtualisierungs-Frameworks zum Ausf\u00fchren von macOS, Windows und Linux.<\/li>\n<li><strong>Fensterverwaltung<\/strong>: Verbesserung von Stage Manager mit Entwickler-APIs f\u00fcr bessere Fensterverwaltung.<\/li>\n<li><strong>Tabs<\/strong>: Systemweite Unterst\u00fctzung f\u00fcr Tabs wie bei macOS und Windows.<\/li>\n<li><strong>Audio\/Video<\/strong>: Erm\u00f6glichung mehrerer gleichzeitiger Audio-\/Video-Streams und unabh\u00e4ngiger Audio-I\/O-Kontrolle.<\/li>\n<li><strong>Plugins und Erweiterungen<\/strong>: Apps sollen benutzerdefinierte Erweiterungsschnittstellen definieren und anbieten k\u00f6nnen.<\/li>\n<li><strong>Dateien<\/strong>: Zuverl\u00e4ssigkeit der Dateien-App verbessern, einschlie\u00dflich Unterst\u00fctzung f\u00fcr gro\u00dfe Dateitransfers.<\/li>\n<li><strong>Voller Festplatten-\/Dateisystemzugriff<\/strong>: Umfassender Zugriff auf das Dateisystem f\u00fcr Formatierung und Reparatur.<\/li>\n<li><strong>Lokale App-Kompilierung und -Installation<\/strong>: Lokale Entwicklung und Installation von Apps erm\u00f6glichen.<\/li>\n<li><strong>Men\u00fcleiste<\/strong>: Einf\u00fchrung einer persistenten Men\u00fcleiste f\u00fcr bessere Auffindbarkeit von App-Funktionen.<\/li>\n<li><strong>Hilfesystem<\/strong>: Modernes Hilfesystem-API f\u00fcr bessere Dokumentation in Apps.<\/li>\n<\/ul>\n<h2>ZEIT-Gespr\u00e4ch<\/h2>\n<p>Etwas weniger streng <a href=\"https:\/\/www.zeit.de\/digital\/mobil\/2024-05\/apple-ipad-kuenstliche-intelligenz-prozessoren-john-ternus\/komplettansicht\">geht die ZEIT<\/a> mit dem neuen iPad ins Gericht und zitiert aus einem Gespr\u00e4ch mit Apples Marketing-Chef Greg &#8222;Joz&#8220; Joswiak. Dieser bittet unter anderem darum, dass das iPad nicht in die Kategorie der konventionellen Tablets einsortiert wird: &#8222;Ich mag es nicht, das iPad als Tablet zu bezeichnen. Tablets sind nicht mehr als gro\u00dfe Telefone, die f\u00fcr nicht viel mehr gut sind als zum Filmgucken.&#8220;<\/p>\n<script>\r\n  function open_amazon(link) {\r\n    if (navigator.userAgent.indexOf(\"Firefox\") != -1) {\r\n      window.open(link, '_blank');\r\n    } else {\r\n      var tag = document.createElement('a');\r\n      tag.setAttribute('href', link);\r\n      tag.innerHTML = \"amzn\";\r\n      tag.click();\r\n    }\r\n  }\r\n<\/script>\r\n    <div id=\"article-single-amazon-preview\" onclick=\"return open_amazon('https:\/\/www.amazon.de\/dp\/B0D3J7Q6PS?tag=musicweb02&linkCode=ogi&th=1&psc=1');\">\n  <div id=\"article-single-amazon-preview-header\">\n    <span class=\"title\">Produkthinweis<\/span>\n      <\/div>\n  <div id=\"article-single-amazon-preview-content\">\n    <div id=\"article-single-amazon-preview-img\" style=\"background: url('https:\/\/m.media-amazon.com\/images\/I\/41Y0tjkIiaL.jpg') center center no-repeat; background-size: cover;\"><\/div>\n    <div id=\"article-single-amazon-preview-desc\">\n      <span class=\"bezeichnung\"><a href=\"https:\/\/www.amazon.de\/dp\/B0D3J7Q6PS?tag=musicweb02&linkCode=ogi&th=1&psc=1\" style=\"text-decoration: none; border-bottom: 0px; box-shadow: none;\">Apple 11\" iPad Air (M2): Liquid Retina Display, 128 GB, 12 MP Querformat Frontkamera\/12 MP R\u00fcckkamera, WLAN 6E, Touch...<\/a><\/span>\n      <span class=\"preis--aktuell\">500,04 EUR<\/span>\n      <span class=\"preis--alt\"><\/span>\n    <\/div>\n  <\/div>\n<\/div>\n<p><div class=\"responsive-video\"><iframe loading=\"lazy\" title=\"Ehrliche iPad Pro Werbung\" width=\"500\" height=\"281\" src=\"https:\/\/www.youtube-nocookie.com\/embed\/Gn9aA1Rs8D0?feature=oembed\" frameborder=\"0\" allow=\"accelerometer; autoplay; clipboard-write; encrypted-media; gyroscope; picture-in-picture; web-share\" referrerpolicy=\"strict-origin-when-cross-origin\" allowfullscreen><\/iframe><\/div><\/p>\n<p><img loading=\"lazy\" decoding=\"async\" src=\"https:\/\/vg08.met.vgwort.de\/na\/162752d7b2bc45de90f8332bcd41d175\" width=\"1\" height=\"1\" no-lazy class=\"tracking\"><\/p>\n","protected":false},"excerpt":{"rendered":"<a href=\"https:\/\/www.ifun.de\/ipad-verkaufsstart-maengelliste-zeit-gespraech-40-hardware-preise-232610\/\"><img width=\"150\" height=\"150\" src=\"https:\/\/images.ifun.de\/wp-content\/uploads\/2024\/05\/ipad-verkaufspreise-150x150.png\" class=\"alignright tfe wp-post-image\" alt=\"Ipad Verkaufspreise\" decoding=\"async\" loading=\"lazy\" \/><\/a><p>Acht Tage nach dem Medien-Event vom vergangenen Dienstag gehen heute sowohl die neuen iPad Pro-Modelle als auch das jetzt in zwei Gr\u00f6\u00dfen erh\u00e4ltliche iPad Air in den Verkauf. Apple hat im hauseigenen Newsroom heute noch einmal an den Verkaufsauftakt erinnert und geht dort auch auf die unterschiedlichen Konfigurationen ein, die f\u00fcr Preise zwischen 699 und [&hellip;]<\/p>\n","protected":false},"author":1,"featured_media":232611,"comment_status":"open","ping_status":"closed","sticky":false,"template":"","format":"standard","meta":{"_acf_changed":false,"footnotes":""},"categories":[10,1783],"tags":[4736,4740,2067,2486],"class_list":["post-232610","post","type-post","status-publish","format-standard","has-post-thumbnail","hentry","category-ipad","category-feature","tag-apple","tag-ipad","tag-ipad-air","tag-ipad-pro"],"acf":[],"aioseo_notices":[],"featured_image":["https:\/\/images.ifun.de\/wp-content\/uploads\/2024\/05\/ipad-pro-feature-1.jpg"],"subheadline":["Zwischen 699 und 3.139 Euro"],"rest_api_enabler":{"featured_image":"https:\/\/images.ifun.de\/wp-content\/uploads\/2024\/05\/ipad-pro-feature-1.jpg","subheadline":"Zwischen 699 und 3.139 Euro"},"_links":{"self":[{"href":"https:\/\/www.ifun.de\/apiv2\/wp\/v2\/posts\/232610","targetHints":{"allow":["GET"]}}],"collection":[{"href":"https:\/\/www.ifun.de\/apiv2\/wp\/v2\/posts"}],"about":[{"href":"https:\/\/www.ifun.de\/apiv2\/wp\/v2\/types\/post"}],"author":[{"embeddable":true,"href":"https:\/\/www.ifun.de\/apiv2\/wp\/v2\/users\/1"}],"replies":[{"embeddable":true,"href":"https:\/\/www.ifun.de\/apiv2\/wp\/v2\/comments?post=232610"}],"version-history":[{"count":2,"href":"https:\/\/www.ifun.de\/apiv2\/wp\/v2\/posts\/232610\/revisions"}],"predecessor-version":[{"id":232632,"href":"https:\/\/www.ifun.de\/apiv2\/wp\/v2\/posts\/232610\/revisions\/232632"}],"wp:featuredmedia":[{"embeddable":true,"href":"https:\/\/www.ifun.de\/apiv2\/wp\/v2\/media\/232611"}],"wp:attachment":[{"href":"https:\/\/www.ifun.de\/apiv2\/wp\/v2\/media?parent=232610"}],"wp:term":[{"taxonomy":"category","embeddable":true,"href":"https:\/\/www.ifun.de\/apiv2\/wp\/v2\/categories?post=232610"},{"taxonomy":"post_tag","embeddable":true,"href":"https:\/\/www.ifun.de\/apiv2\/wp\/v2\/tags?post=232610"}],"curies":[{"name":"wp","href":"https:\/\/api.w.org\/{rel}","templated":true}]}}