{"id":23228,"date":"2012-03-15T17:09:45","date_gmt":"2012-03-15T16:09:45","guid":{"rendered":"http:\/\/www.ifun.de\/?p=23228"},"modified":"2012-03-15T17:09:45","modified_gmt":"2012-03-15T16:09:45","slug":"ipad-3-auf-dem-seziertisch-der-erste-blick-in-das-gerateinnere","status":"publish","type":"post","link":"https:\/\/www.ifun.de\/ipad-3-auf-dem-seziertisch-der-erste-blick-in-das-gerateinnere-23228\/","title":{"rendered":"iPad 3 auf dem Seziertisch: Der erste Blick in das Ger\u00e4teinnere"},"content":{"rendered":"<p>Der Ersatzteil-H\u00e4ndler <a href=\"http:\/\/www.ifixit.com\/Teardown\/iPad-3-4G-Teardown\/8277\/1?revisionid=HED\">iFixit<\/a> hat sich die LTE-Version des neuen iPads in Australien abgegriffen und wirft zur Stunde einen ersten <a href=\"http:\/\/www.ifixit.com\/Teardown\/iPad-3-4G-Teardown\/8277\/1?revisionid=HED\">Blick unter die Haube<\/a> der dritten iPad-Generation. Die gerade live aktualisierte <a href=\"http:\/\/www.ifixit.com\/Teardown\/iPad-3-4G-Teardown\/8277\/1?revisionid=HEAD\">Bilder-Galerie<\/a> bietet bislang zwei interessante Fundst\u00fccke. Zum einen informiert Apple australische K\u00e4ufer mit einem Aufkleber dar\u00fcber, dass die iPad 3 LTE-Unterst\u00fctzung ausschlie\u00dflich in den USA funktioniert, zum anderen unterscheiden sich sowohl der Display-Anschluss (erwartet) als auch das Logic-Board deutlich vom Vorg\u00e4nger, der <a href=\"http:\/\/www.ifixit.com\/Teardown\/iPad-2-Wi-Fi-Teardown\/5071\/1\">hier auseinander genommen<\/a> wurde. <\/p>\n<p><a href=\"http:\/\/www.ifixit.com\/Teardown\/iPad-3-4G-Teardown\/8277\/1?revisionid=HED\"><img loading=\"lazy\" decoding=\"async\" src=\"http:\/\/images.ifun.de\/wp-content\/uploads\/2012\/03\/ipad-zerlegt.jpg\" alt=\"\" title=\"ipad-zerlegt\" width=\"464\" height=\"108\" class=\"alignnone size-full wp-image-23226\" srcset=\"https:\/\/images.ifun.de\/wp-content\/uploads\/2012\/03\/ipad-zerlegt.jpg 464w, https:\/\/images.ifun.de\/wp-content\/uploads\/2012\/03\/ipad-zerlegt-300x69.jpg 300w\" sizes=\"auto, (max-width: 464px) 100vw, 464px\" \/><\/a><\/p>\n","protected":false},"excerpt":{"rendered":"<a href=\"https:\/\/www.ifun.de\/ipad-3-auf-dem-seziertisch-der-erste-blick-in-das-gerateinnere-23228\/\"><img decoding=\"async\" width=\"150\" src=\"http:\/\/images.ifun.de\/wp-content\/uploads\/2012\/03\/ipad-zerlegt.jpg\" class=\"alignright wp-post-image tfe\" alt=\"\" title=\"ipad-zerlegt\" \/><\/a><p>Der Ersatzteil-H\u00e4ndler iFixit hat sich die LTE-Version des neuen iPads in Australien abgegriffen und wirft zur Stunde einen ersten Blick unter die Haube der dritten iPad-Generation. Die gerade live aktualisierte Bilder-Galerie bietet bislang zwei interessante Fundst\u00fccke. Zum einen informiert Apple australische K\u00e4ufer mit einem Aufkleber dar\u00fcber, dass die iPad 3 LTE-Unterst\u00fctzung ausschlie\u00dflich in den USA [&hellip;]<\/p>\n","protected":false},"author":1,"featured_media":0,"comment_status":"open","ping_status":"closed","sticky":false,"template":"","format":"standard","meta":{"_acf_changed":false,"footnotes":""},"categories":[10],"tags":[415,164,4740,123,1063],"class_list":["post-23228","post","type-post","status-publish","format-standard","hentry","category-ipad","tag-bilder","tag-diy","tag-ipad","tag-reparatur","tag-teardown"],"acf":[],"aioseo_notices":[],"rest_api_enabler":[],"_links":{"self":[{"href":"https:\/\/www.ifun.de\/apiv2\/wp\/v2\/posts\/23228","targetHints":{"allow":["GET"]}}],"collection":[{"href":"https:\/\/www.ifun.de\/apiv2\/wp\/v2\/posts"}],"about":[{"href":"https:\/\/www.ifun.de\/apiv2\/wp\/v2\/types\/post"}],"author":[{"embeddable":true,"href":"https:\/\/www.ifun.de\/apiv2\/wp\/v2\/users\/1"}],"replies":[{"embeddable":true,"href":"https:\/\/www.ifun.de\/apiv2\/wp\/v2\/comments?post=23228"}],"version-history":[{"count":2,"href":"https:\/\/www.ifun.de\/apiv2\/wp\/v2\/posts\/23228\/revisions"}],"predecessor-version":[{"id":23230,"href":"https:\/\/www.ifun.de\/apiv2\/wp\/v2\/posts\/23228\/revisions\/23230"}],"wp:attachment":[{"href":"https:\/\/www.ifun.de\/apiv2\/wp\/v2\/media?parent=23228"}],"wp:term":[{"taxonomy":"category","embeddable":true,"href":"https:\/\/www.ifun.de\/apiv2\/wp\/v2\/categories?post=23228"},{"taxonomy":"post_tag","embeddable":true,"href":"https:\/\/www.ifun.de\/apiv2\/wp\/v2\/tags?post=23228"}],"curies":[{"name":"wp","href":"https:\/\/api.w.org\/{rel}","templated":true}]}}