{"id":232163,"date":"2024-05-07T15:40:58","date_gmt":"2024-05-07T13:40:58","guid":{"rendered":"https:\/\/www.ifun.de\/?p=232163"},"modified":"2024-05-07T15:41:30","modified_gmt":"2024-05-07T13:41:30","slug":"lass-dich-frei-apple-event-ab-1600-uhr-im-stream","status":"publish","type":"post","link":"https:\/\/www.ifun.de\/lass-dich-frei-apple-event-ab-1600-uhr-im-stream-232163\/","title":{"rendered":"&#8222;Lass dich frei&#8220;: Apple Event ab 16:00 Uhr im Stream"},"content":{"rendered":"<p>Ab 16:00 Uhr deutscher Zeit wird Apple sein f\u00fcr heute angesetztes Apple Event unter der \u00dcberschrift &#8222;Lass dich frei&#8220; sowohl im offiziellen <a href=\"https:\/\/www.youtube.com\/watch?v=f1J38FlDKxo\">Apple-Kanal<\/a> auf Googles Videoportal YouTube als auch auf der hauseigenen Events-Webseite <a href=\"https:\/\/www.apple.com\/de\/apple-events\/\">apple.com\/de\/apple-events<\/a> als Videostream zur Verf\u00fcgung stellen.<\/p>\n<p><a href=\"https:\/\/images.ifun.de\/wp-content\/uploads\/2024\/05\/neue-ipads.jpg\"><img loading=\"lazy\" decoding=\"async\" class=\"aligncenter size-medium wp-image-232165\" src=\"https:\/\/images.ifun.de\/wp-content\/uploads\/2024\/05\/neue-ipads-500x291.jpg\" alt=\"Neue Ipads\" width=\"500\" height=\"291\" srcset=\"https:\/\/images.ifun.de\/wp-content\/uploads\/2024\/05\/neue-ipads-500x291.jpg 500w, https:\/\/images.ifun.de\/wp-content\/uploads\/2024\/05\/neue-ipads-700x408.jpg 700w, https:\/\/images.ifun.de\/wp-content\/uploads\/2024\/05\/neue-ipads-768x447.jpg 768w, https:\/\/images.ifun.de\/wp-content\/uploads\/2024\/05\/neue-ipads.jpg 1185w\" sizes=\"auto, (max-width: 500px) 100vw, 500px\" \/><\/a><\/p>\n<h6>Neues iPad Pro und neues iPad Air?<\/h6>\n<h2>Neue iPads und ein Pencil<\/h2>\n<p>Erwartet wird die Vorstellung neuer iPad-Modelle &#8211; und diese gelten als fast schon \u00fcberf\u00e4llig. Apple hat seit grob anderthalb Jahren keine neuen Tablets mehr in die Spur geschickt. Vor allem das in zwei Gr\u00f6\u00dfen erh\u00e4ltliche iPad Pro gilt hier als ausgemachter Kandidat f\u00fcr eine \u00dcberarbeitung. Ebenfalls hoch im Rennen: das iPad Air, das in diesem Jahr erstmals auch in zwei Gr\u00f6\u00dfen vorgestellt werden k\u00f6nnte.<\/p>\n<p>Zudem scheint Apple einen weiteren Apple Pencil pr\u00e4sentieren zu wollen, der \u00fcber neue Funktionen wie einen integrierten &#8222;Radierer&#8220; verf\u00fcgen k\u00f6nnte, den alle der bislang im Handel erh\u00e4ltlichen Pencil-Modelle so noch nicht implementieren. Doch zum Spekulieren ist so gut wie keine Zeit mehr &#8211; Apple wird bereits in wenigen Minuten Fakten schaffen.<\/p>\n<p><div class=\"responsive-video\"><iframe loading=\"lazy\" title=\"Apple Event - May 7\" width=\"500\" height=\"281\" src=\"https:\/\/www.youtube-nocookie.com\/embed\/f1J38FlDKxo?feature=oembed\" frameborder=\"0\" allow=\"accelerometer; autoplay; clipboard-write; encrypted-media; gyroscope; picture-in-picture; web-share\" referrerpolicy=\"strict-origin-when-cross-origin\" allowfullscreen><\/iframe><\/div><\/p>\n<h2>Vorbestellungen ab Freitag?<\/h2>\n<p>In der Regel folgen neue Produkteinf\u00fchrungen von Cupertino einem festen Muster: Dienstags wird angek\u00fcndigt. Am darauf folgenden Freitag erfolgt der Bestellstart. Am Freitag in der darauf folgenden Woche dann die Auslieferung und der Verkauf in den Ladengesch\u00e4ften.<\/p>\n<p>Eine \u00e4hnliche Abfolge erwarten wir auch heute und gehen davon aus, dass ihr euch von m\u00f6glicherweise bevorstehenden Kaufentscheidungen nicht stressen lassen solltet, sondern noch genug Zeit zum Abw\u00e4gen haben werdet. Hier noch mal der Blick auf das bisherige Lineup:<\/p>\n<ul>\n<li><strong>PDF-Download:<\/strong> <a href=\"https:\/\/images.ifun.de\/wp-content\/uploads\/2024\/05\/ipad-modelle-vergleich.pdf\">Apples aktuelle iPad-Modelle<\/a><\/li>\n<li><strong>JPG-Datei:<\/strong> <a href=\"https:\/\/images.ifun.de\/wp-content\/uploads\/2024\/05\/ipad-modelle-small-scaled.jpg\">Apples aktuelle iPad-Modelle<\/a><\/li>\n<\/ul>\n<h2>Online Store bereits offline<\/h2>\n<p><a href=\"https:\/\/apple.sjv.io\/jWQevM\">Apples Online Store<\/a> ist vor wenigen Minuten vom Netz gegangen und wird nach der Pr\u00e4sentation der neuen Produkte weder zur\u00fcckkehren.<\/p>\n<p><a href=\"https:\/\/images.ifun.de\/wp-content\/uploads\/2024\/05\/apple-store-offline.png\"><img loading=\"lazy\" decoding=\"async\" class=\"aligncenter size-large wp-image-232164\" src=\"https:\/\/images.ifun.de\/wp-content\/uploads\/2024\/05\/apple-store-offline-700x450.png\" alt=\"Apple Store Offline\" width=\"700\" height=\"450\" srcset=\"https:\/\/images.ifun.de\/wp-content\/uploads\/2024\/05\/apple-store-offline-700x450.png 700w, https:\/\/images.ifun.de\/wp-content\/uploads\/2024\/05\/apple-store-offline-500x322.png 500w, https:\/\/images.ifun.de\/wp-content\/uploads\/2024\/05\/apple-store-offline-768x494.png 768w, https:\/\/images.ifun.de\/wp-content\/uploads\/2024\/05\/apple-store-offline-1536x988.png 1536w, https:\/\/images.ifun.de\/wp-content\/uploads\/2024\/05\/apple-store-offline-2048x1317.png 2048w\" sizes=\"auto, (max-width: 700px) 100vw, 700px\" \/><\/a><\/p>\n<p><img loading=\"lazy\" decoding=\"async\" src=\"https:\/\/vg02.met.vgwort.de\/na\/4314f5167b4f4c6fa50b3ba50a32971e\" width=\"1\" height=\"1\" no-lazy class=\"tracking\"><\/p>\n","protected":false},"excerpt":{"rendered":"<a href=\"https:\/\/www.ifun.de\/lass-dich-frei-apple-event-ab-1600-uhr-im-stream-232163\/\"><img width=\"150\" height=\"150\" src=\"https:\/\/images.ifun.de\/wp-content\/uploads\/2024\/05\/neue-ipads-150x150.jpg\" class=\"alignright tfe wp-post-image\" alt=\"Neue Ipads\" decoding=\"async\" loading=\"lazy\" \/><\/a><p>Ab 16:00 Uhr deutscher Zeit wird Apple sein f\u00fcr heute angesetztes Apple Event unter der \u00dcberschrift &#8222;Lass dich frei&#8220; sowohl im offiziellen Apple-Kanal auf Googles Videoportal YouTube als auch auf der hauseigenen Events-Webseite apple.com\/de\/apple-events als Videostream zur Verf\u00fcgung stellen. Neues iPad Pro und neues iPad Air? Neue iPads und ein Pencil Erwartet wird die Vorstellung [&hellip;]<\/p>\n","protected":false},"author":1,"featured_media":232165,"comment_status":"open","ping_status":"closed","sticky":false,"template":"","format":"standard","meta":{"_acf_changed":false,"footnotes":""},"categories":[1],"tags":[4736,288,4740],"class_list":["post-232163","post","type-post","status-publish","format-standard","has-post-thumbnail","hentry","category-news","tag-apple","tag-event","tag-ipad"],"acf":[],"aioseo_notices":[],"featured_image":["https:\/\/images.ifun.de\/wp-content\/uploads\/2024\/04\/lass-dich-frei-feature.jpg"],"subheadline":["Online Store bereits offline"],"rest_api_enabler":{"featured_image":"https:\/\/images.ifun.de\/wp-content\/uploads\/2024\/04\/lass-dich-frei-feature.jpg","subheadline":"Online Store bereits offline"},"_links":{"self":[{"href":"https:\/\/www.ifun.de\/apiv2\/wp\/v2\/posts\/232163","targetHints":{"allow":["GET"]}}],"collection":[{"href":"https:\/\/www.ifun.de\/apiv2\/wp\/v2\/posts"}],"about":[{"href":"https:\/\/www.ifun.de\/apiv2\/wp\/v2\/types\/post"}],"author":[{"embeddable":true,"href":"https:\/\/www.ifun.de\/apiv2\/wp\/v2\/users\/1"}],"replies":[{"embeddable":true,"href":"https:\/\/www.ifun.de\/apiv2\/wp\/v2\/comments?post=232163"}],"version-history":[{"count":3,"href":"https:\/\/www.ifun.de\/apiv2\/wp\/v2\/posts\/232163\/revisions"}],"predecessor-version":[{"id":232171,"href":"https:\/\/www.ifun.de\/apiv2\/wp\/v2\/posts\/232163\/revisions\/232171"}],"wp:featuredmedia":[{"embeddable":true,"href":"https:\/\/www.ifun.de\/apiv2\/wp\/v2\/media\/232165"}],"wp:attachment":[{"href":"https:\/\/www.ifun.de\/apiv2\/wp\/v2\/media?parent=232163"}],"wp:term":[{"taxonomy":"category","embeddable":true,"href":"https:\/\/www.ifun.de\/apiv2\/wp\/v2\/categories?post=232163"},{"taxonomy":"post_tag","embeddable":true,"href":"https:\/\/www.ifun.de\/apiv2\/wp\/v2\/tags?post=232163"}],"curies":[{"name":"wp","href":"https:\/\/api.w.org\/{rel}","templated":true}]}}