{"id":232011,"date":"2024-05-04T09:39:26","date_gmt":"2024-05-04T07:39:26","guid":{"rendered":"https:\/\/www.ifun.de\/?p=232011"},"modified":"2024-05-04T09:39:26","modified_gmt":"2024-05-04T07:39:26","slug":"apple-event-am-dienstag-ipad-vorstellung-zu-ungewohnter-uhrzeit","status":"publish","type":"post","link":"https:\/\/www.ifun.de\/apple-event-am-dienstag-ipad-vorstellung-zu-ungewohnter-uhrzeit-232011\/","title":{"rendered":"Apple-Event am Dienstag: iPad-Vorstellung zu ungewohnter Uhrzeit"},"content":{"rendered":"<p>Am Dienstag wird Apple zum ersten Mal seit gut anderthalb Jahren wieder neue iPads vorstellen. Bei der \u201eLet Loose\u201c &#8211; in Deutschland \u201e<a href=\"https:\/\/www.apple.com\/de\/apple-events\/\">Lass dich frei<\/a>\u201c &#8211; genannten Veranstaltung f\u00e4llt zu allererst die f\u00fcr Apple-Events ungewohnte Uhrzeit auf. Anstatt sonst um 10 Uhr Vormittags m\u00fcssen an der Westk\u00fcste lebende Amerikaner am Dienstag bereits um 7 Uhr morgens ihre Rechner anwerfen, um der Pr\u00e4sentation beizuwohnen.<\/p>\n<p>Die auch f\u00fcr die in der Firmenzentrale von Apple in Cupertino t\u00e4tigen Mitarbeiter ungem\u00fctlich fr\u00fche Startzeit der Veranstaltung kann eigentlich nur einen Grund haben: Apple spekuliert darauf, dass auch wenn es dort dann schon 22 Uhr ist, noch m\u00f6glichst viele seiner Kunden in China der \u00dcbertragung beiwohnen und sich auf diese Weise der Umsatz auf dem f\u00fcr das Unternehmen nach den USA wichtigsten Markt wieder etwas ankurbeln l\u00e4sst.<\/p>\n<p><a href=\"https:\/\/images.ifun.de\/wp-content\/uploads\/2024\/05\/ipad-event-einladung.jpg\"><img loading=\"lazy\" decoding=\"async\" src=\"https:\/\/images.ifun.de\/wp-content\/uploads\/2024\/05\/ipad-event-einladung-700x468.jpg\" alt=\"Ipad Event Einladung\" width=\"700\" height=\"468\" class=\"alignnone size-large wp-image-232014\" srcset=\"https:\/\/images.ifun.de\/wp-content\/uploads\/2024\/05\/ipad-event-einladung-700x468.jpg 700w, https:\/\/images.ifun.de\/wp-content\/uploads\/2024\/05\/ipad-event-einladung-500x334.jpg 500w, https:\/\/images.ifun.de\/wp-content\/uploads\/2024\/05\/ipad-event-einladung-768x513.jpg 768w, https:\/\/images.ifun.de\/wp-content\/uploads\/2024\/05\/ipad-event-einladung.jpg 1400w\" sizes=\"auto, (max-width: 700px) 100vw, 700px\" \/><\/a><\/p>\n<p>Ob 16 Uhr Nachmittags in Europa eine bessere Wahl ist, als die sonst hier \u00fcblichen 19 Uhr f\u00fcr Apple-Events, ist eher fraglich. Man muss zumindest davon ausgehen, dass zu dieser Zeit noch viele interessierte Apple-Kunden beruflich oder auch schulisch eingebunden sind und am fr\u00fchen Abend eher ein St\u00fcndchen Zeit h\u00e4tten.<\/p>\n<h2>Halbe Stunde oder doch l\u00e4nger?<\/h2>\n<p>Das \u201eSt\u00fcndchen\u201c ist dann auch eine gute \u00dcberleitung zur voraussichtlichen Dauer und den Inhalten der Veranstaltung- hier scheint aus unserer Sicht aktuell alles m\u00f6glich.<\/p>\n<p>Apple selbst blockt satte zwei Stunden im Kalender, wenn man von der <a href=\"https:\/\/www.apple.com\/de\/apple-events\/home\/assets\/event\/event.ics\" title=\"Zu deinem Kalender hinzuf\u00fcgen\">iCal-Option<\/a> auf der Ank\u00fcndigungsseite auf der Apple-Webseite Gebrauch macht. Ganz im Gegenteil dazu spricht der gew\u00f6hnlich gut informierte Bloomberg-Autor <a href=\"https:\/\/www.bloomberg.com\/news\/articles\/2024-05-03\/apple-ipad-event-2024-new-ipad-pro-air-magic-keyboard-pencil-coming-may-7\">Mark Gurman<\/a> davon, dass mit einer etwas mehr als halbst\u00fcndigen Pr\u00e4sentation zu rechnen sei.<\/p>\n<p>Diese knappe Zeitspanne w\u00fcrde wohl ausreichen, um die erwarteten neuen Modelle des iPad Pro und des iPad Air inklusive einer \u00fcberarbeiteten Version des Apple Pencil und vielleicht auch weiterem iPad-Zubeh\u00f6r, allem voran die Magic-Keyboard-Tastatur vorzustellen. Mit viel mehr d\u00fcrfte man dann aber nicht rechnen.<\/p>\n<h2>iPads und Kreativit\u00e4t im Fokus<\/h2>\n<p><a href=\"https:\/\/images.ifun.de\/wp-content\/uploads\/2024\/05\/ipad-event-logos.jpg\"><img loading=\"lazy\" decoding=\"async\" src=\"https:\/\/images.ifun.de\/wp-content\/uploads\/2024\/05\/ipad-event-logos-700x145.jpg\" alt=\"Ipad Event Logos\" width=\"700\" height=\"145\" class=\"alignnone size-large wp-image-232016\" srcset=\"https:\/\/images.ifun.de\/wp-content\/uploads\/2024\/05\/ipad-event-logos-700x145.jpg 700w, https:\/\/images.ifun.de\/wp-content\/uploads\/2024\/05\/ipad-event-logos-500x103.jpg 500w, https:\/\/images.ifun.de\/wp-content\/uploads\/2024\/05\/ipad-event-logos-768x159.jpg 768w, https:\/\/images.ifun.de\/wp-content\/uploads\/2024\/05\/ipad-event-logos.jpg 1400w\" sizes=\"auto, (max-width: 700px) 100vw, 700px\" \/><\/a><\/p>\n<p>Der Fokus der kommenden Apple-Veranstaltung &#8211; das hat bereits die Einladungsgrafik deutlich gemacht &#8211; wird in jedem Fall auf dem iPad liegen und wohl einen Schwerpunkt auf die damit verbundenen kreativen M\u00f6glichkeiten legen. Weitere Themen k\u00f6nnen dann bereits vier Wochen sp\u00e4ter im Mittelpunkt stehen, wenn Apple am 10. Juni seine allj\u00e4hrliche Entwicklerkonferenz WWDC er\u00f6ffnet. Apple-Chef Tim Cook hat uns hier ja besonders auf den Bereich KI bezogen bereits <a href=\"https:\/\/www.ifun.de\/tim-cook-wirbt-erneut-fuer-apples-anstehende-ki-offensive-231968\/\" title=\"Tim Cook wirbt erneut f\u00fcr Apples anstehende KI-Offensive\">den Mund w\u00e4ssrig gemacht<\/a>.<\/p>\n<p>Sicher scheint jetzt schon, dass die WWDC-Er\u00f6ffnung die erste, zumindest zum Teil live abgehaltene Veranstaltung von Apple in diesem Jahr sein wird. In der kommenden Woche m\u00fcssen wir uns wohl mit einem vorab produzierten Video begn\u00fcgen.<img loading=\"lazy\" decoding=\"async\" src=\"https:\/\/vg01.met.vgwort.de\/na\/97c85d7847bf4fa1be0cb337f9c59ea9\" width=\"1\" height=\"1\" no-lazy class=\"tracking\"><\/p>\n","protected":false},"excerpt":{"rendered":"<a href=\"https:\/\/www.ifun.de\/apple-event-am-dienstag-ipad-vorstellung-zu-ungewohnter-uhrzeit-232011\/\"><img width=\"150\" height=\"150\" src=\"https:\/\/images.ifun.de\/wp-content\/uploads\/2024\/05\/ipad-event-einladung-150x150.jpg\" class=\"alignright tfe wp-post-image\" alt=\"Ipad Event Einladung\" decoding=\"async\" loading=\"lazy\" \/><\/a><p>Am Dienstag wird Apple zum ersten Mal seit gut anderthalb Jahren wieder neue iPads vorstellen. Bei der \u201eLet Loose\u201c &#8211; in Deutschland \u201eLass dich frei\u201c &#8211; genannten Veranstaltung f\u00e4llt zu allererst die f\u00fcr Apple-Events ungewohnte Uhrzeit auf. Anstatt sonst um 10 Uhr Vormittags m\u00fcssen an der Westk\u00fcste lebende Amerikaner am Dienstag bereits um 7 Uhr [&hellip;]<\/p>\n","protected":false},"author":2,"featured_media":232014,"comment_status":"open","ping_status":"closed","sticky":false,"template":"","format":"standard","meta":{"_acf_changed":false,"footnotes":""},"categories":[10],"tags":[308,4740],"class_list":["post-232011","post","type-post","status-publish","format-standard","has-post-thumbnail","hentry","category-ipad","tag-apple-event","tag-ipad"],"acf":[],"aioseo_notices":[],"featured_image":["https:\/\/images.ifun.de\/wp-content\/uploads\/2020\/09\/tim-cook-apple.jpg"],"subheadline":["Kompakt auf eine halbe Stunde komprimiert?"],"rest_api_enabler":{"featured_image":"https:\/\/images.ifun.de\/wp-content\/uploads\/2020\/09\/tim-cook-apple.jpg","subheadline":"Kompakt auf eine halbe Stunde komprimiert?"},"_links":{"self":[{"href":"https:\/\/www.ifun.de\/apiv2\/wp\/v2\/posts\/232011","targetHints":{"allow":["GET"]}}],"collection":[{"href":"https:\/\/www.ifun.de\/apiv2\/wp\/v2\/posts"}],"about":[{"href":"https:\/\/www.ifun.de\/apiv2\/wp\/v2\/types\/post"}],"author":[{"embeddable":true,"href":"https:\/\/www.ifun.de\/apiv2\/wp\/v2\/users\/2"}],"replies":[{"embeddable":true,"href":"https:\/\/www.ifun.de\/apiv2\/wp\/v2\/comments?post=232011"}],"version-history":[{"count":6,"href":"https:\/\/www.ifun.de\/apiv2\/wp\/v2\/posts\/232011\/revisions"}],"predecessor-version":[{"id":232020,"href":"https:\/\/www.ifun.de\/apiv2\/wp\/v2\/posts\/232011\/revisions\/232020"}],"wp:featuredmedia":[{"embeddable":true,"href":"https:\/\/www.ifun.de\/apiv2\/wp\/v2\/media\/232014"}],"wp:attachment":[{"href":"https:\/\/www.ifun.de\/apiv2\/wp\/v2\/media?parent=232011"}],"wp:term":[{"taxonomy":"category","embeddable":true,"href":"https:\/\/www.ifun.de\/apiv2\/wp\/v2\/categories?post=232011"},{"taxonomy":"post_tag","embeddable":true,"href":"https:\/\/www.ifun.de\/apiv2\/wp\/v2\/tags?post=232011"}],"curies":[{"name":"wp","href":"https:\/\/api.w.org\/{rel}","templated":true}]}}