{"id":231743,"date":"2024-04-29T10:00:09","date_gmt":"2024-04-29T08:00:09","guid":{"rendered":"https:\/\/www.ifun.de\/?p=231743"},"modified":"2024-04-29T10:00:50","modified_gmt":"2024-04-29T08:00:50","slug":"anker-solix-solarbank-2-balkonkraftwerk-akku-kommt-in-neuer-generation","status":"publish","type":"post","link":"https:\/\/www.ifun.de\/anker-solix-solarbank-2-balkonkraftwerk-akku-kommt-in-neuer-generation-231743\/","title":{"rendered":"Anker SOLIX Solarbank 2: Balkonkraftwerk-Akku in neuer Generation"},"content":{"rendered":"<p>Passend zur Jahreszeit und den l\u00e4nger werdenden Tagen hat Anker sein SOLIX-Setup erweitert. Mit den Modellen <a href=\"https:\/\/www.awin1.com\/cread.php?awinmid=32623&amp;awinaffid=399545&amp;ued=https%3A%2F%2Fwww.anker.com%2Feu-de%2Fanker-solix%2Fbalkonkraftwerk-mit-speicher-solarbank2-a17c1-bms\">Solarbank 2 E1600 Plus und Solarbank 2 E1600 Pro<\/a> hat der Hersteller zwei neue Akkus f\u00fcr Balkonkraftwerke im Programm, die sich auf den ersten Blick nur wenig vom Vorg\u00e4nger unterscheiden, in zentralen Bereichen aber willkommene Verbesserungen mit sich bringen. Anker optimiert vor allem die Leistung und hat die Ger\u00e4te so konzipiert, dass sich die Kapazit\u00e4t stufenweise erh\u00f6hen l\u00e4sst. Zudem ist der Wechselrichter jetzt in den Akku integriert.<\/p>\n<p><a href=\"https:\/\/images.ifun.de\/wp-content\/uploads\/2024\/04\/anker-solarbank-2-stapelbar.jpg\"><img loading=\"lazy\" decoding=\"async\" src=\"https:\/\/images.ifun.de\/wp-content\/uploads\/2024\/04\/anker-solarbank-2-stapelbar-500x389.jpg\" alt=\"Anker Solarbank 2 Stapelbar\" width=\"500\" height=\"389\" class=\"alignnone size-medium wp-image-231748\" srcset=\"https:\/\/images.ifun.de\/wp-content\/uploads\/2024\/04\/anker-solarbank-2-stapelbar-500x389.jpg 500w, https:\/\/images.ifun.de\/wp-content\/uploads\/2024\/04\/anker-solarbank-2-stapelbar-700x544.jpg 700w, https:\/\/images.ifun.de\/wp-content\/uploads\/2024\/04\/anker-solarbank-2-stapelbar-768x597.jpg 768w, https:\/\/images.ifun.de\/wp-content\/uploads\/2024\/04\/anker-solarbank-2-stapelbar.jpg 1248w\" sizes=\"auto, (max-width: 500px) 100vw, 500px\" \/><\/a><\/p>\n<p>Einer unserer zentralen Kritikpunkte an der ersten Generation der Solarbank von Anker war die Tatsache, dass der Akku zwar grunds\u00e4tzlich f\u00fcr den Au\u00dfeneinsatz geeignet ist, bei Temperaturen unter dem Gefrierpunkt allerdings nicht mehr l\u00e4dt. Dieses Manko wird mit der neuen Generation der SOLIX-Akkus adressiert und ein integriertes Heizmodul sorgt daf\u00fcr, dass der Akku auch bei Temperaturen bis zu -10 Grad noch geladen werden kann. Somit eignet sich die Anker Solarbank jetzt auch deutlich besser f\u00fcr die Aufstellung im Au\u00dfenbereich. Die generelle Funktion des Ger\u00e4ts ist zwischen -20 und +55 Grad gew\u00e4hrleistet.<\/p>\n<p>Anker stattet seine neuen Solarbank-Modell zudem mit zus\u00e4tzlichen MPPTs aus. Die Abk\u00fcrzung steht f\u00fcr \u201eMaximum Power Point Tracking\u201c und diese Module sorgen daf\u00fcr, dass die Leistung der angeschlossenen Solarmodule im besten Fall jeweils getrennt voneinander optimiert wird. Im Gegensatz zur ersten Solarbank-Generation, die hierbei nur jeweils nur mehrere Module gemeinsam verarbeiten konnte, sollten dadurch zus\u00e4tzliche Leistungssteigerungen m\u00f6glich sein.<\/p>\n<p><a href=\"https:\/\/images.ifun.de\/wp-content\/uploads\/2024\/04\/anker-solix-Solarbank-2-Pro.jpg\"><img loading=\"lazy\" decoding=\"async\" src=\"https:\/\/images.ifun.de\/wp-content\/uploads\/2024\/04\/anker-solix-Solarbank-2-Pro-700x300.jpg\" alt=\"Anker Solix Solarbank 2 Pro\" width=\"700\" height=\"300\" class=\"alignnone size-large wp-image-231746\" srcset=\"https:\/\/images.ifun.de\/wp-content\/uploads\/2024\/04\/anker-solix-Solarbank-2-Pro-700x300.jpg 700w, https:\/\/images.ifun.de\/wp-content\/uploads\/2024\/04\/anker-solix-Solarbank-2-Pro-500x214.jpg 500w, https:\/\/images.ifun.de\/wp-content\/uploads\/2024\/04\/anker-solix-Solarbank-2-Pro-768x329.jpg 768w, https:\/\/images.ifun.de\/wp-content\/uploads\/2024\/04\/anker-solix-Solarbank-2-Pro.jpg 1400w\" sizes=\"auto, (max-width: 700px) 100vw, 700px\" \/><\/a><\/p>\n<h2>Auf bis zu 9,6 Kilowatt erweiterbar<\/h2>\n<p>Die neue SOLIX-Akkus von Anker bieten zudem zus\u00e4tzlichen Spielraum nach oben. Das Pro-Modell kann als erstes All-in-One-Balkonkraftwerk jetzt bis zu 2.400 Watt Modulleistung verarbeiten, bei der Plus-Variante werden bis zu 1.200 Watt unterst\u00fctzt. An jeden integrierten MPPT kann man dabei ein Modul anschlie\u00dfen, das bis zu 600 Watt Leistung bringt. \u201eAll-in-One\u201c sagt bereits aus, dass Anker den Wechselrichter nicht mehr als externes Ger\u00e4t anbietet, sondern jetzt direkt mit im Akku verbaut.<\/p>\n<p>Diese Leistungsobergrenzen liegen deutlich \u00fcber dem derzeit hierzulande gesetzlichen Rahmen. Wie bereits bei der ersten Generation der Solarbank von Anker der Fall sorgt auch hier der integrierte Wechselrichter daf\u00fcr, dass lediglich das gesetzlich erlaubte Maximum ans Hausnetz abgegeben wird, w\u00e4hrend der \u00fcbersch\u00fcssig produzierte Strom im Akku gespeichert wird und dann bei Bedarf abgegeben werden kann.<\/p>\n<p>Wenn entsprechend viel Modulleistung mit der Solarbank verbunden ist, l\u00e4sst sich der integrierte Speicher mithilfe von stapelbaren Zusatzbatterien erweitern. \u00c4hnlich wie die als \u201eLEGO\u201c bekannten Klemmbausteine kann man so bis zu f\u00fcnf zus\u00e4tzliche Erweiterungsakkus unter die Solarbank stellen und den integrierten Speicher auf maximal 9,6 Kilowattstunden erweitern.<\/p>\n<p><a href=\"https:\/\/images.ifun.de\/wp-content\/uploads\/2024\/04\/anker-solix-Solarbank-2-Pro-1.jpg\"><img loading=\"lazy\" decoding=\"async\" src=\"https:\/\/images.ifun.de\/wp-content\/uploads\/2024\/04\/anker-solix-Solarbank-2-Pro-1-700x207.jpg\" alt=\"Anker Solix Solarbank 2 Pro\" width=\"700\" height=\"207\" class=\"alignnone size-large wp-image-231750\" srcset=\"https:\/\/images.ifun.de\/wp-content\/uploads\/2024\/04\/anker-solix-Solarbank-2-Pro-1-700x207.jpg 700w, https:\/\/images.ifun.de\/wp-content\/uploads\/2024\/04\/anker-solix-Solarbank-2-Pro-1-500x148.jpg 500w, https:\/\/images.ifun.de\/wp-content\/uploads\/2024\/04\/anker-solix-Solarbank-2-Pro-1-768x227.jpg 768w, https:\/\/images.ifun.de\/wp-content\/uploads\/2024\/04\/anker-solix-Solarbank-2-Pro-1.jpg 1370w\" sizes=\"auto, (max-width: 700px) 100vw, 700px\" \/><\/a><\/p>\n<h2>Smart Meter steuert Leistungsabgabe bedarfsabh\u00e4ngig<\/h2>\n<p>Neu im Zusammenhang mit dem SOLIX-Programm von Anker ist auch das integrierte smarte Messsystem. Ein zugeh\u00f6riges Smart Meter kann im Sicherungskasten platziert werden und den Stromverbrauch des Haushalts in Echtzeit erfassen. Mit einer Reaktionszeit von maximal drei Sekunden kann das SOLIX-System dann auf den tats\u00e4chlichen Bedarf reagieren und die Stromabgabe ins Hausnetz darauf basierend steuern.<\/p>\n<p>Anker h\u00e4lt mit den Preisen f\u00fcr seine neuen SOLIX-Produkte noch hinter dem Berg, als Termin f\u00fcr den Verkaufsstart wird <a href=\"https:\/\/www.awin1.com\/cread.php?awinmid=32623&amp;awinaffid=399545&amp;ued=https%3A%2F%2Fwww.anker.com%2Feu-de%2Fanker-solix%2Fbalkonkraftwerk-mit-speicher-solarbank2-a17c1-bms\">der 22. Mai genannt<\/a>. Anker wirbt aber jetzt schon damit, dass man sich im Rahmen einer unverbindlichen Vorbestellung 22 Prozent Rabatt auf den offiziellen Preis sichern kann.<img loading=\"lazy\" decoding=\"async\" src=\"https:\/\/vg07.met.vgwort.de\/na\/1e2075ebf44e44a1941abe8883537de2\" width=\"1\" height=\"1\" no-lazy class=\"tracking\"><\/p>\n","protected":false},"excerpt":{"rendered":"<a href=\"https:\/\/www.ifun.de\/anker-solix-solarbank-2-balkonkraftwerk-akku-kommt-in-neuer-generation-231743\/\"><img width=\"150\" height=\"150\" src=\"https:\/\/images.ifun.de\/wp-content\/uploads\/2024\/04\/anker-solix-Solarbank-2-Pro-1-150x150.jpg\" class=\"alignright tfe wp-post-image\" alt=\"Anker Solix Solarbank 2 Pro\" decoding=\"async\" loading=\"lazy\" \/><\/a><p>Passend zur Jahreszeit und den l\u00e4nger werdenden Tagen hat Anker sein SOLIX-Setup erweitert. Mit den Modellen Solarbank 2 E1600 Plus und Solarbank 2 E1600 Pro hat der Hersteller zwei neue Akkus f\u00fcr Balkonkraftwerke im Programm, die sich auf den ersten Blick nur wenig vom Vorg\u00e4nger unterscheiden, in zentralen Bereichen aber willkommene Verbesserungen mit sich bringen. [&hellip;]<\/p>\n","protected":false},"author":2,"featured_media":231750,"comment_status":"open","ping_status":"closed","sticky":false,"template":"","format":"standard","meta":{"_acf_changed":false,"footnotes":""},"categories":[1],"tags":[137,2156,5890,6093],"class_list":["post-231743","post","type-post","status-publish","format-standard","has-post-thumbnail","hentry","category-news","tag-akku","tag-anker","tag-balkonkraftwerk","tag-solix"],"acf":[],"aioseo_notices":[],"featured_image":["https:\/\/images.ifun.de\/wp-content\/uploads\/2024\/04\/anker-solix-solarbank-2-feature.jpg"],"subheadline":["All-in-One und erweiterbar"],"rest_api_enabler":{"featured_image":"https:\/\/images.ifun.de\/wp-content\/uploads\/2024\/04\/anker-solix-solarbank-2-feature.jpg","subheadline":"All-in-One und erweiterbar"},"_links":{"self":[{"href":"https:\/\/www.ifun.de\/apiv2\/wp\/v2\/posts\/231743","targetHints":{"allow":["GET"]}}],"collection":[{"href":"https:\/\/www.ifun.de\/apiv2\/wp\/v2\/posts"}],"about":[{"href":"https:\/\/www.ifun.de\/apiv2\/wp\/v2\/types\/post"}],"author":[{"embeddable":true,"href":"https:\/\/www.ifun.de\/apiv2\/wp\/v2\/users\/2"}],"replies":[{"embeddable":true,"href":"https:\/\/www.ifun.de\/apiv2\/wp\/v2\/comments?post=231743"}],"version-history":[{"count":5,"href":"https:\/\/www.ifun.de\/apiv2\/wp\/v2\/posts\/231743\/revisions"}],"predecessor-version":[{"id":231754,"href":"https:\/\/www.ifun.de\/apiv2\/wp\/v2\/posts\/231743\/revisions\/231754"}],"wp:featuredmedia":[{"embeddable":true,"href":"https:\/\/www.ifun.de\/apiv2\/wp\/v2\/media\/231750"}],"wp:attachment":[{"href":"https:\/\/www.ifun.de\/apiv2\/wp\/v2\/media?parent=231743"}],"wp:term":[{"taxonomy":"category","embeddable":true,"href":"https:\/\/www.ifun.de\/apiv2\/wp\/v2\/categories?post=231743"},{"taxonomy":"post_tag","embeddable":true,"href":"https:\/\/www.ifun.de\/apiv2\/wp\/v2\/tags?post=231743"}],"curies":[{"name":"wp","href":"https:\/\/api.w.org\/{rel}","templated":true}]}}