{"id":231667,"date":"2024-04-26T08:30:11","date_gmt":"2024-04-26T06:30:11","guid":{"rendered":"https:\/\/www.ifun.de\/?p=231667"},"modified":"2024-05-05T11:33:39","modified_gmt":"2024-05-05T09:33:39","slug":"solarpaket-i-bundestag-stimmt-heute-ueber-photovoltaik-erleichterungen-ab","status":"publish","type":"post","link":"https:\/\/www.ifun.de\/solarpaket-i-bundestag-stimmt-heute-ueber-photovoltaik-erleichterungen-ab-231667\/","title":{"rendered":"Solarpaket I: Bundestag stimmt \u00fcber Photovoltaik-Erleichterungen ab"},"content":{"rendered":"<p>Der Bundestag wird heute \u00fcber den Gesetzentwurf der Bundesregierung zur \u00c4nderung des Erneuerbare-Energien-Gesetzes abstimmen &#8211; interessierte Anwender k\u00f6nnen die <a href=\"https:\/\/www.bundestag.de\/mediathek\/\">Live\u00fcbertragung zur Lesung ab 9:00 Uhr<\/a> auf der Webseite des Bundestages und in der offiziellen <a rel=\"noindex, nofollow\" href=\"http:\/\/www.ifun.de\/app\/387688942\">Bundestag-App<\/a> verfolgen.<\/p>\n<p><a href=\"https:\/\/images.ifun.de\/wp-content\/uploads\/2023\/02\/Anker-Solix-Premium-Balkonkraftwerk_7-scaled.jpg\"><img loading=\"lazy\" decoding=\"async\" class=\"aligncenter size-medium wp-image-204582\" src=\"https:\/\/images.ifun.de\/wp-content\/uploads\/2023\/02\/Anker-Solix-Premium-Balkonkraftwerk_7-500x323.jpg\" alt=\"Anker Solix Premium Balkonkraftwerk 7\" width=\"500\" height=\"323\" srcset=\"https:\/\/images.ifun.de\/wp-content\/uploads\/2023\/02\/Anker-Solix-Premium-Balkonkraftwerk_7-500x323.jpg 500w, https:\/\/images.ifun.de\/wp-content\/uploads\/2023\/02\/Anker-Solix-Premium-Balkonkraftwerk_7-700x452.jpg 700w, https:\/\/images.ifun.de\/wp-content\/uploads\/2023\/02\/Anker-Solix-Premium-Balkonkraftwerk_7-768x496.jpg 768w, https:\/\/images.ifun.de\/wp-content\/uploads\/2023\/02\/Anker-Solix-Premium-Balkonkraftwerk_7-1536x992.jpg 1536w, https:\/\/images.ifun.de\/wp-content\/uploads\/2023\/02\/Anker-Solix-Premium-Balkonkraftwerk_7-2048x1323.jpg 2048w\" sizes=\"auto, (max-width: 500px) 100vw, 500px\" \/><\/a><\/p>\n<p>Der Entwurf ist Teil des sogenannten Solarpakets I und zielt darauf ab, den Ausbau der Solaranlagen zur Energieerzeugung in Deutschland zu beschleunigen. Angestrebt wird, die Kapazit\u00e4t der Photovoltaik bis 2030 auf 215 Gigawatt zu erh\u00f6hen, was einer Verdreifachung des j\u00e4hrlichen Zubaus entspr\u00e4che. Dies soll mit einer Reihe von Vereinfachungen f\u00fcr Balkonkraftwerke, Aufdach- und Fl\u00e4chenanlagen erreicht werden.<\/p>\n<h2>Anmelde-Pflicht f\u00fcr Balkonkraftwerke f\u00e4llt<\/h2>\n<p>Die geplanten Ma\u00dfnahmen umfassen eine Vereinfachung der Planungs- und Zubauverfahren, die Abschaffung von b\u00fcrokratischen H\u00fcrden sowie eine etwa gleichgro\u00dfe Verteilung der neuen Kapazit\u00e4ten auf Dachfl\u00e4chen und Freifl\u00e4chen.<\/p>\n<p>Unter anderem soll auch die Installation von Balkonkraftwerken, die von Privathaushalten errichtet werden, vereinfacht werden. Geplant ist, dass die Anmeldung der Anlagen bei den Netzbetreibern komplett entf\u00e4llt.<\/p>\n<p><a href=\"https:\/\/images.ifun.de\/wp-content\/uploads\/2023\/03\/solarflow-large-balkon.jpg\"><img loading=\"lazy\" decoding=\"async\" class=\"aligncenter size-large wp-image-206073\" src=\"https:\/\/images.ifun.de\/wp-content\/uploads\/2023\/03\/solarflow-large-balkon-700x394.jpg\" alt=\"Solarflow Large Balkon\" width=\"700\" height=\"394\" srcset=\"https:\/\/images.ifun.de\/wp-content\/uploads\/2023\/03\/solarflow-large-balkon-700x394.jpg 700w, https:\/\/images.ifun.de\/wp-content\/uploads\/2023\/03\/solarflow-large-balkon-500x281.jpg 500w, https:\/\/images.ifun.de\/wp-content\/uploads\/2023\/03\/solarflow-large-balkon-768x432.jpg 768w, https:\/\/images.ifun.de\/wp-content\/uploads\/2023\/03\/solarflow-large-balkon.jpg 1500w\" sizes=\"auto, (max-width: 700px) 100vw, 700px\" \/><\/a><\/p>\n<h2>200.000 neue Balkonkraftwerke j\u00e4hrlich<\/h2>\n<p>Das Bundesministerium f\u00fcr Wirtschaft und Klimaschutz geht davon aus, dass zuk\u00fcnftig mit einem Zubau von insgesamt 200.000 Balkonkraftwerken j\u00e4hrlich zu rechnen ist. Rund 90 Prozent d\u00fcrften dabei von Privatpersonen errichtet werden.<\/p>\n<p>Auch f\u00fcr Aufdachanlagen sind Erleichterungen geplant, unter anderem durch den Wegfall einiger b\u00fcrokratischer H\u00fcrden und eine Vereinfachung der Netzanschl\u00fcsse.<\/p>\n<p>Der Ausschuss f\u00fcr Klimaschutz und Energie hat bereits eine ge\u00e4nderte Fassung des Gesetzentwurfs gebilligt, die auch die F\u00f6rderung von Windkraft und Bioenergie einschlie\u00dft. Des Weiteren sollen die Anschlussbedingungen f\u00fcr Energieerzeuger bundesweit vereinheitlicht und die Direktvermarktung sowie die Weitergabe von Strom flexibilisiert werden.<\/p>\n<p><strong>PDF-Downloads: <\/strong><\/p>\n<ul>\n<li><a href=\"https:\/\/dserver.bundestag.de\/btd\/20\/086\/2008657.pdf\">\u00c4nderung des Erneuerbare-Energien-Gesetzes <\/a><\/li>\n<li><a href=\"https:\/\/dserver.bundestag.de\/btd\/20\/111\/2011180.pdf\">Beschlussempfehlung f\u00fcr Solarpaket I<\/a><\/li>\n<\/ul>\n<!-- WP-Appbox (Version: 4.5.12 \/\/ Store: appstore \/\/ ID: 387688942) -->\t<!-- app-link -->\n\t<div id=\"article-single-app-preview\">\n\t\t<div id=\"article-single-app-preview-header\">\n\t\t\t<span class=\"title\">Laden im App Store<\/span>\n\t\t<\/div>\n\t\t<div id=\"article-single-app-preview-content\">\n\t\t\t<div id=\"article-single-app-preview-img\"><img loading=\"lazy\" decoding=\"async\" src=\"\/\/is1-ssl.mzstatic.com\/image\/thumb\/PurpleSource211\/v4\/3d\/de\/73\/3dde73d7-c76a-a819-e89c-93fbb75d9946\/Placeholder.mill\/200x200bb-75.png\" alt=\"Deutscher Bundestag\"  height=\"72\" width=\"72\" class=\"asl-icon-img\" \/><\/div>\n\t\t\t<div id=\"article-single-app-preview-desc\">\n\t\t\t\t<span class=\"name\">Deutscher Bundestag<\/span><br \/>\n\t\t\t\t<span class=\"seller\">Entwickler: <a target=\"_blank\" rel=\"nofollow\" href=\"https:\/\/apps.apple.com\/de\/developer\/deutscher-bundestag\/id1523835590\">Deutscher Bundestag<\/a><\/span>\n\t\t\t<\/div>\n\t\t\t<a target=\"_blank\" rel=\"nofollow\" href=\"https:\/\/apps.apple.com\/de\/app\/deutscher-bundestag\/id387688942\"><div id=\"article-single-app-preview-download\">Preis: Kostenlos<br \/>\n\t\t\t<span class=\"size\">Laden<\/span><\/div><\/a>\n\t\t<\/div>\n\t\t<!-- <div id=\"article-single-app-preview-footer\"><\/div>\t-->\n\t<\/div>\n\t<!-- app-link\/ende --><!-- \/WP-Appbox -->\n<p><img loading=\"lazy\" decoding=\"async\" src=\"https:\/\/vg02.met.vgwort.de\/na\/6a2bde4a8d3c4f13868397782e50ad85\" width=\"1\" height=\"1\" no-lazy class=\"tracking\"><\/p>\n","protected":false},"excerpt":{"rendered":"<a href=\"https:\/\/www.ifun.de\/solarpaket-i-bundestag-stimmt-heute-ueber-photovoltaik-erleichterungen-ab-231667\/\"><img decoding=\"async\" width=\"150\" src=\"https:\/\/images.ifun.de\/wp-content\/uploads\/2023\/02\/Anker-Solix-Premium-Balkonkraftwerk_7-500x323.jpg\" class=\"alignright wp-post-image tfe\" alt=\"Anker Solix Premium Balkonkraftwerk 7\" title=\"\" \/><\/a><p>Der Bundestag wird heute \u00fcber den Gesetzentwurf der Bundesregierung zur \u00c4nderung des Erneuerbare-Energien-Gesetzes abstimmen &#8211; interessierte Anwender k\u00f6nnen die Live\u00fcbertragung zur Lesung ab 9:00 Uhr auf der Webseite des Bundestages und in der offiziellen Bundestag-App verfolgen. Der Entwurf ist Teil des sogenannten Solarpakets I und zielt darauf ab, den Ausbau der Solaranlagen zur Energieerzeugung in [&hellip;]<\/p>\n","protected":false},"author":1,"featured_media":0,"comment_status":"open","ping_status":"closed","sticky":false,"template":"","format":"standard","meta":{"_acf_changed":false,"footnotes":""},"categories":[1,1783],"tags":[5890,811],"class_list":["post-231667","post","type-post","status-publish","format-standard","hentry","category-news","category-feature","tag-balkonkraftwerk","tag-bundestag"],"acf":[],"aioseo_notices":[],"featured_image":["https:\/\/images.ifun.de\/wp-content\/uploads\/2023\/05\/balkon-solarkraftwerk.jpg"],"subheadline":["F\u00fcr Balkonkraftwerke, Aufdach- und Fl\u00e4chenanlagen"],"rest_api_enabler":{"featured_image":"https:\/\/images.ifun.de\/wp-content\/uploads\/2023\/05\/balkon-solarkraftwerk.jpg","subheadline":"F\u00fcr Balkonkraftwerke, Aufdach- und Fl\u00e4chenanlagen"},"_links":{"self":[{"href":"https:\/\/www.ifun.de\/apiv2\/wp\/v2\/posts\/231667","targetHints":{"allow":["GET"]}}],"collection":[{"href":"https:\/\/www.ifun.de\/apiv2\/wp\/v2\/posts"}],"about":[{"href":"https:\/\/www.ifun.de\/apiv2\/wp\/v2\/types\/post"}],"author":[{"embeddable":true,"href":"https:\/\/www.ifun.de\/apiv2\/wp\/v2\/users\/1"}],"replies":[{"embeddable":true,"href":"https:\/\/www.ifun.de\/apiv2\/wp\/v2\/comments?post=231667"}],"version-history":[{"count":2,"href":"https:\/\/www.ifun.de\/apiv2\/wp\/v2\/posts\/231667\/revisions"}],"predecessor-version":[{"id":231671,"href":"https:\/\/www.ifun.de\/apiv2\/wp\/v2\/posts\/231667\/revisions\/231671"}],"wp:attachment":[{"href":"https:\/\/www.ifun.de\/apiv2\/wp\/v2\/media?parent=231667"}],"wp:term":[{"taxonomy":"category","embeddable":true,"href":"https:\/\/www.ifun.de\/apiv2\/wp\/v2\/categories?post=231667"},{"taxonomy":"post_tag","embeddable":true,"href":"https:\/\/www.ifun.de\/apiv2\/wp\/v2\/tags?post=231667"}],"curies":[{"name":"wp","href":"https:\/\/api.w.org\/{rel}","templated":true}]}}