{"id":23116,"date":"2012-03-14T11:58:58","date_gmt":"2012-03-14T10:58:58","guid":{"rendered":"http:\/\/www.ifun.de\/?p=23116"},"modified":"2012-03-15T06:49:05","modified_gmt":"2012-03-15T05:49:05","slug":"kurz-abgehakt-ipad-verkauf-in-apple-stores-ab-8-uhr-veranstaltungs-tipps-fur-den-store-am-hamburger-jungfernstieg","status":"publish","type":"post","link":"https:\/\/www.ifun.de\/kurz-abgehakt-ipad-verkauf-in-apple-stores-ab-8-uhr-veranstaltungs-tipps-fur-den-store-am-hamburger-jungfernstieg-23116\/","title":{"rendered":"Update: iPad-Verkauf &#8211; Apple Stores \u00f6ffnen um 8 Uhr"},"content":{"rendered":"<p><strong>Update<\/strong>: ifun.de gegen\u00fcber hat Apple den Verkaufsstart inzwischen offiziell best\u00e4tigt. Der Ladenverkauf startet am Freitag den 16. M\u00e4rz um 8.00 Uhr lokaler Zeit in <a href=\"http:\/\/www.apple.com\/de\/retail\/\">den Apple Retail Stores<\/a> und dem <a href=\"http:\/\/clk.tradedoubler.com\/click?p=3469&#038;a=747172&#038;g=17982018&#038;url=http:\/\/store.apple.com\/de\/go\/ipad\">Apple Online Store<\/a> unter anderem in Deutschland, Schweiz und den USA. <\/p>\n<p>Allen Kunden, die ein neues iPad in einem Apple Retail Store kaufen wird der kostenlose Service Personal Setup angeboten, welcher ihnen dabei hilft ihr iPad individuell einzurichten; sei es mit ihrer E-Mail-Adresse, neuen Apps aus dem App Store und vielem mehr, damit alles auf ihrem iPad funktioniert, wenn sie den Laden verlassen.<\/p>\n<p><img loading=\"lazy\" decoding=\"async\" src=\"http:\/\/images.ifun.de\/wp-content\/uploads\/2012\/03\/retail.jpg\" alt=\"\" title=\"retail\" width=\"464\" height=\"163\" class=\"aligncenter size-full wp-image-23131\" srcset=\"https:\/\/images.ifun.de\/wp-content\/uploads\/2012\/03\/retail.jpg 464w, https:\/\/images.ifun.de\/wp-content\/uploads\/2012\/03\/retail-300x105.jpg 300w\" sizes=\"auto, (max-width: 464px) 100vw, 464px\" \/><\/p>\n<hr \/>\n<ul>\n<li>Die <a href=\"http:\/\/www.apple.com\/de\/retail\/\">deutschen Apple Retail Stores<\/a> bereiten sich bereits flei\u00dfig auf den Verkaufsstart des iPad vor. Auch wenn dies bislang nicht offiziell best\u00e4tigt wurde, gehen wir davon aus, dass alle acht L\u00e4den am Freitag bereits um 8 Uhr \u00f6ffnen. Laut unseren Informationen wurden die Mitarbeiter zumindest teilweise bereits \u00fcber diesen Umstand informiert, wir rechnen mit einem \u00e4hnlich gro\u00dfen Andrang wie zuletzt beim <a href=\"http:\/\/www.ifun.de\/ipad-2-verkaufsstart-schickt-uns-eure-fotos-aus-der-schlange-10965\/\">Verkaufsstart des iPad 2<\/a> im M\u00e4rz vergangenen Jahres.<\/li>\n<\/ul>\n<p><!--more--><br \/>\n<em>Passend zum Thema noch zwei Veranstaltungshinweise f\u00fcr den <a href=\"http:\/\/www.apple.com\/de\/retail\/jungfernstieg\/\">Apple Store am Hamburger Jungfernstieg:<\/a><\/em><\/p>\n<ul>\n<li>Dort gibt morgen (15. M\u00e4rz) um 15 Uhr das d\u00e4nische Pop-Duo <a href=\"http:\/\/www.myspace.com\/darknessfallsmusic\">Darkness Falls<\/a> ein Livekonzert. Die beiden M\u00e4dchen haben sich urspr\u00fcnglich in einer Ska-Band kennen gelernt und sind mit ihrem aktuellen Album &#8222;<a href=\"http:\/\/itunes.apple.com\/de\/album\/alive-in-us\/id468430140&#038;partnerId=2003\">Alive in us<\/a>&#8220; im iTunes Store vertreten.<\/li>\n<li>Am 27. M\u00e4rz er\u00f6ffnet Sternekoch Johann Lafer im Hamburger Store dann die Veranstaltungsreihe &#8222;Triff den Koch&#8220;. Ab 20 Uhr pr\u00e4sentiert Lafer dort seine neue App &#8222;<a rel=\"noindex, nofollow\" href=\"http:\/\/www.ifun.de\/app\/505874478\">Lafers Heimatrezepte<\/a>&#8220; (2,39 Euro), nach der Pr\u00e4sentation der App und einer moderierten Fragestunde kann man sich von der Qualit\u00e4t der Rezepte selbst \u00fcberzeugen: eine Auswahl an kleinen Gaumenfreuden steht direkt vor Ort zum Probieren bereit.<\/li>\n<\/ul>\n","protected":false},"excerpt":{"rendered":"<a href=\"https:\/\/www.ifun.de\/kurz-abgehakt-ipad-verkauf-in-apple-stores-ab-8-uhr-veranstaltungs-tipps-fur-den-store-am-hamburger-jungfernstieg-23116\/\"><img width=\"150\" height=\"150\" src=\"https:\/\/images.ifun.de\/wp-content\/uploads\/2012\/03\/retail-150x150.jpg\" class=\"alignright tfe wp-post-image\" alt=\"\" decoding=\"async\" loading=\"lazy\" \/><\/a><p>iPad-Verkauf:<br \/>\nApple Stores \u00f6ffnen<br \/>\nam Freitag bereits um 8 Uhr<\/p>\n","protected":false},"author":2,"featured_media":23131,"comment_status":"open","ping_status":"closed","sticky":false,"template":"","format":"standard","meta":{"_acf_changed":false,"footnotes":""},"categories":[3,19],"tags":[49,294,4740,1059,1060],"class_list":["post-23116","post","type-post","status-publish","format-standard","has-post-thumbnail","hentry","category-apple","category-topnews","tag-apple-store","tag-hamburg","tag-ipad","tag-jungfernstieg","tag-verkauf"],"acf":[],"aioseo_notices":[],"rest_api_enabler":[],"_links":{"self":[{"href":"https:\/\/www.ifun.de\/apiv2\/wp\/v2\/posts\/23116","targetHints":{"allow":["GET"]}}],"collection":[{"href":"https:\/\/www.ifun.de\/apiv2\/wp\/v2\/posts"}],"about":[{"href":"https:\/\/www.ifun.de\/apiv2\/wp\/v2\/types\/post"}],"author":[{"embeddable":true,"href":"https:\/\/www.ifun.de\/apiv2\/wp\/v2\/users\/2"}],"replies":[{"embeddable":true,"href":"https:\/\/www.ifun.de\/apiv2\/wp\/v2\/comments?post=23116"}],"version-history":[{"count":16,"href":"https:\/\/www.ifun.de\/apiv2\/wp\/v2\/posts\/23116\/revisions"}],"predecessor-version":[{"id":23187,"href":"https:\/\/www.ifun.de\/apiv2\/wp\/v2\/posts\/23116\/revisions\/23187"}],"wp:featuredmedia":[{"embeddable":true,"href":"https:\/\/www.ifun.de\/apiv2\/wp\/v2\/media\/23131"}],"wp:attachment":[{"href":"https:\/\/www.ifun.de\/apiv2\/wp\/v2\/media?parent=23116"}],"wp:term":[{"taxonomy":"category","embeddable":true,"href":"https:\/\/www.ifun.de\/apiv2\/wp\/v2\/categories?post=23116"},{"taxonomy":"post_tag","embeddable":true,"href":"https:\/\/www.ifun.de\/apiv2\/wp\/v2\/tags?post=23116"}],"curies":[{"name":"wp","href":"https:\/\/api.w.org\/{rel}","templated":true}]}}