{"id":23027,"date":"2012-03-12T09:39:40","date_gmt":"2012-03-12T08:39:40","guid":{"rendered":"http:\/\/www.ifun.de\/?p=23027"},"modified":"2012-03-12T09:51:47","modified_gmt":"2012-03-12T08:51:47","slug":"ipad-verkaufsstart-nicht-verschoben","status":"publish","type":"post","link":"https:\/\/www.ifun.de\/ipad-verkaufsstart-nicht-verschoben-23027\/","title":{"rendered":"Zeitungsberichte zu verschobener Auslieferung falsch: iPad-Verkaufsstart wie geplant diesen Freitag"},"content":{"rendered":"<p><img loading=\"lazy\" decoding=\"async\" src=\"http:\/\/images.ifun.de\/wp-content\/uploads\/2012\/03\/ipad1.jpg\" alt=\"\" title=\"ipad\" width=\"110\" height=\"103\" class=\"alignright size-full wp-image-23028\" \/>Verschiedene Tageszeitungen berichten heute sowohl in ihren Druckausgaben als auch online, dass Apple die Auslieferung des neuen iPads verschoben habe und die Ger\u00e4te statt an diesem Freitag nun erst am Montag, dem 19. M\u00e4rz ausgelieferten w\u00fcrden.<\/p>\n<p>V\u00f6lliger Quatsch. Den Berichten liegt offenbar eine Fehlinterpretation der Wartezeiten im <a href=\"http:\/\/clk.tradedoubler.com\/click?p=3469&#038;a=747172&#038;g=17982018&#038;url=http:\/\/store.apple.com\/de\/go\/ipad\">Apple Online-Store<\/a> zugrunde. Hier sorgt das gro\u00dfe Interesse am neuen iPad inzwischen f\u00fcr Wartezeiten von 2 bis 3 Wochen (<a href=\"http:\/\/www.ifun.de\/neues-ipad-ausverkauft-wartezeit-online-store-23018\/\">wir berichteten<\/a>), bereits letzte Woche musste Apple aufgrund der starken Nachfrage die Angaben zur Versandzeit f\u00fcr Neubesteller mehrmals verschieben.<\/p>\n<p>Die Auslieferung der Erstbestellungen l\u00e4uft weiter nach Plan, dies wurde ifun.de auch so von Apple best\u00e4tigt. Ebenso werden am Freitag in den <a href=\"http:\/\/www.apple.com\/de\/retail\/ipad\/\">offiziellen Apple-Ladengesch\u00e4ften<\/a> wie auch bei autorisierten Apple-Vertriebspartnern Ger\u00e4te f\u00fcr den direkten Verkauf vorr\u00e4tig sein &#8211; hier d\u00fcrfte es allerdings zu Engp\u00e4ssen im Laufe des Tages kommen, ebenso ist insbesondere vor den Apple Stores mit l\u00e4ngeren Warteschlangen zu rechnen.<\/p>\n","protected":false},"excerpt":{"rendered":"<a href=\"https:\/\/www.ifun.de\/ipad-verkaufsstart-nicht-verschoben-23027\/\"><img width=\"110\" height=\"103\" src=\"https:\/\/images.ifun.de\/wp-content\/uploads\/2012\/03\/ipad1.jpg\" class=\"alignright tfe wp-post-image\" alt=\"\" decoding=\"async\" loading=\"lazy\" \/><\/a><p>Verschiedene Tageszeitungen berichten heute sowohl in ihren Druckausgaben als auch online, dass Apple die Auslieferung des neuen iPads verschoben habe und die Ger\u00e4te statt an diesem Freitag nun erst am Montag, dem 19. M\u00e4rz ausgelieferten w\u00fcrden. V\u00f6lliger Quatsch. Den Berichten liegt offenbar eine Fehlinterpretation der Wartezeiten im Apple Online-Store zugrunde. Hier sorgt das gro\u00dfe Interesse [&hellip;]<\/p>\n","protected":false},"author":2,"featured_media":23028,"comment_status":"open","ping_status":"closed","sticky":false,"template":"","format":"standard","meta":{"_acf_changed":false,"footnotes":""},"categories":[10],"tags":[4740,994],"class_list":["post-23027","post","type-post","status-publish","format-standard","has-post-thumbnail","hentry","category-ipad","tag-ipad","tag-verkaufsstart"],"acf":[],"aioseo_notices":[],"rest_api_enabler":[],"_links":{"self":[{"href":"https:\/\/www.ifun.de\/apiv2\/wp\/v2\/posts\/23027","targetHints":{"allow":["GET"]}}],"collection":[{"href":"https:\/\/www.ifun.de\/apiv2\/wp\/v2\/posts"}],"about":[{"href":"https:\/\/www.ifun.de\/apiv2\/wp\/v2\/types\/post"}],"author":[{"embeddable":true,"href":"https:\/\/www.ifun.de\/apiv2\/wp\/v2\/users\/2"}],"replies":[{"embeddable":true,"href":"https:\/\/www.ifun.de\/apiv2\/wp\/v2\/comments?post=23027"}],"version-history":[{"count":3,"href":"https:\/\/www.ifun.de\/apiv2\/wp\/v2\/posts\/23027\/revisions"}],"predecessor-version":[{"id":23031,"href":"https:\/\/www.ifun.de\/apiv2\/wp\/v2\/posts\/23027\/revisions\/23031"}],"wp:featuredmedia":[{"embeddable":true,"href":"https:\/\/www.ifun.de\/apiv2\/wp\/v2\/media\/23028"}],"wp:attachment":[{"href":"https:\/\/www.ifun.de\/apiv2\/wp\/v2\/media?parent=23027"}],"wp:term":[{"taxonomy":"category","embeddable":true,"href":"https:\/\/www.ifun.de\/apiv2\/wp\/v2\/categories?post=23027"},{"taxonomy":"post_tag","embeddable":true,"href":"https:\/\/www.ifun.de\/apiv2\/wp\/v2\/tags?post=23027"}],"curies":[{"name":"wp","href":"https:\/\/api.w.org\/{rel}","templated":true}]}}